{"id":193027,"date":"2026-01-08T04:41:08","date_gmt":"2026-01-08T04:41:08","guid":{"rendered":"https:\/\/www.europesays.com\/pl\/193027\/"},"modified":"2026-01-08T04:41:08","modified_gmt":"2026-01-08T04:41:08","slug":"mecz-fc-barcelony-zakonczony-potezna-demolka","status":"publish","type":"post","link":"https:\/\/www.europesays.com\/pl\/193027\/","title":{"rendered":"mecz FC Barcelony zako\u0144czony pot\u0119\u017cn\u0105 demolk\u0105"},"content":{"rendered":"\n<p class=\"contentpart contentpart--default contentpart--text\" data-position=\"0\">Podobnie jak w ostatnich latach, tak i teraz rywalizacja o Superpuchar Hiszpanii toczy si\u0119 w Arabii Saudyjskiej. W Jeddah w pierwszym p\u00f3\u0142finale mistrz kraju i zdobywca Pucharu Kr\u00f3la FC Barcelona walczy\u0142 z 4. dru\u017cyn\u0105 poprzedniego sezonu, uczestnikiem Ligi Mistrz\u00f3w, Athletikiem Bilbao.<\/p>\n<p class=\"contentpart contentpart--default contentpart--text\" data-position=\"1\">Hansi Flick kolejny raz nie postawi\u0142 na Polak\u00f3w w wyj\u015bciowej jedenastce. Rola rezerwowego w przypadku Wojciecha Szcz\u0119snego oczywi\u015bcie nie zaskakiwa\u0142a. Po ostatnim golu <a href=\"https:\/\/sportowefakty.wp.pl\/pilka-nozna\/robert-lewandowski\" rel=\"nofollow noopener\" target=\"_blank\">Roberta Lewandowskiego<\/a>\u00a0mo\u017cna by\u0142o mie\u0107 nadziej\u0119, \u017ce kapitan reprezentacji Polski zagra od pierwszej minuty. Tak si\u0119 nie sta\u0142o.<\/p>\n<p> <img role=\"presentation\" src=\"https:\/\/std.wpcdn.pl\/images\/adv\/placeholder_wp.svg\" loading=\"lazy\" alt=\"\" decoding=\"async\"\/>  <\/p>\n<p class=\"contentpart contentpart--default contentpart--text\" data-position=\"2\">W wyj\u015bciowym sk\u0142adzie pojawi\u0142 si\u0119 <a href=\"https:\/\/sportowefakty.wp.pl\/pilka-nozna\/ferran-torres\" rel=\"nofollow noopener\" target=\"_blank\">Ferran Torres<\/a>, kt\u00f3ry otworzy\u0142 wynik gry. Athletic wprawdzie rozpocz\u0105\u0142 ambitnie, stara\u0142 si\u0119 atakowa\u0107. Blaugrana szybko sytuacj\u0119 opanowa\u0142a i od 22. minuty rozpocz\u0119\u0142a strzelanie.<\/p>\n<p class=\"contentpart contentpart--default contentpart--text\" data-position=\"3\">W\u00f3wczas\u00a0Fermin Lopez uderza\u0142 z pola karnego, ale skiksowa\u0142. Pi\u0142ka spad\u0142a pod nogi Ferrana Torresa, a ten z kilku metr\u00f3w uderzy\u0142 do siatki. Snajper Barcelony \u017ale trafi\u0142 w pi\u0142k\u0119, ale ta i tak znalaz\u0142a si\u0119 w siatce.<\/p>\n<p class=\"contentpart contentpart--default contentpart--text\" data-position=\"4\">ZOBACZ WIDEO: Fabia\u0144ski szczerze o swojej przysz\u0142o\u015bci. &#8222;Czas wygasza\u0107 ten ogie\u0144&#8221;<\/p>\n<p class=\"contentpart contentpart--default contentpart--text\" data-position=\"6\">Po dw\u00f3ch kwadransach gry dru\u017cyna Flicka trafi\u0142a po raz drugi.\u00a0Raphinha ruszy\u0142 lew\u0105 stron\u0105, zagra\u0142 w pole karne do nadbiegaj\u0105cego Fermina Lopeza, a ten hukn\u0105\u0142 pod poprzeczk\u0119! Min\u0119\u0142y cztery minuty, kiedy z pola karnego p\u0142asko uderzy\u0142\u00a0Roony Bardghji. Nie popisa\u0142 si\u0119 Unai Simon przepuszczaj\u0105c strza\u0142 wydawa\u0142oby si\u0119, \u017ce do\u015b\u0107 prosty do obrony .<\/p>\n<p> <img role=\"presentation\" src=\"https:\/\/std.wpcdn.pl\/images\/adv\/placeholder_wp.svg\" loading=\"lazy\" alt=\"\" decoding=\"async\"\/>  <\/p>\n<p class=\"contentpart contentpart--default contentpart--text\" data-position=\"7\">Barcelona prowadz\u0105c 3:0 nie zamierza\u0142a zatrzymywa\u0107 si\u0119. Rywal by\u0142 bezradny i zosta\u0142 trafiony po raz czwarty.\u00a0Raphinha uderzy\u0142 z lewej strony z okolic pola bramkowego pod poprzeczk\u0119! Simon nie by\u0142 w stanie nic zdzia\u0142a\u0107 przy tym przepi\u0119knym strzale.<\/p>\n<p class=\"contentpart contentpart--default contentpart--text\" data-position=\"8\">Kilkadziesi\u0105t sekund p\u00f3\u017aniej bramkarz z Bilbao w ko\u0144cu uratowa\u0142 zesp\u00f3\u0142, kiedy wybi\u0142 na rzut ro\u017cny uderzenie g\u0142ow\u0105&#8230; w\u0142asnego obro\u0144cy Daniego Viviana. Przed przerw\u0105 Athletic m\u00f3g\u0142 uratowa\u0107 honor. W 42. minucie mocny strza\u0142 Oihana Sanceta zatrzyma\u0142 si\u0119 na s\u0142upku.<\/p>\n<p class=\"contentpart contentpart--default contentpart--text\" data-position=\"9\">Po zmianie stron Barcelona potrzebowa\u0142a pi\u0119ciu minut, aby trafi\u0107 po raz pi\u0105ty. W zamieszaniu kilka uderze\u0144 graczy Blaugrany by\u0142o blokowanych. W ko\u0144cu do pi\u0142ki dopad\u0142 Raphinha i mocnym strza\u0142em wpakowa\u0142 pi\u0142k\u0119 do siatki.<\/p>\n<p class=\"contentpart contentpart--default contentpart--text\" data-position=\"10\">Athletic stara\u0142 si\u0119 uratowa\u0107 honor. Graczom z Bilbao niewiele wychodzi\u0142o. W 57. minucie w dobrej sytuacji znalaz\u0142 si\u0119\u00a0Alejandro Berenguer, ale w \u015bwietnej sytuacji przestrzeli\u0142.<\/p>\n<p> <img role=\"presentation\" src=\"https:\/\/std.wpcdn.pl\/images\/adv\/placeholder_wp.svg\" loading=\"lazy\" alt=\"\" decoding=\"async\"\/>  <\/p>\n<p class=\"contentpart contentpart--default contentpart--text\" data-position=\"11\">Po seriach zmian w obu dru\u017cynach mistrzowie Hiszpanii zwolnili tempo i zacz\u0119li oszcz\u0119dza\u0107 si\u0142y przed niedzielnym fina\u0142em. Robert Lewandowski ostatecznie na boisku si\u0119 nie pojawi\u0142. Obie dru\u017cyny komplet zmian wykorzysta\u0142y ju\u017c odpowiednio w 72. i 61. minucie.<\/p>\n<p class=\"contentpart contentpart--default contentpart--text\" data-position=\"12\">W ko\u0144cowych minutach Athletic m\u00f3g\u0142 uratowa\u0107 honor. W 78. minucie\u00a0Unai Gomez w sytuacji sam na sam z bramkarzem uderzy\u0142 obok Joana Garcii, ale tak\u017ce obok s\u0142upka. Korzystniejszej okazji dru\u017cyna z Kraju Bask\u00f3w ju\u017c sobie nie wykreowa\u0142a.<\/p>\n<p class=\"contentpart contentpart--default contentpart--text\" data-position=\"13\">FC Barcelona fina\u0142owego rywala pozna w czwartek po starciu Atletico Madryt z Realem Madryt.<\/p>\n<p class=\"contentpart contentpart--default contentpart--text\" data-position=\"14\"><a href=\"https:\/\/sportowefakty.wp.pl\/pilka-nozna\/fc-barcelona\" rel=\"nofollow noopener\" target=\"_blank\">FC Barcelona<\/a>\u00a0&#8211; <a href=\"https:\/\/sportowefakty.wp.pl\/pilka-nozna\/athletic-bilbao\" rel=\"nofollow noopener\" target=\"_blank\">Athletic Bilbao<\/a>\u00a05:0 (4:0)<br \/>1:0 &#8211;\u00a0Ferran Torres 22&#8242;<br \/>2:0 &#8211; Raphinha 30&#8242;<br \/>3:0 &#8211;\u00a0Roony Bardghji 34&#8242;<br \/>4:0 &#8211; Raphinha 38&#8242;<br \/>5:0 &#8211;\u00a0Raphinha 50&#8242;<\/p>\n<p> <img role=\"presentation\" src=\"https:\/\/std.wpcdn.pl\/images\/adv\/placeholder_wp.svg\" loading=\"lazy\" alt=\"\" decoding=\"async\"\/>  <\/p>\n<p class=\"contentpart contentpart--default contentpart--text\" data-position=\"15\">Sk\u0142ady:<\/p>\n<p class=\"contentpart contentpart--default contentpart--text\" data-position=\"16\">FC Barcelona: Joan Garcia &#8211; Jules Kounde, Pau Cubarsi, Eric Garcia, Alex Balde (64&#8242; Gerard Martin) &#8211; Pedri (72&#8242; Dani Olmo), Frenkie de Jong (64&#8242; Marc Bernal) &#8211; Roony Bardghji (72&#8242; Lamine Yamal), Fermin Lopez, Raphinha (64&#8242; Marcus Rashford) &#8211; Ferran Torres.<\/p>\n<p class=\"contentpart contentpart--default contentpart--text\" data-position=\"17\">Athletic Bilbao:\u00a0Unai Simon &#8211; Jesus Areso, Dani Vivian,\u00a0Aitor Paredes,\u00a0Adama Boiro (57&#8242; Inigo Lekue) &#8211; Mikel Jauregizar,\u00a0Alejandro Rego (61&#8242; Selton Sanchez) &#8211;\u00a0Alejandro Berenguer, Oihan Sancet (54&#8242; I. Ruiz de Galarreta),\u00a0Robert Navarro (54&#8242;\u00a0Gorka Guruzeta)\u00a0&#8211;\u00a0Inaki Williams (54&#8242; Unai Gomez).<\/p>\n<p class=\"contentpart contentpart--default contentpart--text\" data-position=\"18\">S\u0119dzia:\u00a0Isidro Diaz.<\/p>\n","protected":false},"excerpt":{"rendered":"Podobnie jak w ostatnich latach, tak i teraz rywalizacja o Superpuchar Hiszpanii toczy si\u0119 w Arabii Saudyjskiej. W&hellip;\n","protected":false},"author":2,"featured_media":193028,"comment_status":"","ping_status":"","sticky":false,"template":"","format":"standard","meta":{"footnotes":""},"categories":[24],"tags":[7145,272,538,269,540,42,38,40,39,41,127,126,32826],"class_list":{"0":"post-193027","1":"post","2":"type-post","3":"status-publish","4":"format-standard","5":"has-post-thumbnail","7":"category-sport","8":"tag-athletic-bilbao","9":"tag-fc-barcelona","10":"tag-la-liga","11":"tag-pilka-nozna","12":"tag-pilka-nozna-w-hiszpanii","13":"tag-pl","14":"tag-poland","15":"tag-polish","16":"tag-polska","17":"tag-polski","18":"tag-sport","19":"tag-sports","20":"tag-superpuchar-hiszpanii"},"share_on_mastodon":{"url":"https:\/\/pubeurope.com\/@pl\/115857646120138473","error":""},"_links":{"self":[{"href":"https:\/\/www.europesays.com\/pl\/wp-json\/wp\/v2\/posts\/193027","targetHints":{"allow":["GET"]}}],"collection":[{"href":"https:\/\/www.europesays.com\/pl\/wp-json\/wp\/v2\/posts"}],"about":[{"href":"https:\/\/www.europesays.com\/pl\/wp-json\/wp\/v2\/types\/post"}],"author":[{"embeddable":true,"href":"https:\/\/www.europesays.com\/pl\/wp-json\/wp\/v2\/users\/2"}],"replies":[{"embeddable":true,"href":"https:\/\/www.europesays.com\/pl\/wp-json\/wp\/v2\/comments?post=193027"}],"version-history":[{"count":0,"href":"https:\/\/www.europesays.com\/pl\/wp-json\/wp\/v2\/posts\/193027\/revisions"}],"wp:featuredmedia":[{"embeddable":true,"href":"https:\/\/www.europesays.com\/pl\/wp-json\/wp\/v2\/media\/193028"}],"wp:attachment":[{"href":"https:\/\/www.europesays.com\/pl\/wp-json\/wp\/v2\/media?parent=193027"}],"wp:term":[{"taxonomy":"category","embeddable":true,"href":"https:\/\/www.europesays.com\/pl\/wp-json\/wp\/v2\/categories?post=193027"},{"taxonomy":"post_tag","embeddable":true,"href":"https:\/\/www.europesays.com\/pl\/wp-json\/wp\/v2\/tags?post=193027"}],"curies":[{"name":"wp","href":"https:\/\/api.w.org\/{rel}","templated":true}]}}