{"id":193054,"date":"2026-01-08T05:15:07","date_gmt":"2026-01-08T05:15:07","guid":{"rendered":"https:\/\/www.europesays.com\/pl\/193054\/"},"modified":"2026-01-08T05:15:07","modified_gmt":"2026-01-08T05:15:07","slug":"sikorski-apeluje-w-sprawie-grenlandii-chcialbym-poznac-stanowisko-kongresu-2","status":"publish","type":"post","link":"https:\/\/www.europesays.com\/pl\/193054\/","title":{"rendered":"Sikorski apeluje w sprawie Grenlandii. &#8222;Chcia\u0142bym pozna\u0107 stanowisko Kongresu&#8221;"},"content":{"rendered":"<p class=\"ods-c-paragraph \">\u2014 Kwestia terytori\u00f3w, wojny i pokoju nale\u017cy do kompetencji Kongresu Stan\u00f3w Zjednoczonych \u2014 powiedzia\u0142 w \u015brod\u0119 Rados\u0142aw Sikorski, przemawiaj\u0105c po <a href=\"https:\/\/www.onet.pl\/informacje\/onetwiadomosci\/wazne-rozmowy-w-paryzu-radoslaw-sikorski-mowi-o-machinie-wojennej-putina\/20vkxhd,79cfc278\" id=\"22e90c0a-49d5-4104-964d-d5c3f0f25011\" rel=\"nofollow noopener\" target=\"_blank\">spotkaniu z ministrami spraw zagranicznych Francji, Niemiec i Indii<\/a>. \u2014 Chc\u0119 wiedzie\u0107, jakie stanowisko zajmuje Kongres Stan\u00f3w Zjednoczonych w sprawie Grenlandii \u2014 oznajmi\u0142.<\/p>\n<p class=\"ods-c-paragraph \">W ostatnich dniach niekt\u00f3rzy ameryka\u0144scy prawodawcy zacz\u0119li sprzeciwia\u0107 si\u0119 <a href=\"https:\/\/www.onet.pl\/informacje\/onetwiadomosci\/premier-danii-ostrzega-trump-powaznie-mysli-o-przejeciu-grenlandii\/5s9w7xn,79cfc278\" id=\"85c57c32-5bd3-4617-a969-3eac610ca4c4\" rel=\"nofollow noopener\" target=\"_blank\">wezwaniom Trumpa do przej\u0119cia Grenlandii<\/a>. W poniedzia\u0142ek dwupartyjna grupa przedstawicieli USA wyda\u0142a o\u015bwiadczenie, w kt\u00f3rym stwierdzi\u0142a, \u017ce aneksja Grenlandii by\u0142aby &#8222;niebezpieczna&#8221; i mog\u0142aby wywo\u0142a\u0107 &#8222;wojn\u0119 domow\u0105&#8221; w\u015br\u00f3d cz\u0142onk\u00f3w NATO.<\/p>\n<p class=\"ods-c-paragraph \">W \u015brod\u0119 demokratyczny kongresman Ted Lieu ostrzeg\u0142: Nie ma \u017cadnego prawnego uzasadnienia dla u\u017cycia si\u0142y militarnej przeciwko sojusznikowi NATO, jakim jest Grenlandia. Je\u015bli jakikolwiek cz\u0142onek si\u0142 zbrojnych we\u017amie w tym udzia\u0142 bez zgody Kongresu, b\u0119dzie wykonywa\u0142 nielegalne rozkazy.<\/p>\n<p class=\"ods-c-paragraph \">Sikorski przebywa\u0142 w Pary\u017cu z okazji wizyty indyjskiego ministra spraw zagranicznych Subrahmanyama Jaishankara, ale spotkanie z europejskimi odpowiednikami by\u0142o r\u00f3wnie\u017c okazj\u0105 do om\u00f3wienia kwestii Grenlandii.<\/p>\n<p>Dalszy ci\u0105g artyku\u0142u pod materia\u0142em wideo<\/p>\n<p> Jakie stanowisko zajmuje Kongres USA w sprawie Grenlandii? <\/p>\n<p> Co powiedzia\u0142 Rados\u0142aw Sikorski po spotkaniu z europejskimi ministrami? <\/p>\n<p> Jakie zagro\u017cenia zwi\u0105zane z Grenlandi\u0105 wskazali ameryka\u0144scy prawodawcy? <\/p>\n<p> Co omawiali europejscy ministrowie w Pary\u017cu dotycz\u0105cego Grenlandii? <\/p>\n<p>  Europa pracuje nad odpowiedzi\u0105. Rosn\u0105 emocje wok\u00f3\u0142 Grenlandii<\/p>\n<p class=\"ods-c-paragraph \">Francuski minister spraw zagranicznych Jean-No\u00ebl Barrot powiedzia\u0142, \u017ce trzej europejscy ministrowie om\u00f3wili <a href=\"https:\/\/www.onet.pl\/informacje\/onetwiadomosci\/twarda-odpowiedz-ue-na-grozby-usa-mamy-rozne-wizje-swiata\/mtyyqb6,79cfc278\" id=\"1e470493-b6e4-44e2-81b9-38203c7642de\" rel=\"nofollow noopener\" target=\"_blank\">wsp\u00f3ln\u0105 europejsk\u0105 odpowied\u017a na gro\u017aby Trumpa<\/a>, kt\u00f3ra &#8222;zosta\u0142a rozszerzona na wszystkich europejskich partner\u00f3w&#8221;.<\/p>\n<p class=\"ods-c-paragraph \">\u2014 Stawk\u0105 jest pytanie, w jaki spos\u00f3b Europa, Unia Europejska, mog\u0105 zosta\u0107 wzmocnione, aby powstrzyma\u0107 gro\u017aby i ataki na swoje bezpiecze\u0144stwo i interesy \u2014 powiedzia\u0142 Barrot.<\/p>\n<p class=\"ods-c-paragraph \">\u2014 Grenlandia nie jest na sprzeda\u017c i nie mo\u017cna jej przej\u0105\u0107. Czasy, kiedy mo\u017cna by\u0142o kupowa\u0107 i sprzedawa\u0107 Luizjan\u0119, min\u0119\u0142y, wi\u0119c gro\u017aby musz\u0105 si\u0119 sko\u0144czy\u0107 \u2014 doda\u0142, nawi\u0105zuj\u0105c do sprzeda\u017cy przez Francj\u0119 w 1803 r. rozleg\u0142ego terytorium Stanom Zjednoczonym za 15 mln dolar\u00f3w, co w efekcie podwoi\u0142o powierzchni\u0119 Ameryki, obejmuj\u0105c tereny od rzeki Missisipi po G\u00f3ry Skaliste.<\/p>\n<p class=\"ods-c-paragraph \">W ostatnich dniach <a href=\"https:\/\/wiadomosci.onet.pl\/swiat\/teraz-trump-ma-chrapke-na-grenlandie-trzy-scenariusze-najwieksze-zagrozenie\/tdncn3r\" id=\"9983633d-39c7-4e00-8e40-7f3a4e7b1c30\" rel=\"nofollow noopener\" target=\"_blank\">Trump ponowi\u0142 swoje roszczenia wobec Grenlandii<\/a> \u2014 samorz\u0105dnego terytorium du\u0144skiego \u2014 po oddzielnej operacji USA maj\u0105cej na celu schwytanie prezydenta Wenezueli Nicolasa Maduro, kt\u00f3ra mia\u0142a miejsce w ostatni weekend.<\/p>\n<p class=\"ods-c-paragraph \">We wtorek o\u015bmiu czo\u0142owych przyw\u00f3dc\u00f3w europejskich podkre\u015bli\u0142o, \u017ce bezpiecze\u0144stwo Grenlandii musi by\u0107 zapewnione wsp\u00f3lnie przez NATO, z pe\u0142nym poszanowaniem woli jej mieszka\u0144c\u00f3w.<\/p>\n<p class=\"ods-c-paragraph \">\u017baden z trzech ministr\u00f3w obecnych w Pary\u017cu nie powiedzia\u0142, jakie opcje s\u0105 rozwa\u017cane.<\/p>\n<p class=\"ods-c-paragraph \">Jednak urz\u0119dnicy w Berlinie poinformowali, \u017ce w \u015brod\u0119 trwa\u0142y rozmowy na temat sposob\u00f3w ochrony suwerenno\u015bci Grenlandii, po wtorkowych rozmowach na ten temat mi\u0119dzy przyw\u00f3dcami europejskimi a premier Danii Mette Frederiksen w Pary\u017cu.<\/p>\n<p class=\"ods-c-paragraph \">Niemiecki minister spraw zagranicznych Johann Wadephul wraz ze swoimi zagranicznymi odpowiednikami pracuje nad planem, kt\u00f3ry m\u00f3g\u0142by obejmowa\u0107 europejskie \u015brodki odstraszaj\u0105ce na wypadek, gdyby Stany Zjednoczone pr\u00f3bowa\u0142y zaatakowa\u0107 lub przej\u0105\u0107 Grenlandi\u0119, a tak\u017ce zwi\u0119kszon\u0105 obecno\u015b\u0107 NATO w bezpo\u015brednim s\u0105siedztwie Grenlandii \u2014 poinformowa\u0142 rzecznik niemieckiego rz\u0105du.<\/p>\n<p class=\"ods-c-paragraph \">W zesz\u0142ym roku, kiedy Trump zacz\u0105\u0142 powa\u017cnie porusza\u0107 kwesti\u0119 Grenlandii, francuski minister Jean-No\u00ebl Barrot nie wykluczy\u0142 wys\u0142ania francuskich \u017co\u0142nierzy na wysp\u0119.<\/p>\n","protected":false},"excerpt":{"rendered":"\u2014 Kwestia terytori\u00f3w, wojny i pokoju nale\u017cy do kompetencji Kongresu Stan\u00f3w Zjednoczonych \u2014 powiedzia\u0142 w \u015brod\u0119 Rados\u0142aw Sikorski,&hellip;\n","protected":false},"author":2,"featured_media":193055,"comment_status":"","ping_status":"","sticky":false,"template":"","format":"standard","meta":{"footnotes":""},"categories":[5],"tags":[32,33,44,36,37,9796,27,34,35,28,31,48,160,25,46,42,38,40,39,41,1118,47,80,29,30,26],"class_list":{"0":"post-193054","1":"post","2":"type-post","3":"status-publish","4":"format-standard","5":"has-post-thumbnail","7":"category-naglowki","8":"tag-breaking-news","9":"tag-breakingnews","10":"tag-donald_trump","11":"tag-featured-news","12":"tag-featurednews","13":"tag-grenlandia","14":"tag-headlines","15":"tag-latest-news","16":"tag-latestnews","17":"tag-naglowki","18":"tag-najwazniejsze-artykuly","19":"tag-nat_styl","20":"tag-nato","21":"tag-news","22":"tag-omp","23":"tag-pl","24":"tag-poland","25":"tag-polish","26":"tag-polska","27":"tag-polski","28":"tag-radoslaw_sikorski","29":"tag-screening_general","30":"tag-swiat","31":"tag-top-stories","32":"tag-topstories","33":"tag-wiadomosci"},"share_on_mastodon":{"url":"https:\/\/pubeurope.com\/@pl\/115857779848418471","error":""},"_links":{"self":[{"href":"https:\/\/www.europesays.com\/pl\/wp-json\/wp\/v2\/posts\/193054","targetHints":{"allow":["GET"]}}],"collection":[{"href":"https:\/\/www.europesays.com\/pl\/wp-json\/wp\/v2\/posts"}],"about":[{"href":"https:\/\/www.europesays.com\/pl\/wp-json\/wp\/v2\/types\/post"}],"author":[{"embeddable":true,"href":"https:\/\/www.europesays.com\/pl\/wp-json\/wp\/v2\/users\/2"}],"replies":[{"embeddable":true,"href":"https:\/\/www.europesays.com\/pl\/wp-json\/wp\/v2\/comments?post=193054"}],"version-history":[{"count":0,"href":"https:\/\/www.europesays.com\/pl\/wp-json\/wp\/v2\/posts\/193054\/revisions"}],"wp:featuredmedia":[{"embeddable":true,"href":"https:\/\/www.europesays.com\/pl\/wp-json\/wp\/v2\/media\/193055"}],"wp:attachment":[{"href":"https:\/\/www.europesays.com\/pl\/wp-json\/wp\/v2\/media?parent=193054"}],"wp:term":[{"taxonomy":"category","embeddable":true,"href":"https:\/\/www.europesays.com\/pl\/wp-json\/wp\/v2\/categories?post=193054"},{"taxonomy":"post_tag","embeddable":true,"href":"https:\/\/www.europesays.com\/pl\/wp-json\/wp\/v2\/tags?post=193054"}],"curies":[{"name":"wp","href":"https:\/\/api.w.org\/{rel}","templated":true}]}}