{"id":193118,"date":"2026-01-08T06:04:11","date_gmt":"2026-01-08T06:04:11","guid":{"rendered":"https:\/\/www.europesays.com\/pl\/193118\/"},"modified":"2026-01-08T06:04:11","modified_gmt":"2026-01-08T06:04:11","slug":"zajecie-tankowca-mariner-gen-jaroslaw-kraszewski-otwiera-sie-nowy-rozdzial","status":"publish","type":"post","link":"https:\/\/www.europesays.com\/pl\/193118\/","title":{"rendered":"Zaj\u0119cie tankowca Mariner. Gen. Jaros\u0142aw Kraszewski: Otwiera si\u0119 nowy rozdzia\u0142"},"content":{"rendered":"<ul class=\"typography ids-typeset-body ids-typeset-body--preset-large list ids-list ids-list--unordered ids-list--size-large \" datatype=\"disc\">\n<li class=\"ids-list-item\">\n<p>USA przej\u0119\u0142y rosyjski tankowiec Marinera na Atlantyku, co genera\u0142 Jaros\u0142aw Kraszewski uzna\u0142 za mo\u017cliwy pocz\u0105tek nowego rozdzia\u0142u w relacjach Waszyngtonu z Moskw\u0105.<\/p>\n<\/li>\n<li class=\"ids-list-item\">\n<p>Genera\u0142 uwa\u017ca, \u017ce bezpo\u015brednie starcie zbrojne jest ma\u0142o prawdopodobne, poniewa\u017c Rosja znalaz\u0142aby si\u0119 w trudnej sytuacji gospodarczej i finansowej.<\/p>\n<\/li>\n<li class=\"ids-list-item\">\n<p>Wed\u0142ug gen. Kraszewskiego Moskwy nie sta\u0107 na eskalacj\u0119 konfliktu w Ukrainie, a dzia\u0142ania USA maj\u0105 na celu odci\u0119cie Rosji od wsp\u00f3\u0142pracuj\u0105cych z ni\u0105 pa\u0144stw.<\/p>\n<\/li>\n<li class=\"ids-list-item\">Wi\u0119cej wa\u017cnych informacji znajdziesz na <a class=\"ids-undecorated-link link ids-link link\" href=\"https:\/\/www.interia.pl\/#utm_source=wydarzenia&amp;utm_medium=bullet&amp;utm_campaign=powrot_z_wew&amp;iwa_source=bullet\" target=\"_blank\" rel=\"nofollow noopener\">stronie g\u0142\u00f3wnej Interii<\/a><\/li>\n<\/ul>\n<p class=\"typography ids-typeset-body ids-typeset-body--preset-large link paragraph ids-paragraph ids-paragraph--default\">Stany Zjednoczone po raz pierwszy w historii przej\u0119\u0142y rosyjski statek &#8211; tankowiec Marinera (Bella-1), na kt\u00f3rego pok\u0142ad na Oceanie Atlantyckim wesz\u0142y ameryka\u0144skie si\u0142y zbrojne. Czy dzia\u0142anie to oznacza\u00a0nowy rozdzia\u0142 w historii stosunk\u00f3w ameryka\u0144sko-rosyjskich?<\/p>\n<p class=\"typography ids-typeset-body ids-typeset-body--preset-large link paragraph ids-paragraph ids-paragraph--default\">Genera\u0142 brygady WP Jaros\u0142aw Kraszewski, doktor nauk wojskowych, nie ma w\u0105tpliwo\u015bci, \u017ce tak.\u00a0&#8211; Jakby nie patrze\u0107, prezydent Trump wy\u0142o\u017cy\u0142 kilka propozycji, do kt\u00f3rych Putin ustosunkowa\u0142 si\u0119 tak, jak si\u0119 ustosunkowa\u0142, czyli generalnie wys\u0142ucha\u0142, zapomnia\u0142, wr\u00f3ci\u0142 do tego, co robi\u0142 &#8211; oceni\u0142 wojskowy, analizuj\u0105c wcze\u015bniejsze akty w relacjach przyw\u00f3dc\u00f3w.<\/p>\n<p>Gen. Jaros\u0142aw Kraszewski o akcji USA na Atlantyku<\/p>\n<p class=\"typography ids-typeset-body ids-typeset-body--preset-large link paragraph ids-paragraph ids-paragraph--default\">Gen. Kraszewski przypomnia\u0142 s\u0142owa ameryka\u0144skiego politologa\u00a0George&#8217;a Friedmana, kt\u00f3ry wskazywa\u0142, jakie okoliczno\u015bci mog\u0105 doprowadzi\u0107 do zapa\u015bci ekonomicznej w Rosji.<\/p>\n<p class=\"typography ids-typeset-body ids-typeset-body--preset-large link paragraph ids-paragraph ids-paragraph--default\">&#8211; Wy\u0142\u0105cznie utrzymanie ceny &#8222;bary\u0142ki zachodniej&#8221;, czyli pochodz\u0105cej z pa\u0144stw OPEC lub niezrzeszonych w OPEC, a wydobywaj\u0105cych, produkuj\u0105cych paliwa na poziomie ni\u017cszym ni\u017c bary\u0142ka rosyjska, przyczyni si\u0119 do tego, \u017ce Rosja upadnie gospodarczo i finansowo\u00a0&#8211; wskaza\u0142.<\/p>\n<p class=\"typography ids-typeset-body ids-typeset-body--preset-large link paragraph ids-paragraph ids-paragraph--default\">&#8211; I to jest w tej chwili\u00a0rozgrywka, kt\u00f3r\u0105 Trump prowadzi, i w tym kierunku b\u0119dzie to zmierza\u0142o &#8211; przewiduje nasz rozm\u00f3wca, analizuj\u0105c operacj\u0119 USA na Atlantyku.<\/p>\n<p class=\"typography ids-typeset-body ids-typeset-body--preset-large link paragraph ids-paragraph ids-paragraph--default\">Genera\u0142 podkre\u015bli\u0142, \u017ce &#8211; w jego przekonaniu &#8211; ameryka\u0144skiemu prezydentowi chodzi o &#8222;wycinanie satelit&#8221; wsp\u00f3\u0142pracuj\u0105cych z Rosj\u0105, kt\u00f3re pomimo sankcji mog\u0142yby dalej prowadzi\u0107 z Moskw\u0105 wymian\u0119 towarowo-handlow\u0105.<\/p>\n<p class=\"typography ids-typeset-body ids-typeset-body--preset-large link paragraph ids-paragraph ids-paragraph--default\">W zwi\u0105zku z faktem, \u017ce do przej\u0119cia tankowca dosz\u0142o w pobli\u017cu rosyjskich okr\u0119t\u00f3w wojskowych, zastanawia to, czy Moskwa mog\u0142aby zaryzykowa\u0107 bezpo\u015brednie starcie celem obrony swojej w\u0142asno\u015bci. Gen. Kraszewski w\u0105tpi jednak w taki scenariusz.<\/p>\n<p class=\"typography ids-typeset-body ids-typeset-body--preset-large link paragraph ids-paragraph ids-paragraph--default\">&#8211; Nie s\u0105dz\u0119, \u017ce dosz\u0142o do jakiejkolwiek walki, bo Rosja sama sobie strzeli\u0142aby w potylic\u0119 &#8211; oceni\u0142.<\/p>\n<p>&#8222;Rosji na to nie sta\u0107&#8221;. Dow\u00f3dca o mo\u017cliwo\u015bci eskalacji w Ukrainie<\/p>\n<p class=\"typography ids-typeset-body ids-typeset-body--preset-large link paragraph ids-paragraph ids-paragraph--default\">&#8222;Nowy rozdzia\u0142&#8221; w relacjach ameryka\u0144sko-rosyjskich rozpocz\u0119ty dzia\u0142aniami USA w Wenezueli rodzi pytania o to, czy sk\u0142oni\u0105 one W\u0142adimira Putina do \u015bmielszych dzia\u0142a\u0144 na p\u00f3\u0142kuli wschodniej, przede wszystkim w Ukrainie.<\/p>\n<p class=\"typography ids-typeset-body ids-typeset-body--preset-large link paragraph ids-paragraph ids-paragraph--default\">&#8211; Pewnikiem b\u0119d\u0105 one eskalowa\u0142y w kierunku infrastruktury krytycznej i cywilnej, ale to nie powinno nikogo dziwi\u0107, bo zasadniczo ta &#8222;operacja specjalna&#8221; skupiona jest przede wszystkim na tym &#8211; oceni\u0142 gen. Kraszewski.<\/p>\n<p class=\"typography ids-typeset-body ids-typeset-body--preset-large link paragraph ids-paragraph ids-paragraph--default\">Wojskowy w\u0105tpi jednak w to, \u017ce Kreml ma fundusze, by m\u00f3c nakr\u0119ca\u0107 spiral\u0119 konfliktu. &#8211; Moim zdaniem Rosji na to nie sta\u0107, bo chwieje si\u0119 gospodarczo, finansowo i ekonomicznie w przemy\u015ble ci\u0119\u017ckim i zbrojeniowym, i nie jest w stanie zabezpieczy\u0107 potrzeb jej wojsk walcz\u0105cych na Ukrainie. Je\u015bli mia\u0142aby takie zdolno\u015bci, to ta &#8222;operacja&#8221; dawno by si\u0119 ju\u017c zako\u0144czy\u0142a, niestety na niekorzy\u015b\u0107 Ukrainy &#8211; stwierdzi\u0142 nasz rozm\u00f3wca.<\/p>\n<p>Amerykanie przej\u0119li tankowiec pod rosyjsk\u0105 bander\u0105. Operacja na Oceanie Atlantyckim<\/p>\n<p class=\"typography ids-typeset-body ids-typeset-body--preset-large link paragraph ids-paragraph ids-paragraph--default\">Jak informowa\u0142a w \u015brod\u0119 agencja Reutera, od dw\u00f3ch tygodni USA prowadzi\u0142y akcj\u0119 przej\u0119cia powi\u0105zanego z Wenezuel\u0105 tankowca z rop\u0105. Operacj\u0119 prowadzi\u0142a stra\u017c przybrze\u017cna oraz ameryka\u0144skie wojsko. Doniesienia potwierdzi\u0142o Dow\u00f3dztwo Europejskie armii USA.<\/p>\n<p class=\"typography ids-typeset-body ids-typeset-body--preset-large link paragraph ids-paragraph ids-paragraph--default\">Marinera, znana pierwotnie jako Bella-1, mia\u0142a przedrze\u0107 si\u0119 przez ameryka\u0144sk\u0105 blokad\u0119 spowodowan\u0105 sankcjami na rosyjskie tankowce. Jednostka zaliczana jest do tzw.\u00a0floty cieni.<\/p>\n<p class=\"typography ids-typeset-body ids-typeset-body--preset-large link paragraph ids-paragraph ids-paragraph--default\">G\u0142os w sprawie zabra\u0142 minister wojny USA Pete Hegseth. &#8222;Blokada sankcjonowanej i nielegalnej wenezuelskiej ropy pozostaje\u00a0w pe\u0142ni obowi\u0105zuj\u0105ca na ca\u0142ym \u015bwiecie&#8221; &#8211; og\u0142osi\u0142.<\/p>\n<p class=\"typography ids-typeset-body ids-typeset-body--preset-large link paragraph ids-paragraph ids-paragraph--default\">Wkr\u00f3tce p\u00f3\u017aniej Dow\u00f3dztwo Po\u0142udniowe USA poinformowa\u0142o o zaj\u0119ciu kolejnego tankowca M\/T Sophia, r\u00f3wnie\u017c obj\u0119tego sankcjami za przew\u00f3z rosyjskiej ropy.<\/p>\n<p>Moskwa reaguje na dzia\u0142ania USA. &#8222;Piractwo XXI wieku&#8221;<\/p>\n<p class=\"typography ids-typeset-body ids-typeset-body--preset-large link paragraph ids-paragraph ids-paragraph--default\">Spraw\u0105 przej\u0119cia Marinery wstrz\u0105\u015bni\u0119ta jest Moskwa. &#8222;\u017badne pa\u0144stwo nie ma prawa u\u017cywa\u0107 si\u0142y wobec statk\u00f3w zarejestrowanych zgodnie z prawem w innych krajach&#8221; &#8211; przekaza\u0142o w komunikacie rosyjskie Ministerstwo Transportu.<\/p>\n<p class=\"typography ids-typeset-body ids-typeset-body--preset-large link paragraph ids-paragraph ids-paragraph--default\">G\u0142os zabra\u0142o tak\u017ce rosyjskie Ministerstwo Spraw Zagranicznych, kt\u00f3re poinformowa\u0142o, \u017ce &#8222;Moskwa uwa\u017cnie \u015bledzi doniesienia&#8221;. Jego rzeczniczka Marija Zacharowa potwierdzi\u0142a, \u017ce &#8222;si\u0142y morskie Stan\u00f3w Zjednoczonych wesz\u0142y na pok\u0142ad statku na pe\u0142nym morzu poza wodami terytorialnymi jakiegokolwiek pa\u0144stwa&#8221;.<\/p>\n<p class=\"typography ids-typeset-body ids-typeset-body--preset-large link paragraph ids-paragraph ids-paragraph--default\">Szef Komisji Spraw Mi\u0119dzynarodowych rosyjskiej Dumy Leonid S\u0142ucki oceni\u0142, \u017ce dzia\u0142anie Amerykan\u00f3w to &#8222;piractwo XXI wieku&#8221;. Podobnej terminologii u\u017cy\u0142 te\u017c polityk Jednej Rosji Andriej Kliszas, kt\u00f3ry nazwa\u0142 je &#8222;aktem jawnego piractwa&#8221;.<\/p>\n<ul class=\"typography ids-typeset-body ids-typeset-body--preset-small list--article-list ids-list ids-list--unordered ids-list--size-small \" datatype=\"disc\">\n<li class=\"ids-list-item ids-list-item__content brief-list-item\"><a class=\"ids-undecorated-link link ids-link \" data-spons=\"false\" href=\"https:\/\/wydarzenia.interia.pl\/zagranica\/news-opozycja-w-wenezueli-gotowa-na-przejecie-wladzy-trump-scepty,nId,22505965\" rel=\"nofollow noopener\" target=\"_blank\">Opozycja w Wenezueli gotowa na przej\u0119cie w\u0142adzy. Trump sceptyczny<\/a><\/li>\n<li class=\"ids-list-item ids-list-item__content brief-list-item\"><a class=\"ids-undecorated-link link ids-link \" data-spons=\"false\" href=\"https:\/\/wydarzenia.interia.pl\/zagranica\/news-strach-w-oczach-bylismy-na-granicy-wenezueli-z-kolumbia,nId,22505953\" rel=\"nofollow noopener\" target=\"_blank\">Strach w oczach. Byli\u015bmy na granicy Wenezueli z Kolumbi\u0105<\/a><\/li>\n<\/ul>\n<p>&#8222;Polityczny WF&#8221;: Kto na premiera technicznego z PiS? Nieoczywiste nazwiskoINTERIA.PL<\/p>\n<p><a class=\"ids-undecorated-link source ids-page-info--source__link\" href=\"https:\/\/www.interia.pl\" rel=\"nofollow noopener\" target=\"_blank\"><img decoding=\"async\" class=\"ids-image-holder__img\" loading=\"lazy\" alt=\"\" title=\"\" height=\"24px\" src=\"https:\/\/www.europesays.com\/pl\/wp-content\/uploads\/2026\/01\/1767782590_880_0009A60QQ5I2TYF7-C202-F4.webp.webp\"\/><\/a><\/p>\n<p>Masz sugestie, uwagi albo widzisz b\u0142\u0105d? Napisz do nas<\/p>\n","protected":false},"excerpt":{"rendered":"USA przej\u0119\u0142y rosyjski tankowiec Marinera na Atlantyku, co genera\u0142 Jaros\u0142aw Kraszewski uzna\u0142 za mo\u017cliwy pocz\u0105tek nowego rozdzia\u0142u w&hellip;\n","protected":false},"author":2,"featured_media":193119,"comment_status":"","ping_status":"","sticky":false,"template":"","format":"standard","meta":{"footnotes":""},"categories":[5],"tags":[32,33,36,37,27,34,35,28,31,25,42,38,40,39,41,29,30,26],"class_list":{"0":"post-193118","1":"post","2":"type-post","3":"status-publish","4":"format-standard","5":"has-post-thumbnail","7":"category-naglowki","8":"tag-breaking-news","9":"tag-breakingnews","10":"tag-featured-news","11":"tag-featurednews","12":"tag-headlines","13":"tag-latest-news","14":"tag-latestnews","15":"tag-naglowki","16":"tag-najwazniejsze-artykuly","17":"tag-news","18":"tag-pl","19":"tag-poland","20":"tag-polish","21":"tag-polska","22":"tag-polski","23":"tag-top-stories","24":"tag-topstories","25":"tag-wiadomosci"},"share_on_mastodon":{"url":"https:\/\/pubeurope.com\/@pl\/115857972889636537","error":""},"_links":{"self":[{"href":"https:\/\/www.europesays.com\/pl\/wp-json\/wp\/v2\/posts\/193118","targetHints":{"allow":["GET"]}}],"collection":[{"href":"https:\/\/www.europesays.com\/pl\/wp-json\/wp\/v2\/posts"}],"about":[{"href":"https:\/\/www.europesays.com\/pl\/wp-json\/wp\/v2\/types\/post"}],"author":[{"embeddable":true,"href":"https:\/\/www.europesays.com\/pl\/wp-json\/wp\/v2\/users\/2"}],"replies":[{"embeddable":true,"href":"https:\/\/www.europesays.com\/pl\/wp-json\/wp\/v2\/comments?post=193118"}],"version-history":[{"count":0,"href":"https:\/\/www.europesays.com\/pl\/wp-json\/wp\/v2\/posts\/193118\/revisions"}],"wp:featuredmedia":[{"embeddable":true,"href":"https:\/\/www.europesays.com\/pl\/wp-json\/wp\/v2\/media\/193119"}],"wp:attachment":[{"href":"https:\/\/www.europesays.com\/pl\/wp-json\/wp\/v2\/media?parent=193118"}],"wp:term":[{"taxonomy":"category","embeddable":true,"href":"https:\/\/www.europesays.com\/pl\/wp-json\/wp\/v2\/categories?post=193118"},{"taxonomy":"post_tag","embeddable":true,"href":"https:\/\/www.europesays.com\/pl\/wp-json\/wp\/v2\/tags?post=193118"}],"curies":[{"name":"wp","href":"https:\/\/api.w.org\/{rel}","templated":true}]}}