{"id":193126,"date":"2026-01-08T06:10:08","date_gmt":"2026-01-08T06:10:08","guid":{"rendered":"https:\/\/www.europesays.com\/pl\/193126\/"},"modified":"2026-01-08T06:10:08","modified_gmt":"2026-01-08T06:10:08","slug":"cbos-ujawnil-co-polacy-mysla-o-uchodzcach-z-ukrainy-to-najgorsze-wyniki-w-historii","status":"publish","type":"post","link":"https:\/\/www.europesays.com\/pl\/193126\/","title":{"rendered":"CBOS ujawni\u0142, co Polacy my\u015bl\u0105 o uchod\u017acach z Ukrainy. 'To najgorsze wyniki w historii&#8217;"},"content":{"rendered":"<p>Sonda\u017c. Polacy podzieleni ws. uchod\u017ac\u00f3w z Ukrainy<\/p>\n<p class=\"art_paragraph\">W sonda\u017cu CBOS\u00a0&#8222;Polacy o wojnie w Ukrainie i pomocy uchod\u017acom&#8221;, cytowanym przez Onet za <a href=\"https:\/\/wiadomosci.onet.pl\/kraj\/stosunek-polakow-do-ukraincow-najgorsze-wyniki-od-10-lat-sondaz-cbos\/cg8fmjz\" class=\"art_link\" rel=\"nofollow noopener\" target=\"_blank\">PAP<\/a>, zapytano ankietowanych, czy Polska powinna przyjmowa\u0107 uchod\u017ac\u00f3w z teren\u00f3w obj\u0119tych konfliktem.\u00a0Autorzy badania poinformowali, \u017ce wyniki z grudnia 2025 roku s\u0105 niemal identyczne z tymi z wrze\u015bnia. Jak wynika z badania,\u00a048 proc. Polak\u00f3w popiera przyjmowanie uchod\u017ac\u00f3w z Ukrainy (wynik bez zmian), a 46 proc. jest temu przeciwnych, co oznacza wzrost o jeden punkt procentowy. Opcj\u0119 &#8222;trudno powiedzie\u0107&#8221; wskaza\u0142o 6 proc. badanych.\u00a0&#8222;S\u0105 to najgorsze wyniki w historii naszych pomiar\u00f3w, rozpocz\u0119tych wkr\u00f3tce po aneksji Krymu ponad dekad\u0119 temu&#8221; &#8211; podkre\u015blili autorzy sonda\u017cu. Z kolei na pocz\u0105tku pe\u0142noskalowej inwazji w 2022 roku poparcie dla przyjmowania ukrai\u0144skich uchod\u017ac\u00f3w si\u0119ga\u0142o 94 proc. i utrzymywa\u0142o si\u0119 na wysokim poziomie do po\u0142owy 2023 roku.<\/p>\n<p class=\"art_paragraph\">Z badania wynika r\u00f3wnie\u017c, \u017ce d\u0105\u017cenie do zako\u0144czenia wojny, nawet za cen\u0119 utraty przez Ukrain\u0119 cz\u0119\u015bci terytorium popiera 54 proc. respondent\u00f3w. Wynik nie uleg\u0142 zmianie w por\u00f3wnaniu z wrze\u015bniowym sonda\u017cem.\u00a0<\/p>\n<p>Spada poparcie dla przyjmowania uchod\u017ac\u00f3w z Ukrainy<\/p>\n<p class=\"art_paragraph\">Przyk\u0142adowo, w kwietniu 2024 roku\u00a061 proc. Polak\u00f3w uwa\u017ca\u0142o, \u017ce powinni\u015bmy przyjmowa\u0107 uchod\u017ac\u00f3w z Ukrainy. Ju\u017c w\u00f3wczas wynik by\u0142 znacznie ni\u017cszy ni\u017c na pocz\u0105tku rosyjskiej inwazji.\u00a061 proc. pozytywnie odpowiedzia\u0142o na to pytanie (17 proc. wybra\u0142o opcj\u0119 &#8222;zdecydowanie tak&#8221;, a 44 proc. &#8222;raczej tak&#8221;). 31 proc. Polak\u00f3w sprzeciwi\u0142o si\u0119 przyjmowaniu uchod\u017ac\u00f3w z Ukrainy (19 proc. &#8222;raczej nie&#8221;, 12 proc. &#8222;zdecydowanie nie&#8221;). 8 proc. pytanych nie mia\u0142o z kolei zdania w tej kwestii.<\/p>\n<p>        Zobacz wideo<\/p>\n<p>            Rosjanie do akt\u00f3w dywersji bior\u0105 Ukrai\u0144c\u00f3w, \u017ceby j\u0105trzy\u0107\n    <\/p>\n<p>Nocny atak Rosjan<\/p>\n<p class=\"art_paragraph\">Tymczasem w nocy z wtorku na \u015brod\u0119\u00a0Rosjanie zaatakowali Ukrain\u0119 dronami. W wyniku ataku na Dniepr rannych zosta\u0142o siedem os\u00f3b, w tym dwoje dzieci. Mer Dniepru Borys Filatow napisa\u0142 w mediach spo\u0142eczno\u015bciowych, \u017ce &#8222;w ponad dziesi\u0119ciu wie\u017cowcach wybitych zosta\u0142o kilkaset, je\u015bli nie prawie tysi\u0105c okien&#8221;. Nap\u0142ywaj\u0105 tak\u017ce doniesienia o licznych spalonych samochodach i uszkodzeniu systemu grzewczego w pobli\u017cu jednego z dom\u00f3w. Ponadto uszkodzona zosta\u0142a szko\u0142a zawodowa: warsztat i akademik. Rosjanie uderzyli r\u00f3wnie\u017c w inn\u0105 szko\u0142\u0119 i dwa przedszkola.<\/p>\n<p class=\"art_paragraph\">Czytaj tak\u017ce: <a href=\"https:\/\/wiadomosci.gazeta.pl\/polityka\/7,198013,32511357,putin-mowi-o-swietej-misji-rosyjskich-zolnierzy-zwrocil-sie.html\" class=\"art_link\" rel=\"dofollow noopener\" target=\"_blank\">&#8222;\u0141awrow: Europa skazana jest na pora\u017ck\u0119. Wcze\u015bniej Putin m\u00f3wi\u0142 o '\u015bwi\u0119tej misji'&#8221;<\/a>.<\/p>\n<p>\u0179r\u00f3d\u0142a: Interia za PAP, Gazeta.pl, IAR<\/p>\n","protected":false},"excerpt":{"rendered":"Sonda\u017c. Polacy podzieleni ws. uchod\u017ac\u00f3w z Ukrainy W sonda\u017cu CBOS\u00a0&#8222;Polacy o wojnie w Ukrainie i pomocy uchod\u017acom&#8221;, cytowanym&hellip;\n","protected":false},"author":2,"featured_media":193127,"comment_status":"","ping_status":"","sticky":false,"template":"","format":"standard","meta":{"footnotes":""},"categories":[12],"tags":[32,33,36,37,27,34,35,28,31,25,42,38,40,39,41,29,30,26],"class_list":{"0":"post-193126","1":"post","2":"type-post","3":"status-publish","4":"format-standard","5":"has-post-thumbnail","7":"category-polska","8":"tag-breaking-news","9":"tag-breakingnews","10":"tag-featured-news","11":"tag-featurednews","12":"tag-headlines","13":"tag-latest-news","14":"tag-latestnews","15":"tag-naglowki","16":"tag-najwazniejsze-artykuly","17":"tag-news","18":"tag-pl","19":"tag-poland","20":"tag-polish","21":"tag-polska","22":"tag-polski","23":"tag-top-stories","24":"tag-topstories","25":"tag-wiadomosci"},"share_on_mastodon":{"url":"https:\/\/pubeurope.com\/@pl\/115857996140944568","error":""},"_links":{"self":[{"href":"https:\/\/www.europesays.com\/pl\/wp-json\/wp\/v2\/posts\/193126","targetHints":{"allow":["GET"]}}],"collection":[{"href":"https:\/\/www.europesays.com\/pl\/wp-json\/wp\/v2\/posts"}],"about":[{"href":"https:\/\/www.europesays.com\/pl\/wp-json\/wp\/v2\/types\/post"}],"author":[{"embeddable":true,"href":"https:\/\/www.europesays.com\/pl\/wp-json\/wp\/v2\/users\/2"}],"replies":[{"embeddable":true,"href":"https:\/\/www.europesays.com\/pl\/wp-json\/wp\/v2\/comments?post=193126"}],"version-history":[{"count":0,"href":"https:\/\/www.europesays.com\/pl\/wp-json\/wp\/v2\/posts\/193126\/revisions"}],"wp:featuredmedia":[{"embeddable":true,"href":"https:\/\/www.europesays.com\/pl\/wp-json\/wp\/v2\/media\/193127"}],"wp:attachment":[{"href":"https:\/\/www.europesays.com\/pl\/wp-json\/wp\/v2\/media?parent=193126"}],"wp:term":[{"taxonomy":"category","embeddable":true,"href":"https:\/\/www.europesays.com\/pl\/wp-json\/wp\/v2\/categories?post=193126"},{"taxonomy":"post_tag","embeddable":true,"href":"https:\/\/www.europesays.com\/pl\/wp-json\/wp\/v2\/tags?post=193126"}],"curies":[{"name":"wp","href":"https:\/\/api.w.org\/{rel}","templated":true}]}}