{"id":193132,"date":"2026-01-08T06:13:10","date_gmt":"2026-01-08T06:13:10","guid":{"rendered":"https:\/\/www.europesays.com\/pl\/193132\/"},"modified":"2026-01-08T06:13:10","modified_gmt":"2026-01-08T06:13:10","slug":"markowska-z-mezem-kopczynski-z-zona-na-18-urodzinach-syna-patchwork","status":"publish","type":"post","link":"https:\/\/www.europesays.com\/pl\/193132\/","title":{"rendered":"Markowska z m\u0119\u017cem, Kopczy\u0144ski z \u017con\u0105 na 18. urodzinach syna. &#8222;Patchwork?&#8221;"},"content":{"rendered":"<p class=\"ods-c-paragraph \"><a href=\"https:\/\/plejada.pl\/temat\/patrycja-markowska\/ynmn1lz\" id=\"de223444-6c73-48c9-b957-58a81c71b0f3\" rel=\"nofollow noopener\" target=\"_blank\">Patrycja Markowska<\/a> i Jacek Kopczy\u0144ski byli par\u0105 przez 16 lat, a owocem ich zwi\u0105zku jest syn Filip. O m\u0142odym arty\u015bcie niedawno zrobi\u0142o si\u0119 g\u0142o\u015bno, gdy pojawi\u0142y si\u0119 jego zdj\u0119cia z serialu Czw\u00f3rki &#8222;Uroczysko&#8221;. W\u00f3wczas <a href=\"https:\/\/plejada.pl\/newsy\/patrycja-markowska-i-jacek-kopczynski-po-raz-pierwszy-o-karierze-syna-mowia-wprost\/zmdtrs6\" id=\"f9cb9645-2b90-455c-af74-54d889a8fad6\" rel=\"nofollow noopener\" target=\"_blank\">w rozmowie z Plejad\u0105<\/a> zar\u00f3wno wokalistka, jak i aktor, opowiedzieli o pocz\u0105tkach kariery ich syna.<\/p>\n<blockquote class=\"ods-o-quota\">\n<p class=\"ods-o-quota__paragraph\">Filip jest w klasie maturalnej i wszystko na razie traktujemy jako hobby i jako zabaw\u0119. Absolutnie. Ja nigdy nie namawia\u0142am go do aktywno\u015bci zawodowych na tak\u0105 szersz\u0105 skal\u0119 i do tego, co ma robi\u0107 w \u017cyciu. Sam mi powiedzia\u0142, \u017ce jeszcze tego nie wie<\/p>\n<\/blockquote>\n<p class=\"ods-c-paragraph \">\u2014 m\u00f3wi\u0142a Markowska.<\/p>\n<blockquote class=\"ods-o-quota\">\n<p class=\"ods-o-quota__paragraph\">Najwa\u017cniejsze tylko, \u017ceby \u0142\u0105czy\u0142 to z nauk\u0105. Zda\u0142 matur\u0119. Ciesz\u0119 si\u0119, \u017ce m\u00f3j syn ma pasj\u0119 i \u017ce \u015bpiewa po mamie, a jednocze\u015bnie gra w serialu \u2014 po tacie. I najwa\u017cniejsze jest to, \u017ce sam to sobie wszystko &#8222;wychodzi\u0142&#8221;<\/p>\n<\/blockquote>\n<p class=\"ods-c-paragraph \">\u2014 komentowa\u0142 niezale\u017cnie Kopczy\u0144ski.<\/p>\n<p>Dalszy ci\u0105g artyku\u0142u pod materia\u0142em wideo<\/p>\n<p> Jakie by\u0142y relacje mi\u0119dzy Patrycj\u0105 Markowsk\u0105 a Jackiem Kopczy\u0144skim po rozstaniu? <\/p>\n<p> Kto towarzyszy\u0142 Markowskiej i Kopczy\u0144skiemu na urodzinach syna? <\/p>\n<p> Jakie hobby ma Filip? <\/p>\n<p> Co my\u015bl\u0105 rodzice o karierze syna w show-biznesie? <\/p>\n<p>  Markowska i Kopczy\u0144ski zn\u00f3w razem dla syna<\/p>\n<p class=\"ods-c-paragraph \">7 stycznia Markowska i <a href=\"https:\/\/plejada.pl\/temat\/jacek-kopczynski\/74w1nxf\" id=\"85362ce6-e7bb-4340-92e2-89b94cf75ab6\" rel=\"nofollow noopener\" target=\"_blank\">Kopczy\u0144ski<\/a> zaskoczyli swoich fan\u00f3w, pokazuj\u0105c si\u0119 rami\u0119 w rami\u0119 wraz z obecnymi partnerami \u2014 \u017con\u0105 aktora Agnieszk\u0105 Kustosz i m\u0119\u017cem wokalistki Tomaszem Szcz\u0119snym \u2014 by \u015bwi\u0119towa\u0107 18. urodziny ich syna.<\/p>\n<blockquote class=\"ods-o-quota\">\n<p class=\"ods-o-quota__paragraph\">18-tka Filipa!!! Czy to patchwork?<\/p>\n<\/blockquote>\n<p class=\"ods-c-paragraph \">\u2014 napisa\u0142 przekornie Kopczy\u0144ski.<\/p>\n<p class=\"ods-c-paragraph \">Takie uj\u0119cia to rzadko\u015b\u0107, gdy\u017c byli partnerzy nie pokazywali si\u0119 razem zbyt cz\u0119sto od czasu rozstania, a w mediach pojawia\u0142y si\u0119 nawet informacje o rzekomym konflikcie pomi\u0119dzy Markowsk\u0105 a Kopczy\u0144skim. W wy\u017cej wspomnianym wywiadzie aktor opowiada\u0142 jednak, \u017ce z Patrycj\u0105 Markowsk\u0105 nawet po rozstaniu mieli podobne oczekiwania wzgl\u0119dem ich syna, co nie zmieni\u0142o si\u0119, nawet gdy Filip sam wszed\u0142 w \u015bwiat show-biznesu.<\/p>\n<blockquote class=\"ods-o-quota\">\n<p class=\"ods-o-quota__paragraph\">Nikt mu niczego nie u\u0142atwia\u0142, bo ani Patrycja, ani ja nie jeste\u015bmy za tym, \u017ceby mu na si\u0142\u0119 co\u015b za\u0142atwi\u0107. Sam poszed\u0142 na casting, wygra\u0142 i cieszymy si\u0119 z tego. Tak samo z muzyk\u0105. Tworzy te\u017c p\u0142yt\u0119 i sprawdza si\u0119 na r\u00f3\u017cnych polach, my trzymamy kciuki i si\u0119 cieszymy<\/p>\n<\/blockquote>\n<p class=\"ods-c-paragraph \">\u2014 m\u00f3wi\u0142 aktor.<\/p>\n<p><img decoding=\"async\" src=\"https:\/\/www.europesays.com\/pl\/wp-content\/uploads\/2026\/01\/TX9k9lBaHR0cHM6Ly9vY2RuLmV1L3B1bHNjbXMvTURBXy9kMjEyZjg1NThhZjg5YTRlN2FiODRlNDNjYTVhOThkNS5wbmeRlQLNB.jpeg\" height=\"629\" width=\"940\" alt=\"Filip Kopczy\u0144ski w serialu &quot;Uroczyska&quot;\" loading=\"lazy\" class=\"ods-c-image__img ods-c-image__img--viewport-width\"\/><\/p>\n<p>Filip Kopczy\u0144ski w serialu &#8222;Uroczyska&#8221;Czw\u00f3rka<\/p>\n<p> <img decoding=\"async\" src=\"https:\/\/www.europesays.com\/pl\/wp-content\/uploads\/2025\/12\/Amjk9lBaHR0cHM6Ly9vY2RuLmV1L3B1bHNjbXMvTURBXy81NDAyMzkwY2QxZDRiMzg1ZDM1NDdkMWViMWNjYWQ3Yi5qcGeRlQLNA.jpeg\" height=\"529\" width=\"940\" alt=\"Patrycja Markowska i Tomasz Szcz\u0119sny\" loading=\"lazy\" class=\"ods-c-image__img ods-c-image__img--vertical\"\/><\/p>\n<p>Patrycja Markowska i Tomasz Szcz\u0119snyPi\u0119tka Mieszko \/ AKPA<\/p>\n<p> <img decoding=\"async\" src=\"https:\/\/www.europesays.com\/pl\/wp-content\/uploads\/2026\/01\/_gPk9lBaHR0cHM6Ly9vY2RuLmV1L3B1bHNjbXMvTURBXy8wNTQzNmE4YjdkZTQ3MWI3Mjk1OTNjNWNhMzc3ZjQ5MS5wbmeRlQLNB.jpeg\" height=\"513\" width=\"940\" alt=\"Jacek Kopczy\u0144ski, Agnieszka Kustosz\" loading=\"lazy\" class=\"ods-c-image__img ods-c-image__img--viewport-width\"\/><\/p>\n<p>Jacek Kopczy\u0144ski, Agnieszka KustoszOnet \/ Onet<\/p>\n<p class=\"ods-c-paragraph \">Dzi\u0119kujemy, \u017ce przeczyta\u0142a\u015b\/e\u015b nasz artyku\u0142 do ko\u0144ca. W serwisie Plejada.pl ka\u017cdego dnia piszemy o najwa\u017cniejszych wydarzeniach show-biznesowych. B\u0105d\u017a na bie\u017c\u0105co! <a rel=\"nofollow noopener\" href=\"https:\/\/profile.google.com\/cp\/Cg0vZy8xMWJ6X19wdHBx\" id=\"f8da808a-5af4-4973-82f2-91dde3438448\" target=\"_blank\">Obserwuj<\/a> Plejad\u0119 w Google. Odwied\u017a nas tak\u017ce na <a rel=\"nofollow noopener\" href=\"https:\/\/www.facebook.com\/plejadapl\" id=\"fa8c1684-309f-4ffc-89f2-a5d2578763e2\" target=\"_blank\">Facebooku<\/a>, <a rel=\"nofollow noopener\" href=\"https:\/\/www.instagram.com\/plejadapl\/\" id=\"3d22f9e8-f1a7-4f82-9219-308b5db82e43\" target=\"_blank\">Instagramie<\/a>, <a rel=\"nofollow noopener\" href=\"https:\/\/www.youtube.com\/c\/plejada\" id=\"dd1ca463-9804-4180-b938-5e7b7d359807\" target=\"_blank\">YouTubie<\/a> oraz <a rel=\"nofollow noopener\" href=\"https:\/\/www.tiktok.com\/@plejada_pl\" id=\"b56b7ad3-d85e-465d-836d-9ee9dbc0c16c\" target=\"_blank\">TikToku<\/a>.<\/p>\n<p class=\"ods-c-paragraph \">Chcesz podzieli\u0107 si\u0119 ciekawym newsem lub zaproponowa\u0107 temat? Skontaktuj si\u0119 z nami, pisz\u0105c maila na adres: <a rel=\"nofollow noopener\" href=\"https:\/\/plejada.pl\/newsy\/markowska-z-mezem-kopczynski-z-zona-na-18-urodzinach-syna-patchwork\/mailto:plejada@redakcjaonet.pl\" id=\"fb31218b-87dd-45f8-ac9a-7169093c1b1c\" target=\"_blank\">plejada@redakcjaon<\/a><a href=\"https:\/\/et.pl\" id=\"697ee8dc-a57a-4d7b-bbc8-484612359d9c\" rel=\"nofollow noopener\" target=\"_blank\">et.pl<\/a>.<\/p>\n<p><script async src=\"\/\/www.instagram.com\/embed.js\"><\/script><script async src=\"\/\/www.tiktok.com\/embed.js\"><\/script><\/p>\n","protected":false},"excerpt":{"rendered":"Patrycja Markowska i Jacek Kopczy\u0144ski byli par\u0105 przez 16 lat, a owocem ich zwi\u0105zku jest syn Filip. O&hellip;\n","protected":false},"author":2,"featured_media":193133,"comment_status":"","ping_status":"","sticky":false,"template":"","format":"standard","meta":{"footnotes":""},"categories":[22],"tags":[122,25776,18930,48,125,46,6820,42,38,40,39,41,123,47],"class_list":{"0":"post-193132","1":"post","2":"type-post","3":"status-publish","4":"format-standard","5":"has-post-thumbnail","7":"category-rozrywka","8":"tag-entertainment","9":"tag-filip_krystian_kopczynski","10":"tag-jacek_kopczynski","11":"tag-nat_styl","12":"tag-newsy","13":"tag-omp","14":"tag-patrycja_markowska","15":"tag-pl","16":"tag-poland","17":"tag-polish","18":"tag-polska","19":"tag-polski","20":"tag-rozrywka","21":"tag-screening_general"},"share_on_mastodon":{"url":"https:\/\/pubeurope.com\/@pl\/115858008063994731","error":""},"_links":{"self":[{"href":"https:\/\/www.europesays.com\/pl\/wp-json\/wp\/v2\/posts\/193132","targetHints":{"allow":["GET"]}}],"collection":[{"href":"https:\/\/www.europesays.com\/pl\/wp-json\/wp\/v2\/posts"}],"about":[{"href":"https:\/\/www.europesays.com\/pl\/wp-json\/wp\/v2\/types\/post"}],"author":[{"embeddable":true,"href":"https:\/\/www.europesays.com\/pl\/wp-json\/wp\/v2\/users\/2"}],"replies":[{"embeddable":true,"href":"https:\/\/www.europesays.com\/pl\/wp-json\/wp\/v2\/comments?post=193132"}],"version-history":[{"count":0,"href":"https:\/\/www.europesays.com\/pl\/wp-json\/wp\/v2\/posts\/193132\/revisions"}],"wp:featuredmedia":[{"embeddable":true,"href":"https:\/\/www.europesays.com\/pl\/wp-json\/wp\/v2\/media\/193133"}],"wp:attachment":[{"href":"https:\/\/www.europesays.com\/pl\/wp-json\/wp\/v2\/media?parent=193132"}],"wp:term":[{"taxonomy":"category","embeddable":true,"href":"https:\/\/www.europesays.com\/pl\/wp-json\/wp\/v2\/categories?post=193132"},{"taxonomy":"post_tag","embeddable":true,"href":"https:\/\/www.europesays.com\/pl\/wp-json\/wp\/v2\/tags?post=193132"}],"curies":[{"name":"wp","href":"https:\/\/api.w.org\/{rel}","templated":true}]}}