{"id":193160,"date":"2026-01-08T06:28:13","date_gmt":"2026-01-08T06:28:13","guid":{"rendered":"https:\/\/www.europesays.com\/pl\/193160\/"},"modified":"2026-01-08T06:28:13","modified_gmt":"2026-01-08T06:28:13","slug":"microsoft-ma-zwolnic-22-tys-pracownikow-sprzeczne-doniesienia-na-temat-planow-giganta","status":"publish","type":"post","link":"https:\/\/www.europesays.com\/pl\/193160\/","title":{"rendered":"Microsoft ma zwolni\u0107 22 tys. pracownik\u00f3w? Sprzeczne doniesienia na temat plan\u00f3w giganta"},"content":{"rendered":"<p>W sieci pojawi\u0142y si\u0119 doniesienia sugeruj\u0105ce, \u017ce Microsoft planuje kolejn\u0105 du\u017c\u0105 fal\u0119 zwolnie\u0144 ju\u017c w styczniu 2026 roku. Wed\u0142ug niepotwierdzonych informacji redukcje mog\u0142yby obj\u0105\u0107 od 11 do nawet 22 tysi\u0119cy pracownik\u00f3w na ca\u0142ym \u015bwiecie.<\/p>\n<p>Pierwotne doniesienia wskazywa\u0142y, \u017ce zwolnienia mia\u0142yby dotkn\u0105\u0107 m.in. dzia\u0142 chmury Azure, segment gamingowy (w tym Xbox oraz studia nale\u017c\u0105ce do Microsoftu) oraz zespo\u0142y sprzeda\u017cowe. Skala redukcji mia\u0142a odpowiada\u0107 od 5 do 10 procent globalnego zatrudnienia firmy. Jako potencjaln\u0105 przyczyn\u0119 wskazywano rosn\u0105ce koszty inwestycji w sztuczn\u0105 inteligencj\u0119, na kt\u00f3re Microsoft planuje przeznaczy\u0107 nawet 80 miliard\u00f3w dolar\u00f3w w 2026 roku.<\/p>\n<p>    Dalsza cz\u0119\u015b\u0107 tekstu pod wideo<\/p>\n<p>Jeszcze tego samego dnia pojawi\u0142y si\u0119 jednak zdecydowane dementi. Dziennikarz Jez Corden z redakcji Windows Central stwierdzi\u0142, \u017ce informacje te s\u0105 nieprawdziwe, przynajmniej w kontek\u015bcie dzia\u0142u Xbox. Wkr\u00f3tce potem g\u0142os zabra\u0142 r\u00f3wnie\u017c dyrektor ds. komunikacji Microsoftu, Frank X. Shaw, okre\u015blaj\u0105c doniesienia jako \u201ew 100 procentach zmy\u015blone, spekulacyjne i b\u0142\u0119dne\u201d.<\/p>\n<p>        <img loading=\"lazy\" decoding=\"async\" src=\"https:\/\/www.europesays.com\/pl\/wp-content\/uploads\/2026\/01\/1767809589_489_B32963402.414688363;dc_trk_aid=607216972;dc_trk_cid=228291445;ord=[timestamp];dc_lat=;dc_rdid=;tag_f.gif\" attributionsrc=\"\" border=\"0\" height=\"1\" width=\"1\" alt=\"Advertisement\"\/><\/p>\n<p>Na ten moment Microsoft nie zapowiedzia\u0142 \u017cadnych planowanych redukcji zatrudnienia. Wobec jednoznacznych zaprzecze\u0144 ze strony firmy oraz zaufanych \u017ar\u00f3de\u0142 bran\u017cowych, informacje o masowych zwolnieniach nale\u017cy traktowa\u0107 wy\u0142\u0105cznie jako niepotwierdzon\u0105 plotk\u0119.<\/p>\n","protected":false},"excerpt":{"rendered":"W sieci pojawi\u0142y si\u0119 doniesienia sugeruj\u0105ce, \u017ce Microsoft planuje kolejn\u0105 du\u017c\u0105 fal\u0119 zwolnie\u0144 ju\u017c w styczniu 2026 roku.&hellip;\n","protected":false},"author":2,"featured_media":193161,"comment_status":"","ping_status":"","sticky":false,"template":"","format":"standard","meta":{"footnotes":""},"categories":[20],"tags":[120,118,119,42,38,40,39,41,116,114,115,121,117],"class_list":{"0":"post-193160","1":"post","2":"type-post","3":"status-publish","4":"format-standard","5":"has-post-thumbnail","7":"category-nauka-i-technika","8":"tag-nauka","9":"tag-nauka-i-technika","10":"tag-naukatechnika","11":"tag-pl","12":"tag-poland","13":"tag-polish","14":"tag-polska","15":"tag-polski","16":"tag-science","17":"tag-science-and-technology","18":"tag-sciencetechnology","19":"tag-technika","20":"tag-technology"},"share_on_mastodon":{"url":"https:\/\/pubeurope.com\/@pl\/115858067050239706","error":""},"_links":{"self":[{"href":"https:\/\/www.europesays.com\/pl\/wp-json\/wp\/v2\/posts\/193160","targetHints":{"allow":["GET"]}}],"collection":[{"href":"https:\/\/www.europesays.com\/pl\/wp-json\/wp\/v2\/posts"}],"about":[{"href":"https:\/\/www.europesays.com\/pl\/wp-json\/wp\/v2\/types\/post"}],"author":[{"embeddable":true,"href":"https:\/\/www.europesays.com\/pl\/wp-json\/wp\/v2\/users\/2"}],"replies":[{"embeddable":true,"href":"https:\/\/www.europesays.com\/pl\/wp-json\/wp\/v2\/comments?post=193160"}],"version-history":[{"count":0,"href":"https:\/\/www.europesays.com\/pl\/wp-json\/wp\/v2\/posts\/193160\/revisions"}],"wp:featuredmedia":[{"embeddable":true,"href":"https:\/\/www.europesays.com\/pl\/wp-json\/wp\/v2\/media\/193161"}],"wp:attachment":[{"href":"https:\/\/www.europesays.com\/pl\/wp-json\/wp\/v2\/media?parent=193160"}],"wp:term":[{"taxonomy":"category","embeddable":true,"href":"https:\/\/www.europesays.com\/pl\/wp-json\/wp\/v2\/categories?post=193160"},{"taxonomy":"post_tag","embeddable":true,"href":"https:\/\/www.europesays.com\/pl\/wp-json\/wp\/v2\/tags?post=193160"}],"curies":[{"name":"wp","href":"https:\/\/api.w.org\/{rel}","templated":true}]}}