{"id":193184,"date":"2026-01-08T06:45:08","date_gmt":"2026-01-08T06:45:08","guid":{"rendered":"https:\/\/www.europesays.com\/pl\/193184\/"},"modified":"2026-01-08T06:45:08","modified_gmt":"2026-01-08T06:45:08","slug":"czeska-i-austriacka-policja-bez-litosci-jak-polacy-traca-samochody-za-granica","status":"publish","type":"post","link":"https:\/\/www.europesays.com\/pl\/193184\/","title":{"rendered":"Czeska i austriacka policja bez lito\u015bci. Jak Polacy trac\u0105 samochody za granic\u0105"},"content":{"rendered":"<p data-section=\"detail-body\">Jak opisywa\u0142 <a href=\"https:\/\/www.auto-swiat.pl\/wiadomosci\/aktualnosci\/czeska-policja-zabrala-tablice-polskiemu-kierowcy-samochod-zostal-w-czechach\/0f41kpw\" id=\"ae8531aa-aef6-40a2-9e73-2df436072419\" rel=\"nofollow noopener\" target=\"_blank\">Auto \u015awiat<\/a>, czeska policja odebra\u0142a polskiemu kierowcy tablice rejestracyjne, cho\u0107 niczym nie zawini\u0142. Pow\u00f3d? Auto prowadzone przez Polaka nale\u017ca\u0142o do firmy leasingowej.<\/p>\n<p data-section=\"detail-body\">\u2014 W Czechach obowi\u0105zuje nowelizacja (ustawa nr 418\/2021 Sb. \u2014 red.), kt\u00f3ra da\u0142a policji i s\u0142u\u017cbie celnej nowe uprawnienie. Mog\u0105 teraz podczas kontroli drogowej za\u017c\u0105da\u0107 zap\u0142aty wszystkich zaleg\u0142ych, prawomocnie na\u0142o\u017conych mandat\u00f3w zwi\u0105zanych z danym pojazdem, tak\u017ce, je\u015bli jest w leasingu \u2014 potwierdza w rozmowie z Business Insiderem \u0141ukasz Mazur, doradca podatkowy i ekspert ECDP Group. Z kolei za jazd\u0119 samochodem bez tablic gro\u017c\u0105 jeszcze surowsze kary.<\/p>\n<p data-section=\"detail-body\">T\u0142umaczymy, co wynika z czeskich przepis\u00f3w, jak wygl\u0105da praktyka na drodze i jakie kary gro\u017c\u0105 m.in. polskim kierowcom wybieraj\u0105cym si\u0119 do naszych po\u0142udniowych s\u0105siad\u00f3w. Ekspert wyja\u015bnia te\u017c, co mog\u0105 zrobi\u0107 Polacy, kt\u00f3rzy wpadn\u0105 w tarapaty i dementuje zalecenie, jakie pojawi\u0142o si\u0119 na portalu gov.pl.<\/p>\n<p data-section=\"detail-body\">Bardzo restrykcyjne przepisy obowi\u0105zuj\u0105 r\u00f3wnie\u017c na S\u0142owacji i w Austrii.<\/p>\n<p>            Czytaj tak\u017ce w BUSINESS INSIDER<\/p>\n<p>        Czy czeska policja mo\u017ce zabra\u0107 tablice rejestracyjne? <\/p>\n<p class=\"article_p\" data-section=\"detail-body\">Jak m\u00f3wi \u0141ukasz Mazur, w Czechach, je\u015bli kierowca lub w\u0142a\u015bciciel nie ureguluje zaleg\u0142o\u015bci na miejscu, funkcjonariusze mog\u0105 zatrzyma\u0107 tablice rejestracyjne pojazdu (SPZ) lub zastosowa\u0107 blokad\u0119 ko\u0142a (&#8222;boti\u010dka&#8221;), uniemo\u017cliwiaj\u0105c dalsz\u0105 jazd\u0119. Co wa\u017cne jazda bez tablic jest r\u00f3wnie\u017c karalna\u2026<\/p>\n<p class=\"article_p\" data-section=\"detail-body\">Przepisy te obowi\u0105zuj\u0105 ju\u017c od 1 stycznia 2022 r., cho\u0107 dopiero ostatnio w Polsce zrobi\u0142o si\u0119 g\u0142o\u015bno o przypadkach zatrzymania tablic rejestracyjnych.<\/p>\n<p class=\"article_p\" data-section=\"detail-body\">\u2014 Przepisy zmieniono, poniewa\u017c wcze\u015bniej \u015bci\u0105galno\u015b\u0107 mandat\u00f3w by\u0142a bardzo niska \u2014 zw\u0142aszcza w przypadku cudzoziemc\u00f3w \u2014 t\u0142umaczy \u0141ukasz Mazur.<\/p>\n<p class=\"article_p\" data-section=\"detail-body\">Z danych czeskiego Ministerstwa Spraw Wewn\u0119trznych wynika bowiem, \u017ce mniej wi\u0119cej co druga kara, kt\u00f3rej nie \u015bci\u0105gni\u0119to od razu na miejscu, pozostawa\u0142a potem niezap\u0142acona, a u kierowc\u00f3w zagranicznych wska\u017anik by\u0142 jeszcze gorszy. Taka sytuacja przez lata podwa\u017ca\u0142a bezpiecze\u0144stwo na drogach i skutkowa\u0142a brakiem wp\u0142yw\u00f3w z kar.<\/p>\n<p class=\"article_p\" data-section=\"detail-body\">\u2014 Nowe prawo mia\u0142o to zmieni\u0107, celuj\u0105c przede wszystkim w kierowc\u00f3w zagranicznych unikaj\u0105cych p\u0142acenia \u2014 m\u00f3wi \u0141ukasz Mazur.<\/p>\n<p class=\"article_p\" data-section=\"detail-body\">Efekt? W pierwszym roku pe\u0142nego stosowania (2023) policja odzyska\u0142a ponad 3 mln koron (czyli ponad 0,5 mln z\u0142) zaleg\u0142ych mandat\u00f3w, egzekwuj\u0105c je od ok. 1100 kierowc\u00f3w.<\/p>\n<p class=\"article_p\" data-section=\"detail-body\">\u2014 Jak informowa\u0142y czeskie media, w 84 przypadkach kierowcy odm\u00f3wili zap\u0142aty na miejscu \u2014 stracili wi\u0119c tablice i nie mogli jecha\u0107 dalej. To pokazuje, \u017ce mechanizm dzia\u0142a i jest konsekwentnie egzekwowany przez czeskie w\u0142adze \u2014 komentuje doradca podatkowy.<\/p>\n<p>        Co, je\u015bli jedziesz samochodem, a inny jego kierowca nie zap\u0142aci\u0142 mandatu? <\/p>\n<p class=\"article_p\" data-section=\"detail-body\">Kierowca, kt\u00f3ry zostanie zatrzymany przez czesk\u0105 policj\u0119, a porusza si\u0119 samochodem, kt\u00f3rego dotyczy niezap\u0142acony mandat, mo\u017ce mie\u0107 du\u017cy problem.<\/p>\n<p class=\"article_p\" data-section=\"detail-body\">\u2014 Przy rutynowej kontroli czeska policja sprawdza w rejestrze CEPAN, czy kierowca lub pojazd ma niezap\u0142acone, wymagalne mandaty. Je\u015bli tak, funkcjonariusze wymagaj\u0105 uiszczenia nale\u017cno\u015bci na miejscu \u2014 nie jest to kwestia uznaniowa, policjant ma taki obowi\u0105zek \u2014 wyja\u015bnia \u0141ukasz Mazur.<\/p>\n<p class=\"article_p\" data-section=\"detail-body\">Co, je\u015bli kierowca odm\u00f3wi zap\u0142aty mandatu? \u2014 Je\u015bli kierowca nie zap\u0142aci, policjanci mog\u0105 od razu zdj\u0105\u0107 tablice rejestracyjne lub fizycznie zatrzyma\u0107 pojazd, np. zak\u0142adaj\u0105c blokad\u0119 na ko\u0142a. Tablice trafiaj\u0105 na komisariat lub do urz\u0119du celnego i zostan\u0105 zwr\u00f3cone dopiero po uregulowaniu d\u0142ugu. Tablice mo\u017cna odebra\u0107 osobi\u015bcie lub przez pe\u0142nomocnika. Samoch\u00f3d musi pozosta\u0107 unieruchomiony na miejscu kontroli \u2014 jazda bez tablic jest zabroniona (grozi za to od 4 do 10 tys. koron grzywny i 6\u201318 miesi\u0119cy zakazu prowadzenia pojazdu \u2014 red.) \u2014 m\u00f3wi \u0141ukasz Mazur.<\/p>\n<p class=\"article_p\" data-section=\"detail-body\">Oczywi\u015bcie kierowca mo\u017ce przewie\u017a\u0107 samoch\u00f3d na lawecie do Polski.<\/p>\n<p>        Kogo dotycz\u0105 czeskie przepisy i jak zap\u0142aci\u0107 czeski mandat?<\/p>\n<p class=\"article_p\" data-section=\"detail-body\">Przepisy obejmuj\u0105 zar\u00f3wno pojazdy na czeskich, jak i zagranicznych numerach \u2014 w tym np. polskie auta leasingowe. Jak t\u0142umaczy \u0141ukasz Mazur, mandat powi\u0105zany z pojazdem &#8222;pod\u0105\u017ca&#8221; za nim: je\u015bli leasingodawca czy inny w\u0142a\u015bciciel nie zap\u0142aci\u0142 kary, konsekwencje odczuje kierowca aktualnie podr\u00f3\u017cuj\u0105cy tym samochodem. <\/p>\n<p class=\"article_p\" data-section=\"detail-body\">Innymi s\u0142owy, mo\u017cna straci\u0107 tablice nawet za wykroczenie, kt\u00f3rego osobi\u015bcie si\u0119 nie pope\u0142ni\u0142o, np. je\u015bli dotyczy poprzedniego u\u017cytkownika pojazdu.<\/p>\n<p class=\"article_p\" data-section=\"detail-body\">\u2014 W Czechach nie trzeba mie\u0107 przy sobie got\u00f3wki. Mandat, r\u00f3wnie\u017c ten zaleg\u0142y, mo\u017cna zap\u0142aci\u0107 kart\u0105. W zasadzie ka\u017cdy drogowy patrol policji dysponuje mobilnym terminalem p\u0142atniczym, wi\u0119c brak got\u00f3wki nie stanowi usprawiedliwienia. Dzi\u0119ki temu ka\u017cdy d\u0142u\u017cnik ma realn\u0105 szans\u0119 uregulowa\u0107 nale\u017cno\u015b\u0107 od r\u0119ki i unikn\u0105\u0107 unieruchomienia pojazdu \u2014 m\u00f3wi nasz rozm\u00f3wca.<\/p>\n<p>        Co mo\u017cesz zrobi\u0107, aby nie mie\u0107 problemu?<\/p>\n<p class=\"article_p\" data-section=\"detail-body\">\u2014 Czeska policja jest na co dzie\u0144 profesjonalna, uprzejma i pomocna, co potwierdzaj\u0105 lokalne opinie, ale w kwestii zaleg\u0142ych mandat\u00f3w nie id\u0105 na \u017cadne kompromisy. Sama gro\u017aba konfiskaty tablic zwykle wystarcza. Wed\u0142ug czeskiej policji wi\u0119kszo\u015b\u0107 d\u0142u\u017cnik\u00f3w, s\u0142ysz\u0105c o takiej mo\u017cliwo\u015bci, od razu decyduje si\u0119 zap\u0142aci\u0107 na miejscu \u2014 m\u00f3wi \u0141ukasz Mazur.<\/p>\n<p class=\"article_p\" data-section=\"detail-body\">Co mog\u0105 zrobi\u0107 Polacy, aby unikn\u0105\u0107 problem\u00f3w w Czechach?<\/p>\n<p class=\"article_p\" data-section=\"detail-body\">\u2014 Nie b\u0119d\u0105c w\u0142a\u015bcicielem pojazdu, tak naprawd\u0119 nie mo\u017cna sprawdzi\u0107, czy w\u0142a\u015bciciel ma nieuregulowane mandaty w Czechach. Wszelkie rekomendacje o sprawdzaniu, w tym te z polskiego Ministerstwa Spraw Zagranicznych, nale\u017cy wi\u0119c po prostu w\u0142o\u017cy\u0107 mi\u0119dzy bajki \u2014 stwierdza \u0141ukasz Mazur. <\/p>\n<p class=\"article_p\" data-section=\"detail-body\"><a href=\"https:\/\/www.gov.pl\/web\/czechy\/przypominamy---jedziesz-leasingowanym-pojazdem-przez-czechy\" id=\"e699b572-7f6a-4798-8686-6d58dd1136da\" rel=\"nofollow noopener\" target=\"_blank\">Resort na portalu gov.pl zaleci\u0142<\/a>, \u017ceby przed wyjazdem do Czech upewni\u0107 si\u0119, czy firma leasingowa, z kt\u00f3rej us\u0142ug korzystasz, ma uregulowane zobowi\u0105zania.<\/p>\n<p class=\"article_p\" data-section=\"detail-body\">Zdaniem \u0141ukasza Mazura najlepsza prawdziwa rekomendacja jest inna: jed\u017a zgodnie z przepisami w Czechach, bo wyrywkowe kontrole inne ni\u017c przekroczenie pr\u0119dko\u015bci zdarzaj\u0105 si\u0119 sporadycznie. <\/p>\n<p>        Co grozi kierowcy, je\u015bli przekroczy przepisy drogowe na S\u0142owacji i w Austrii?<\/p>\n<p class=\"article_p\" data-section=\"detail-body\">Jak to wygl\u0105da w innych krajach, kt\u00f3re w najbli\u017cszym czasie b\u0119d\u0105 narciarsk\u0105 destynacj\u0105 Polak\u00f3w, czyli na S\u0142owacji i w Austrii? To r\u00f3wnie\u017c w rozmowie z Business Insiderem wyja\u015bnia ekspert.<\/p>\n<p class=\"article_p\" data-section=\"detail-body\">Je\u015bli jedziesz na S\u0142owacj\u0119 i nie zap\u0142acisz mandatu na miejscu, to s\u0142owacka policja mo\u017ce zatrzyma\u0107 twoje prawo jazdy. Kierowca otrzymuje wtedy tymczasowe za\u015bwiadczenie pozwalaj\u0105ce je\u017adzi\u0107 jeszcze przez 15 dni na terenie S\u0142owacji, by uregulowa\u0107 kar\u0119. S\u0142owacy nie konfiskuj\u0105 jednak tablic \u2014 pojazd co do zasady nie jest unieruchamiany, cho\u0107 oczywi\u015bcie dalsza jazda bez prawa jazdy jest ograniczona. Prawo jazdy mo\u017cna po zap\u0142acie kary osobi\u015bcie odebra\u0107 w komisariacie, kt\u00f3ry je zatrzyma\u0142.<\/p>\n<p class=\"article_p\" data-section=\"detail-body\">W Austrii s\u0105 jeszcze ostrzejsze regulacje, ale o innym charakterze. Przy powa\u017cnych wykroczeniach drogowych (np. przekroczenie dozwolonej pr\u0119dko\u015bci o ponad 60 km na godz. w terenie zabudowanym lub powy\u017cej 70 km na godz. na autostradzie) mo\u017cliwa jest konfiskata pojazdu i to tak\u017ce wobec obcokrajowc\u00f3w. W skrajnych przypadkach samoch\u00f3d mo\u017ce zosta\u0107 zaj\u0119ty na zawsze i zlicytowany przez w\u0142adze. <\/p>\n<p class=\"article_p\" data-section=\"detail-body\">Austriacy uznali, \u017ce &#8222;kto nie ma ju\u017c samochodu, ten wi\u0119cej nie przekroczy pr\u0119dko\u015bci&#8221; \u2014 st\u0105d tak surowe podej\u015bcie jako \u015brodek odstraszaj\u0105cy.<\/p>\n<p class=\"article_p\" data-section=\"detail-body\">Autor: \u0141ukasz Zalewski, dziennikarz dzia\u0142u Prawo Business Insider Polska<\/p>\n","protected":false},"excerpt":{"rendered":"Jak opisywa\u0142 Auto \u015awiat, czeska policja odebra\u0142a polskiemu kierowcy tablice rejestracyjne, cho\u0107 niczym nie zawini\u0142. Pow\u00f3d? Auto prowadzone&hellip;\n","protected":false},"author":2,"featured_media":193185,"comment_status":"","ping_status":"","sticky":false,"template":"","format":"standard","meta":{"footnotes":""},"categories":[12],"tags":[32,33,36,37,27,34,35,28,31,25,42,38,40,39,41,29,30,26],"class_list":{"0":"post-193184","1":"post","2":"type-post","3":"status-publish","4":"format-standard","5":"has-post-thumbnail","7":"category-polska","8":"tag-breaking-news","9":"tag-breakingnews","10":"tag-featured-news","11":"tag-featurednews","12":"tag-headlines","13":"tag-latest-news","14":"tag-latestnews","15":"tag-naglowki","16":"tag-najwazniejsze-artykuly","17":"tag-news","18":"tag-pl","19":"tag-poland","20":"tag-polish","21":"tag-polska","22":"tag-polski","23":"tag-top-stories","24":"tag-topstories","25":"tag-wiadomosci"},"share_on_mastodon":{"url":"https:\/\/pubeurope.com\/@pl\/115858133817917760","error":""},"_links":{"self":[{"href":"https:\/\/www.europesays.com\/pl\/wp-json\/wp\/v2\/posts\/193184","targetHints":{"allow":["GET"]}}],"collection":[{"href":"https:\/\/www.europesays.com\/pl\/wp-json\/wp\/v2\/posts"}],"about":[{"href":"https:\/\/www.europesays.com\/pl\/wp-json\/wp\/v2\/types\/post"}],"author":[{"embeddable":true,"href":"https:\/\/www.europesays.com\/pl\/wp-json\/wp\/v2\/users\/2"}],"replies":[{"embeddable":true,"href":"https:\/\/www.europesays.com\/pl\/wp-json\/wp\/v2\/comments?post=193184"}],"version-history":[{"count":0,"href":"https:\/\/www.europesays.com\/pl\/wp-json\/wp\/v2\/posts\/193184\/revisions"}],"wp:featuredmedia":[{"embeddable":true,"href":"https:\/\/www.europesays.com\/pl\/wp-json\/wp\/v2\/media\/193185"}],"wp:attachment":[{"href":"https:\/\/www.europesays.com\/pl\/wp-json\/wp\/v2\/media?parent=193184"}],"wp:term":[{"taxonomy":"category","embeddable":true,"href":"https:\/\/www.europesays.com\/pl\/wp-json\/wp\/v2\/categories?post=193184"},{"taxonomy":"post_tag","embeddable":true,"href":"https:\/\/www.europesays.com\/pl\/wp-json\/wp\/v2\/tags?post=193184"}],"curies":[{"name":"wp","href":"https:\/\/api.w.org\/{rel}","templated":true}]}}