{"id":193190,"date":"2026-01-08T06:51:09","date_gmt":"2026-01-08T06:51:09","guid":{"rendered":"https:\/\/www.europesays.com\/pl\/193190\/"},"modified":"2026-01-08T06:51:09","modified_gmt":"2026-01-08T06:51:09","slug":"salt-lake-city-strzelanina-przed-kosciolem-trwa-oblawa","status":"publish","type":"post","link":"https:\/\/www.europesays.com\/pl\/193190\/","title":{"rendered":"Salt Lake City. Strzelanina przed ko\u015bcio\u0142em. Trwa ob\u0142awa"},"content":{"rendered":"<p>W skr\u00f3cie<\/p>\n<ul class=\"typography ids-typeset-body ids-typeset-body--preset-large list ids-list ids-list--unordered ids-list--size-large \" datatype=\"disc\">\n<li class=\"ids-list-item\">\n<p>Na parkingu przed ko\u015bcio\u0142em w Salt Lake City dosz\u0142o do strzelaniny podczas trwaj\u0105cego pogrzebu.<\/p>\n<\/li>\n<li class=\"ids-list-item\">\n<p>Dwie osoby zgin\u0119\u0142y, a sze\u015b\u0107 zosta\u0142o rannych, z czego trzy s\u0105 w stanie krytycznym.<\/p>\n<\/li>\n<li class=\"ids-list-item\">\n<p>Sprawcy pozostaj\u0105 nieuchwytni, a do akcji poszukiwawczej w\u0142\u0105czy\u0142o si\u0119 FBI.<\/p>\n<\/li>\n<li class=\"ids-list-item\"><\/li>\n<\/ul>\n<p class=\"typography ids-typeset-body ids-typeset-body--preset-large link paragraph ids-paragraph ids-paragraph--default\">Jak przekaza\u0142 rzecznik policji w Salt Lake City Glen Mills, zg\u0142oszenie o strzelaninie wp\u0142yn\u0119\u0142o p\u00f3\u017anym wieczorem. Wed\u0142ug wst\u0119pnych ustale\u0144 do incydentu dosz\u0142o\u00a0na parkingu przed kaplic\u0105, gdy w ko\u015bciele trwa\u0142a ceremonia pogrzebowa.<\/p>\n<p class=\"typography ids-typeset-body ids-typeset-body--preset-large link paragraph ids-paragraph ids-paragraph--default\">&#8211; W ko\u015bciele odbywa\u0142 si\u0119 pogrzeb. Na parkingu dosz\u0142o do jakiej\u015b sprzeczki i wtedy pad\u0142y strza\u0142y &#8211; powiedzia\u0142 Mills reporterom.<\/p>\n<p>USA. Strzelanina przed ko\u015bcio\u0142em. Ofiary w stanie krytycznym<\/p>\n<p class=\"typography ids-typeset-body ids-typeset-body--preset-large link paragraph ids-paragraph ids-paragraph--default\">Policja poinformowa\u0142a, \u017ce \u0142\u0105cznie co najmniej osiem os\u00f3b zosta\u0142o postrzelonych. Dwie z nich zmar\u0142y na skutek odniesionych obra\u017ce\u0144. Trzy osoby przebywaj\u0105 w szpitalu w stanie krytycznym, natomiast stan zdrowia pozosta\u0142ych rannych nie jest obecnie znany.<\/p>\n<p class=\"typography ids-typeset-body ids-typeset-body--preset-large link paragraph ids-paragraph ids-paragraph--default\">Cz\u0119\u015b\u0107 poszkodowanych zosta\u0142a przewieziona do szpitali przez osoby prywatne, co utrudnia\u0142o szybkie ustalenie ich stanu.<\/p>\n<p class=\"typography ids-typeset-body ids-typeset-body--preset-large link paragraph ids-paragraph ids-paragraph--default\">W\u0142adze poinformowa\u0142y, \u017ce dotychczas nie zatrzymano \u017cadnego podejrzanego. Policja prowadzi intensywn\u0105 ob\u0142aw\u0119 i apeluje do \u015bwiadk\u00f3w zdarzenia\u00a0o kontakt. S\u0142u\u017cby podkre\u015blaj\u0105, \u017ce sytuacja wci\u0105\u017c jest napi\u0119ta i dynamiczna.<\/p>\n<p>Strzelanina w USA. Szukaj\u0105 sprawc\u00f3w, FBI oferuje pomoc<\/p>\n<p class=\"typography ids-typeset-body ids-typeset-body--preset-large link paragraph ids-paragraph ids-paragraph--default\">Do sprawy w\u0142\u0105czy\u0142o si\u0119 Federalne Biuro \u015aledcze. Lokalny oddzia\u0142 <a href=\"https:\/\/wydarzenia.interia.pl\/tematy-fbi,gsbi,1233\" rel=\"nofollow noopener\" target=\"_blank\">FBI<\/a> poinformowa\u0142 na platformie X, \u017ce jest \u015bwiadomy incydentu i\u00a0oferuje wsparcie lokalnym organom \u015bcigania.<\/p>\n<p class=\"typography ids-typeset-body ids-typeset-body--preset-large link paragraph ids-paragraph ids-paragraph--default\">Salt Lake City jest siedzib\u0105 g\u0142\u00f3wn\u0105 Ko\u015bcio\u0142a Jezusa Chrystusa \u015awi\u0119tych w Dniach Ostatnich, znanego powszechnie jako Ko\u015bci\u00f3\u0142 mormon\u00f3w.<\/p>\n<p>Lewica nie odpu\u015bci reformy PIP po zapowiedzi premiera. Gawkowski w &#8221;Go\u015bciu Wydarze\u0144&#8221;: Sprawa nie jest zamkni\u0119taPolsat NewsPolsat News<\/p>\n<p><a class=\"ids-undecorated-link source ids-page-info--source__link\" href=\"https:\/\/www.interia.pl\" rel=\"nofollow noopener\" target=\"_blank\"><img decoding=\"async\" class=\"ids-image-holder__img\" loading=\"lazy\" alt=\"\" title=\"\" height=\"24px\" src=\"https:\/\/www.europesays.com\/pl\/wp-content\/uploads\/2026\/01\/1767782590_880_0009A60QQ5I2TYF7-C202-F4.webp.webp\"\/><\/a><\/p>\n<p>Masz sugestie, uwagi albo widzisz b\u0142\u0105d? Napisz do nas<\/p>\n","protected":false},"excerpt":{"rendered":"W skr\u00f3cie Na parkingu przed ko\u015bcio\u0142em w Salt Lake City dosz\u0142o do strzelaniny podczas trwaj\u0105cego pogrzebu. Dwie osoby&hellip;\n","protected":false},"author":2,"featured_media":193191,"comment_status":"","ping_status":"","sticky":false,"template":"","format":"standard","meta":{"footnotes":""},"categories":[14],"tags":[32,33,27,34,35,28,31,25,40,41,80,29,30,26,82,83,84],"class_list":{"0":"post-193190","1":"post","2":"type-post","3":"status-publish","4":"format-standard","5":"has-post-thumbnail","7":"category-swiat","8":"tag-breaking-news","9":"tag-breakingnews","10":"tag-headlines","11":"tag-latest-news","12":"tag-latestnews","13":"tag-naglowki","14":"tag-najwazniejsze-artykuly","15":"tag-news","16":"tag-polish","17":"tag-polski","18":"tag-swiat","19":"tag-top-stories","20":"tag-topstories","21":"tag-wiadomosci","22":"tag-world","23":"tag-world-news","24":"tag-worldnews"},"share_on_mastodon":{"url":"https:\/\/pubeurope.com\/@pl\/115858157278680090","error":""},"_links":{"self":[{"href":"https:\/\/www.europesays.com\/pl\/wp-json\/wp\/v2\/posts\/193190","targetHints":{"allow":["GET"]}}],"collection":[{"href":"https:\/\/www.europesays.com\/pl\/wp-json\/wp\/v2\/posts"}],"about":[{"href":"https:\/\/www.europesays.com\/pl\/wp-json\/wp\/v2\/types\/post"}],"author":[{"embeddable":true,"href":"https:\/\/www.europesays.com\/pl\/wp-json\/wp\/v2\/users\/2"}],"replies":[{"embeddable":true,"href":"https:\/\/www.europesays.com\/pl\/wp-json\/wp\/v2\/comments?post=193190"}],"version-history":[{"count":0,"href":"https:\/\/www.europesays.com\/pl\/wp-json\/wp\/v2\/posts\/193190\/revisions"}],"wp:featuredmedia":[{"embeddable":true,"href":"https:\/\/www.europesays.com\/pl\/wp-json\/wp\/v2\/media\/193191"}],"wp:attachment":[{"href":"https:\/\/www.europesays.com\/pl\/wp-json\/wp\/v2\/media?parent=193190"}],"wp:term":[{"taxonomy":"category","embeddable":true,"href":"https:\/\/www.europesays.com\/pl\/wp-json\/wp\/v2\/categories?post=193190"},{"taxonomy":"post_tag","embeddable":true,"href":"https:\/\/www.europesays.com\/pl\/wp-json\/wp\/v2\/tags?post=193190"}],"curies":[{"name":"wp","href":"https:\/\/api.w.org\/{rel}","templated":true}]}}