{"id":193193,"date":"2026-01-08T06:53:08","date_gmt":"2026-01-08T06:53:08","guid":{"rendered":"https:\/\/www.europesays.com\/pl\/193193\/"},"modified":"2026-01-08T06:53:08","modified_gmt":"2026-01-08T06:53:08","slug":"premier-utracil-wazna-reforme-z-kpo-to-nam-kompletnie-sabotuje-negocjacje","status":"publish","type":"post","link":"https:\/\/www.europesays.com\/pl\/193193\/","title":{"rendered":"Premier utr\u0105ci\u0142 wa\u017cn\u0105 reform\u0119 z KPO. &#8222;To nam kompletnie sabotuje negocjacje&#8221;"},"content":{"rendered":"\n<p>&#8211; Podj\u0105\u0142em decyzj\u0119, \u017ceby nie kontynuowa\u0107 pracy nad tego typu reform\u0105. Spraw\u0119 uwa\u017cam z\u00a0mojego punktu widzenia za zamkni\u0119t\u0105 &#8211;\u00a0<a href=\"https:\/\/www.money.pl\/gospodarka\/premier-zdecydowal-koniec-prac-nad-reforma-panstwowej-inspekcji-pracy-7240762042837504a.html\" rel=\"noopener noreferrer nofollow\" target=\"_blank\">to wtorkowe o\u015bwiadczenie Donalda Tuska, wypowiedziane przy okazji paryskiego szczytu tzw. koalicji ch\u0119tnych<\/a>, zmrozi\u0142o cz\u0119\u015b\u0107 naszych rozm\u00f3wc\u00f3w z\u00a0rz\u0105du.<\/p>\n<p>T\u0105 jedn\u0105 wypowiedzi\u0105 szef rz\u0105du nagle przeci\u0105\u0142, trwaj\u0105cy od wielu tygodni, sp\u00f3r wewn\u0105trz rz\u0105du wok\u00f3\u0142 finalnego kszta\u0142tu ustawy reformuj\u0105cej PIP, stanowi\u0105cej jednocze\u015bnie realizacj\u0119 wa\u017cnej reformy KPO. <\/p>\n<p>Projekt przygotowany przez resort pracy pocz\u0105tkowo zak\u0142ada\u0142, \u017ce inspektor pracy b\u0119dzie m\u00f3g\u0142, w\u00a0drodze decyzji administracyjnej, przekszta\u0142ca\u0107 umowy cywilnoprawne lub B2B w\u00a0umowy o\u00a0prac\u0119, je\u015bli uzna, \u017ce maj\u0105 one charakter pozorny (np. praca wykonywana tylko dla jednego pracodawcy, w\u00a0sta\u0142ych godzinach).<\/p>\n<p> <img role=\"presentation\" class=\"absolute left-1\/2 top-1\/2 max-h-[80%] max-w-[100px] -translate-x-1\/2 -translate-y-1\/2\" src=\"https:\/\/v.wpimg.pl\/ZXJfd3AudTkrBBIAbg54LGhcRlAxHQUrPgJGH2MAeGJoSQ1eIBI_K2UHAEVuBTY5KQMMXC0RPyoVERQdMgM9ejc\" loading=\"lazy\" decoding=\"async\"\/><\/p>\n<p>Zaliczy\u0142 bankructwo i\u00a0powr\u00f3ci\u0142. M\u00f3wi szczerze, co\u00a0go\u00a0uratowa\u0142o <\/p>\n<p>W toku rz\u0105dowych dyskusji, momentami bardzo ostrych, propozycja by\u0142a okrajana &#8211;\u00a0usuni\u0119to m.in. zapis m\u00f3wi\u0105cy o\u00a0mo\u017cliwo\u015bci wydania przez inspektora decyzji z\u00a0moc\u0105 wsteczn\u0105 czy rygor natychmiastowej wykonalno\u015bci. Projekt otrzyma\u0142 nawet zielone \u015bwiat\u0142o ze strony Sta\u0142ego Komitetu Rady Ministr\u00f3w i\u00a0wydawa\u0142o si\u0119, \u017ce wkr\u00f3tce trafi na posiedzenie rz\u0105du, a\u00a0nast\u0119pnie do <a href=\"https:\/\/www.money.pl\/wiadomosci\/sejm.html\" rel=\"noopener noreferrer nofollow\" target=\"_blank\">Sejmu<\/a>. <\/p>\n<p>Mimo to kontrowersje wr\u00f3ci\u0142y i\u00a0w\u00a0ubieg\u0142ym tygodniu projekt zosta\u0142 &#8222;zawr\u00f3cony&#8221; do dalszych szlif\u00f3w w\u00a0ramach rz\u0105du. Teraz temat ostatecznie przeci\u0105\u0142 wtorkow\u0105 wypowiedzi\u0105 premier, czym mocno narazi\u0142 si\u0119 dw\u00f3m koalicjantom &#8211;\u00a0Lewicy i\u00a0Polsce 2050.<\/p>\n<p> <img role=\"presentation\" class=\"absolute left-1\/2 top-1\/2 max-h-[80%] max-w-[100px] -translate-x-1\/2 -translate-y-1\/2\" src=\"https:\/\/v.wpimg.pl\/ZXJfd3AudTkrBBIAbg54LGhcRlAxHQUrPgJGH2MAeGJoSQ1eIBI_K2UHAEVuBTY5KQMMXC0RPyoVERQdMgM9ejc\" loading=\"lazy\" decoding=\"async\"\/><\/p>\n<p>Lewica: &#8222;nie odpu\u015bcimy&#8221; <\/p>\n<p>Lewicy premier podpad\u0142 z\u00a0oczywistego powodu &#8211;\u00a0reforma PIP to by\u0142 sztandarowy projekt ustawy minister pracy Agnieszki Dziemianowicz-B\u0105k, propozycje te w\u00a0ostatnim czasie mocno promowa\u0142 tak\u017ce marsza\u0142ek Sejmu W\u0142odzimierz Czarzasty. &#8211;\u00a0Szef postanowi\u0142 chyba ukr\u00f3ci\u0107 zbyt dobre samopoczucie lidera Lewicy w\u00a0ostatnim czasie &#8211;\u00a0ocenia sytuacj\u0119 nasz rozm\u00f3wca z\u00a0Koalicji Obywatelskiej.<\/p>\n<blockquote><p>W samym resorcie pracy s\u0142yszymy g\u0142osy zw\u0105tpienia. &#8211;\u00a0Ministerstwo swoje zrobi\u0142o, tzn. przygotowa\u0142o projekt ustawy, realizuj\u0105cej za\u0142o\u017cenia kamienia milowego KPO. Reszta jest po stronie pana premiera &#8211;\u00a0wskazuje rozm\u00f3wca i\u00a0przyznaje, \u017ce na ten moment nie ma wypracowanego &#8222;planu B&#8221;.<\/p><\/blockquote>\n<p>Na razie przekaz partyjny Lewicy brzmi: &#8222;jeste\u015bmy gotowi do negocjacji reformy PIP, ale nie jej zaniechania&#8221;. &#8211;\u00a0Jako Lewica nie odpu\u015bcimy walki z\u00a0umowami \u015bmieciowymi, bo to przede wszystkim krzywda ludzi &#8211;\u00a0przekonuje nas \u0141ukasz Michnik, rzecznik ugrupowania.<\/p>\n<p> <img role=\"presentation\" class=\"absolute left-1\/2 top-1\/2 max-h-[80%] max-w-[100px] -translate-x-1\/2 -translate-y-1\/2\" src=\"https:\/\/v.wpimg.pl\/ZXJfd3AudTkrBBIAbg54LGhcRlAxHQUrPgJGH2MAeGJoSQ1eIBI_K2UHAEVuBTY5KQMMXC0RPyoVERQdMgM9ejc\" loading=\"lazy\" decoding=\"async\"\/> <\/p>\n<p>W nieoficjalnych rozmowach s\u0142yszymy, \u017ce w\u00a0Lewicy trwaj\u0105 rozwa\u017cania dotycz\u0105ce tego, czy i\u00a0w\u00a0jaki spos\u00f3b odegra\u0107 si\u0119 na KO. Ale nie tylko, bo pretensje kierowane s\u0105 tak\u017ce w\u00a0stron\u0119 W\u0142adys\u0142awa Kosiniaka-Kamysza, kt\u00f3ry trzyma w\u00a0tej sprawie wsp\u00f3lny front z\u00a0Tuskiem. &#8211;\u00a0Rzeczywi\u015bcie na Lewicy s\u0105 wkurzeni, zastanawiamy si\u0119, czy to si\u0119 nie sko\u0144czy jakim\u015b odwetem &#8211;\u00a0przyznaje rozm\u00f3wca z\u00a0KO.<\/p>\n<p>Komplikacje z\u00a0KPO <\/p>\n<p>Z perspektywy drugiego koalicjanta KO, czyli Polski 2050, problemem jest aktualnie to, \u017ce trzeba na nowo usi\u0105\u015b\u0107 do sto\u0142u negocjacyjnego z\u00a0Komisj\u0105 Europejsk\u0105. <a href=\"https:\/\/www.money.pl\/gospodarka\/ministra-ujawnia-polska-zmniejsza-pule-pozyczek-z-kpo-oto-liczby-7232334139288480a.html\" rel=\"noopener noreferrer nofollow\" target=\"_blank\">Wynika to z\u00a0faktu, \u017ce reforma PIP by\u0142a kamieniem milowym KPO.<\/a> Decyzja premiera, jak s\u0142yszymy od rozm\u00f3wcy z\u00a0rz\u0105du, mo\u017ce spowodowa\u0107, \u017ce w\u00a0tych negocjacjach polegniemy. &#8211;\u00a0To nam kompletnie sabotuje negocjacje i\u00a0wszystkie sprawy zwi\u0105zane z\u00a0KPO &#8211;\u00a0przekonuje rozm\u00f3wca.<\/p>\n<p> <img role=\"presentation\" class=\"absolute left-1\/2 top-1\/2 max-h-[80%] max-w-[100px] -translate-x-1\/2 -translate-y-1\/2\" src=\"https:\/\/v.wpimg.pl\/ZXJfd3AudTkrBBIAbg54LGhcRlAxHQUrPgJGH2MAeGJoSQ1eIBI_K2UHAEVuBTY5KQMMXC0RPyoVERQdMgM9ejc\" loading=\"lazy\" decoding=\"async\"\/> <\/p>\n<p>Podstawowy problem jest taki, \u017ce to przecie\u017c obecny rz\u0105d wynegocjowa\u0142 tak\u0105 tre\u015b\u0107 kamienia milowego KPO. Zast\u0105pi\u0142 on wcze\u015bniejszy kamie\u0144, wynegocjowany przez rz\u0105d PiS i\u00a0m\u00f3wi\u0105cy o\u00a0ozusowaniu um\u00f3w zlece\u0144 i\u00a0o\u00a0dzie\u0142o. Obecny ob\u00f3z rz\u0105dz\u0105cy zaproponowa\u0142 w\u00a0to miejsce reform\u0119 PIP, a\u00a0resort pracy przygotowa\u0142 projekt ustawy, kt\u00f3ry premier zablokowa\u0142.<\/p>\n<blockquote><p>Poprzedni\u0105 reform\u0119, t\u0119 o\u00a0ozusowaniu um\u00f3w cywilnoprawnych, odkr\u0119cali\u015bmy przez trzy miesi\u0105ce. Dzi\u015b takiego czasu nie mamy (ko\u0144czy si\u0119 okres, w\u00a0kt\u00f3rym trzeba wyda\u0107 pieni\u0105dze z\u00a0KPO &#8211;\u00a0przyp. red.), a\u00a0poza tym mieliby\u015bmy odkr\u0119ca\u0107 reform\u0119, kt\u00f3r\u0105 sami zaproponowali\u015bmy. Zreszt\u0105 Komisja dowiedzia\u0142a si\u0119 o\u00a0decyzji premiera z\u00a0medi\u00f3w. Nie widz\u0119 tu dla nas &#8222;okoliczno\u015bci \u0142agodz\u0105cych&#8221;, Tusk bardzo utrudni\u0142 te negocjacje, nie tylko zreszt\u0105 w\u00a0tej kwestii, ale w\u00a0og\u00f3le, je\u015bli chodzi o\u00a0rewizj\u0119 KPO &#8211;\u00a0wskazuje rz\u0105dowy rozm\u00f3wca.<\/p><\/blockquote>\n<p> <img role=\"presentation\" class=\"absolute left-1\/2 top-1\/2 max-h-[80%] max-w-[100px] -translate-x-1\/2 -translate-y-1\/2\" src=\"https:\/\/v.wpimg.pl\/ZXJfd3AudTkrBBIAbg54LGhcRlAxHQUrPgJGH2MAeGJoSQ1eIBI_K2UHAEVuBTY5KQMMXC0RPyoVERQdMgM9ejc\" loading=\"lazy\" decoding=\"async\"\/> <\/p>\n<p>Jak dodaje, przed rz\u0105dem jeszcze jedna rewizja, gdzie b\u0119d\u0105 &#8222;du\u017ce miliardy do uratowania&#8221;, w\u00a0tym s\u0142ynne <a href=\"https:\/\/www.money.pl\/gospodarka\/oplat-od-aut-spalinowych-mialo-nie-byc-a-nadal-sa-tak-tlumaczy-sie-rzad-7227788758371232a.html\" rel=\"noopener noreferrer nofollow\" target=\"_blank\">&#8222;podatki Morawieckiego&#8221;<\/a>, czyli dodatkowe op\u0142aty od aut spalinowych, od kt\u00f3rych rz\u0105dz\u0105cy zamierzaj\u0105 odej\u015b\u0107 na rzecz innych reform z\u00a0zakresu energetyki. I\u00a0wed\u0142ug naszego rozm\u00f3wcy tu r\u00f3wnie\u017c Komisja mo\u017ce usztywni\u0107 stanowisko.<\/p>\n<p>Kolejny problem, jak wskazuje osoba z\u00a0rz\u0105du, to potencjalnie utracone \u015brodki z\u00a0KPO za niezrealizowan\u0105 reform\u0119. Jak du\u017ce? Tu szacunki s\u0105 r\u00f3\u017cne. Lewica szacuje ten ubytek na kwot\u0119 ok. 11 mld z\u0142, <a href=\"https:\/\/www.money.pl\/gospodarka\/albo-reforma-inspekcji-pracy-albo-2-mld-euro-kary-to-nam-grozi-news-money-pl-7229240251259840a.html\" rel=\"noopener noreferrer nofollow\" target=\"_blank\">my wcze\u015bniej &#8211;\u00a0na podstawie przes\u0142uch\u00f3w z\u00a0rz\u0105du &#8211;\u00a0podawali\u015bmy kwot\u0119 ok. 2\u00a0mld euro<\/a> (ok. 8,4 mld z\u0142). Dzi\u015b s\u0142yszymy du\u017co wi\u0119kszy rozstrza\u0142, wynosz\u0105cy od 4\u00a0do nawet 20 mld z\u0142.<\/p>\n<blockquote><p>Wyliczenie tego nie jest proste, bo przy naliczaniu tej korekty finansowej obowi\u0105zuje skomplikowany algorytm, kt\u00f3ry ma mocno uznaniowy charakter, a\u00a0w\u00a0dodatku sama Komisja jeszcze nie mia\u0142a okazji z\u00a0niego skorzysta\u0107 &#8211;\u00a0przyznaje rozm\u00f3wca z\u00a0rz\u0105du.<\/p><\/blockquote>\n<p> <img role=\"presentation\" class=\"absolute left-1\/2 top-1\/2 max-h-[80%] max-w-[100px] -translate-x-1\/2 -translate-y-1\/2\" src=\"https:\/\/v.wpimg.pl\/ZXJfd3AudTkrBBIAbg54LGhcRlAxHQUrPgJGH2MAeGJoSQ1eIBI_K2UHAEVuBTY5KQMMXC0RPyoVERQdMgM9ejc\" loading=\"lazy\" decoding=\"async\"\/><\/p>\n<p>Emocje musz\u0105 opa\u015b\u0107 <\/p>\n<p>Cho\u0107 Lewica zapowiada, \u017ce nie odpu\u015bci reformy PIP, to jednak wci\u0105\u017c nie wiadomo, w\u00a0jaki spos\u00f3b ugryzie temat ponownie, np. czy resort pracy z\u0142o\u017cy nowy projekt, tym razem niezwi\u0105zany ju\u017c w\u00a0\u017caden spos\u00f3b z\u00a0reformami z\u00a0<a href=\"https:\/\/www.money.pl\/wiadomosci\/kpo.html\" rel=\"noopener noreferrer nofollow\" target=\"_blank\">KPO<\/a>.<\/p>\n<p>Politycy KO s\u0105 na rozmowy otwarci, ale czekaj\u0105, a\u017c opadn\u0105 polityczne emocje wok\u00f3\u0142 sprawy. &#8211;\u00a0Wiadomo, \u017ce Lewica ma inn\u0105 wra\u017cliwo\u015b\u0107 w\u00a0tej sprawie ni\u017c Koalicja Obywatelska, kt\u00f3ra jest nastawiona bardziej liberalnie i\u00a0proprzedsi\u0119biorczo, ale my\u015bl\u0119, \u017ce powinni\u015bmy rozmawia\u0107 o\u00a0tym mi\u0119dzy sob\u0105 bezpo\u015brednio, a\u00a0nie przez po\u015brednik\u00f3w &#8211;\u00a0m\u00f3wi Zbigniew Konwi\u0144ski, przewodnicz\u0105cy klubu KO.<\/p>\n<p>Tomasz \u017b\u00f3\u0142ciak i\u00a0Grzegorz Osiecki, dziennikarze Wirtualnej Polski i\u00a0Money.pl<\/p>\n","protected":false},"excerpt":{"rendered":"&#8211; Podj\u0105\u0142em decyzj\u0119, \u017ceby nie kontynuowa\u0107 pracy nad tego typu reform\u0105. Spraw\u0119 uwa\u017cam z\u00a0mojego punktu widzenia za zamkni\u0119t\u0105&hellip;\n","protected":false},"author":2,"featured_media":193194,"comment_status":"","ping_status":"","sticky":false,"template":"","format":"standard","meta":{"footnotes":""},"categories":[5],"tags":[32,33,36,37,27,34,35,28,31,25,42,38,40,39,41,29,30,26],"class_list":{"0":"post-193193","1":"post","2":"type-post","3":"status-publish","4":"format-standard","5":"has-post-thumbnail","7":"category-naglowki","8":"tag-breaking-news","9":"tag-breakingnews","10":"tag-featured-news","11":"tag-featurednews","12":"tag-headlines","13":"tag-latest-news","14":"tag-latestnews","15":"tag-naglowki","16":"tag-najwazniejsze-artykuly","17":"tag-news","18":"tag-pl","19":"tag-poland","20":"tag-polish","21":"tag-polska","22":"tag-polski","23":"tag-top-stories","24":"tag-topstories","25":"tag-wiadomosci"},"share_on_mastodon":{"url":"https:\/\/pubeurope.com\/@pl\/115858165220581054","error":""},"_links":{"self":[{"href":"https:\/\/www.europesays.com\/pl\/wp-json\/wp\/v2\/posts\/193193","targetHints":{"allow":["GET"]}}],"collection":[{"href":"https:\/\/www.europesays.com\/pl\/wp-json\/wp\/v2\/posts"}],"about":[{"href":"https:\/\/www.europesays.com\/pl\/wp-json\/wp\/v2\/types\/post"}],"author":[{"embeddable":true,"href":"https:\/\/www.europesays.com\/pl\/wp-json\/wp\/v2\/users\/2"}],"replies":[{"embeddable":true,"href":"https:\/\/www.europesays.com\/pl\/wp-json\/wp\/v2\/comments?post=193193"}],"version-history":[{"count":0,"href":"https:\/\/www.europesays.com\/pl\/wp-json\/wp\/v2\/posts\/193193\/revisions"}],"wp:featuredmedia":[{"embeddable":true,"href":"https:\/\/www.europesays.com\/pl\/wp-json\/wp\/v2\/media\/193194"}],"wp:attachment":[{"href":"https:\/\/www.europesays.com\/pl\/wp-json\/wp\/v2\/media?parent=193193"}],"wp:term":[{"taxonomy":"category","embeddable":true,"href":"https:\/\/www.europesays.com\/pl\/wp-json\/wp\/v2\/categories?post=193193"},{"taxonomy":"post_tag","embeddable":true,"href":"https:\/\/www.europesays.com\/pl\/wp-json\/wp\/v2\/tags?post=193193"}],"curies":[{"name":"wp","href":"https:\/\/api.w.org\/{rel}","templated":true}]}}