{"id":193211,"date":"2026-01-08T07:05:04","date_gmt":"2026-01-08T07:05:04","guid":{"rendered":"https:\/\/www.europesays.com\/pl\/193211\/"},"modified":"2026-01-08T07:05:04","modified_gmt":"2026-01-08T07:05:04","slug":"sprawa-o-narkotyki-gra-o-rope-o-procesie-maduro-mowi-adwokat-z-nowego-jorku","status":"publish","type":"post","link":"https:\/\/www.europesays.com\/pl\/193211\/","title":{"rendered":"Sprawa o narkotyki, gra o rop\u0119. O procesie Maduro m\u00f3wi adwokat z Nowego Jorku"},"content":{"rendered":"<p data-section=\"detail-body\">Jolanta Ojczyk, Business Insider Polska: Jak mo\u017ce przebiega\u0107 proces Nicol\u00e1sa <a href=\"https:\/\/businessinsider.com.pl\/maduro\" id=\"f768cd97-1808-4a10-b210-8f33d3fbf1c4\" rel=\"nofollow noopener\" target=\"_blank\">Maduro<\/a>, prezydenta Wenezueli, uprowadzonego 3 stycznia przez USA? Czy s\u0119dzia Alvin Hellerstein mo\u017ce uwzgl\u0119dni\u0107 wnioski obrony, o tym, \u017ce wci\u0105\u017c jest g\u0142ow\u0105 pa\u0144stwa i chroni go immunitet?<\/p>\n<p class=\"article_p\" data-section=\"detail-body\">Jaros\u0142aw Kurpiejewski, partner w kancelarii KBiW, adwokat w Nowym Jorku: Z prawnego punktu widzenia, my\u015bl\u0119, \u017ce sam proces Maduro mo\u017ce by\u0107 podobny w wielu aspektach do tego, kt\u00f3ry spotka\u0142 Manuela Norieg\u0119. Noriega r\u00f3wnie\u017c twierdzi\u0142, \u017ce jego pojmanie narusza\u0142o prawo mi\u0119dzynarodowe, \u017ce sama inwazja na Panam\u0119 by\u0142a bezprawna oraz \u017ce przys\u0142ugiwa\u0142 mu immunitet. Przegra\u0142 we wszystkich tych twierdzeniach.<\/p>\n<p class=\"article_p\" data-section=\"detail-body\">Mo\u017cemy spodziewa\u0107 si\u0119, \u017ce s\u0105d federalny w Nowym Yorku r\u00f3wnie\u017c uzna, \u017ce sam spos\u00f3b, w jaki Maduro zosta\u0142 doprowadzony przed s\u0105d w USA, nawet si\u0142\u0105, nie pozbawia s\u0105du jurysdykcji. S\u0105d w sprawie Noriegii odm\u00f3wi\u0142 te\u017c nawet rozwa\u017cania legalno\u015bci samej inwazji na Panam\u0119 i pewnie tutaj b\u0119dzie podobnie.<\/p>\n<p class=\"article_p\" data-section=\"detail-body\">Jak pan ocenia postawione zarzuty?<\/p>\n<p>            Czytaj tak\u017ce w BUSINESS INSIDER<\/p>\n<p class=\"article_p\" data-section=\"detail-body\">Akt oskar\u017cenia przeciwko Nicol\u00e1sowi Maduro Morosowi, a tak\u017ce jego \u017conie Cilii Adela Flores De Maduro i kilku innym wysokim rang\u0105 wenezuelskim urz\u0119dnikom oraz ich wsp\u00f3\u0142pracownikom stanowi bardzo z\u0142o\u017con\u0105 federaln\u0105 spraw\u0119 karn\u0105 wniesion\u0105 do S\u0105du Okr\u0119gowego w USA dla Po\u0142udniowego Dystryktu Nowego Jorku.<\/p>\n<p class=\"article_p\" data-section=\"detail-body\">Zarzuty obejmuj\u0105 ponad dwie dekady domniemanej dzia\u0142alno\u015bci przest\u0119pczej i koncentruj\u0105 si\u0119 na zakrojonym na szerok\u0105 skal\u0119 handlu narkotykami, narkoterroryzmie oraz powi\u0105zanych przest\u0119pstwach dotycz\u0105cych broni palnej.<\/p>\n<p class=\"article_p\" data-section=\"detail-body\">Zarzuty w akcie oskar\u017cenia przedstawiaj\u0105 wi\u0119c obraz d\u0142ugotrwa\u0142ego, sponsorowanego przez pa\u0144stwo przedsi\u0119wzi\u0119cia przest\u0119pczego z udzia\u0142em najwy\u017cszych szczebli wenezuelskiego rz\u0105du na czele z Nicol\u00e1sem Maduro.<\/p>\n<p class=\"article_p\" data-section=\"detail-body\">Zobacz te\u017c: <a href=\"https:\/\/businessinsider.com.pl\/prawo\/czy-maduro-jest-jencem-wojennym-czy-chroni-go-immunitet-oto-odpowiedzi-na\/esgryqb\" id=\"b2268a27-46f3-4b54-af00-c42dfdfdf722\" rel=\"nofollow noopener\" target=\"_blank\">Proces Maduro w USA. To przest\u0119pca, jeniec wojenny czy g\u0142owa pa\u0144stwa?<\/a><\/p>\n<p>                    <img decoding=\"async\" loading=\"lazy\" class=\"article-image_container--img\" id=\"image_3c3f602f-7e54-4824-93b3-1d6ef70ed92f\" alt=\"Nicol\u00e1s Maduro (z lewej) oraz jego \u017cona Cilia Flores (druga od prawej) wraz z adwokatami w s\u0105dzie 5 stycznia 2026 r.\" src=\"https:\/\/www.europesays.com\/pl\/wp-content\/uploads\/2026\/01\/AWVk9kpTURBXy82NTIzNWM3OGUwZjUzYTM1ZmUxMWUzOTAzNjZlYmIxMS5qcGeRkwLNA5gA3gACoTABoTEB.jpeg\"\/><\/p>\n<p>            Nicol\u00e1s Maduro (z lewej) oraz jego \u017cona Cilia Flores (druga od prawej) wraz z adwokatami w s\u0105dzie 5 stycznia 2026 r.<\/p>\n<p>                    |<br \/>\n                    Elizabeth Williams\/Associated Press\/East News \/ East News<\/p>\n<p>        Trump da\u0142 nowe narz\u0119dzia do walki<\/p>\n<p class=\"article_p\" data-section=\"detail-body\">To bardzo powa\u017cne oskar\u017cenia.<\/p>\n<p class=\"article_p\" data-section=\"detail-body\">Zarzuty nale\u017c\u0105 do najpowa\u017cniejszych w federalnym kodeksie karnym i mog\u0105 skutkowa\u0107 karami do\u017cywotniego pozbawienia wolno\u015bci. W szczeg\u00f3lno\u015bci zarzut narkoterroryzmu jest powa\u017cny, poniewa\u017c prawo i rz\u0105d USA traktuje te dzia\u0142ania jako zagro\u017cenia nie tylko dla zdrowia publicznego, lecz tak\u017ce dla bezpiecze\u0144stwa krajowego i mi\u0119dzynarodowego.<\/p>\n<p class=\"article_p\" data-section=\"detail-body\">Akt oskar\u017cenia jest r\u00f3wnie\u017c wyj\u0105tkowy ze wzgl\u0119du na szczeg\u00f3\u0142owe zarzuty, \u017ce urz\u0119duj\u0105cy i byli przedstawiciele rz\u0105du, w tym g\u0142owa pa\u0144stwa, systematycznie wykorzystywali zasoby pa\u0144stwowe i w\u0142adz\u0119 do u\u0142atwiania oraz ochrony operacji narkotykowych, nakazywania porwa\u0144, pobi\u0107, morderstw, przyjmowania \u0142ap\u00f3wek, wydawania paszport\u00f3w handlarzom narkotyk\u00f3w, czyli tym samym przekszta\u0142cali dzia\u0142anie aparatu pa\u0144stwowego w struktur\u0119 przest\u0119pcz\u0105.<\/p>\n<p class=\"article_p\" data-section=\"detail-body\">M\u00f3wi si\u0119 jednak, \u017ce zmodyfikowano akt oskar\u017cenia. To du\u017ce zmiany?<\/p>\n<p class=\"article_p\" data-section=\"detail-body\">Departament Sprawiedliwo\u015bci zmodyfikowa\u0142 akt oskar\u017cenia usuwaj\u0105c z niego elementy powo\u0142uj\u0105ce si\u0119 na dowodzenie przez Maduro kartelem narkotykowym &#8222;Cartel de los Soles&#8221;. Najpewniej jest to spowodowane trudno\u015bci\u0105 w wykazaniu kierownictwa ze strony Maduro. Departament nie chce ryzykowa\u0107 przegranej w tym zakresie. G\u0142\u00f3wne zarzuty jak narkoterroryzm, posiadanie broni, przemyt narkotyk\u00f3w nadal pozostaj\u0105 w akcie oskar\u017cenia mimo lekkich zmian j\u0119zykowych i oceny ich kwalifikacji.<\/p>\n<p class=\"article_p\" data-section=\"detail-body\">Przeanalizujmy zarzuty po kolei. Po pierwsze zarzuca si\u0119 Maduro spisek w celu pope\u0142nienia narkoterroryzmu. <\/p>\n<p class=\"article_p\" data-section=\"detail-body\">Zarzut ten stanowi, \u017ce Maduro oraz wsp\u00f3\u0142oskar\u017ceni spiskowali w celu dystrybucji kokainy, maj\u0105c \u015bwiadomo\u015b\u0107 i zamiar przekazania zagranicznym organizacjom terrorystycznym (FTO), w tym FARC, ELN, kartelowi z Sinaloa, Los Zetas oraz TdA &#8222;korzy\u015bci maj\u0105tkowej&#8221;. Zarzut wniesiono na podstawie Dzia\u0142u 21 Kodeksu Stan\u00f3w Zjednoczonych (U.S.C.) par. 960a, kt\u00f3ry penalizuje handel narkotykami wspieraj\u0105cy terroryzm.<\/p>\n<p class=\"article_p\" data-section=\"detail-body\">To powa\u017cny zarzut?<\/p>\n<p class=\"article_p\" data-section=\"detail-body\">Waga tego zarzutu jest szczeg\u00f3lnie du\u017ca z uwagi na fakt, \u017ce handel narkotykami zosta\u0142 bezpo\u015brednio powi\u0105zany z dzia\u0142alno\u015bci\u0105 terrorystyczn\u0105, co powoduje zakwalifikowanie tych czyn\u00f3w nie tylko jako przest\u0119pstw narkotykowych, lecz tak\u017ce jako dzia\u0142a\u0144 zagra\u017caj\u0105cych bezpiecze\u0144stwu narodowemu USA.<\/p>\n<p class=\"article_p\" data-section=\"detail-body\">Warto r\u00f3wnie\u017c przypomnie\u0107 sobie, znaczenie oznaczenia kartelu Sinaola, CDN, MS-13 i innych z 20 lutego 2025 r., jako Obce Organizacje Terrorystyczne (FTO \u2014 red.) przez Departament Stanu, kt\u00f3ry tym samym zrealizowa\u0142 obietnice prezydenta Trumpa.<\/p>\n<p class=\"article_p\" data-section=\"detail-body\">Co to znaczy w praktyce?<\/p>\n<p class=\"article_p\" data-section=\"detail-body\">Prezydent Trump wielokrotnie wskazywa\u0142 na to, \u017ce uznanie tych grup jako FTO pozwoli skuteczniej walczy\u0107 z tymi brutalnymi grupami zar\u00f3wno w USA, jak i na arenie mi\u0119dzynarodowej i da organom \u015bcigania dodatkowe narz\u0119dzia do walki. To oznaczenie, wielokrotnie wspominane w akcie oskar\u017cenia, jest bezpo\u015brednio powi\u0105zane z zarzutami ustawowymi wniesionymi przeciwko oskar\u017conym, oraz stanowi przes\u0142ank\u0119 ustawow\u0105 i fundament dla teorii prawnej w sprawie dla niekt\u00f3rych zarzut\u00f3w np. zarzutu pierwszego na mocy 21 U.S.C. \u00a7 960a.<\/p>\n<p class=\"article_p\" data-section=\"detail-body\">Po drugie prokuratura zarzuca Maduro spisek w celu importu kokainy.<\/p>\n<p class=\"article_p\" data-section=\"detail-body\">Ten zarzut dotyczy spisku maj\u0105cego na celu import znacznych ilo\u015bci kokainy do USA, a tak\u017ce jej produkcji i dystrybucji z wiedz\u0105 lub zamiarem, \u017ce zostanie ona nielegalnie wprowadzona na terytorium USA lub do w\u00f3d terytorialnych USA. Akt oskar\u017cenia wskazuje ilo\u015bci przekraczaj\u0105ce pi\u0119\u0107 kilogram\u00f3w, co uruchamia najsurowsze sankcje przewidziane w prawie federalnym.<\/p>\n<p class=\"article_p\" data-section=\"detail-body\">Trzeci i czwarty zarzut odnosi si\u0119 do posiadania broni oraz urz\u0105dze\u0144 niszcz\u0105cych w zwi\u0105zku z przest\u0119pstwami narkotykowymi. <\/p>\n<p class=\"article_p\" data-section=\"detail-body\">Zarzut trzeci obejmuje \u015bwiadome u\u017cywanie, noszenie i posiadanie takiej broni oraz pod\u017ceganie innych do tych dzia\u0142a\u0144, natomiast zarzut czwarty dotyczy spisku maj\u0105cego na celu posiadanie i u\u017cywanie broni wojskowej, przy czym odpowiedzialno\u015b\u0107 mog\u0105 ponie\u015b\u0107 wszyscy uczestnicy spisku, nawet je\u015bli nie mieli oni broni osobi\u015bcie. Oba zarzuty przewiduj\u0105 zaostrzone kary ze wzgl\u0119du na u\u017cycie broni wojskowej w zwi\u0105zku z przest\u0119pstwami narkotykowymi.<\/p>\n<p>        Bez kaucji, z \u0142aw\u0105 przysi\u0119g\u0142ych<\/p>\n<p class=\"article_p\" data-section=\"detail-body\">Czy z aktu oskar\u017cenia wynika, jak twarde dowody ma prokuratura?<\/p>\n<p class=\"article_p\" data-section=\"detail-body\">Obecnie trudno oceni\u0107 jest podstawy prawne przeciwko Maduro, poniewa\u017c sam akt oskar\u017cenia nie musi i cz\u0119sto (tak jak w tej sprawie \u2014 red) nie zawiera szczeg\u00f3\u0142owych dowod\u00f3w, jakie prokuratorzy posiadaj\u0105 przeciwko Maduro.<\/p>\n<p class=\"article_p\" data-section=\"detail-body\">Z uwagi na natur\u0119 post\u0119powania o wielu dowodach mo\u017cemy si\u0119 te\u017c nie dowiedzie\u0107, poniewa\u017c sami adwokaci najprawdopodobniej b\u0119d\u0105 musieli uzyska\u0107 tzw. Security Clearances, czyli certyfikaty bezpiecze\u0144stwa, aby uzyska\u0107 dost\u0119p do informacji niejawnych i wra\u017cliwych.<\/p>\n<p class=\"article_p\" data-section=\"detail-body\">Na pierwszej rozprawie 5 stycznia 2026 r. Nicolas Maduro wraz z \u017con\u0105 nie przyznali si\u0119 do winy w zwi\u0105zku z postawionymi im zarzutami. Ile potrwa sprawa, je\u015bli s\u0105d, tak jak pan przypuszcza, nie uzna immunitetu Maduro?<\/p>\n<p class=\"article_p\" data-section=\"detail-body\">Poniedzia\u0142kowa rozprawa wst\u0119pna (Arraignment \u2014 red.) to jedynie pierwszy oficjalny termin w s\u0105dzie po postawieniu zarzut\u00f3w, kt\u00f3rego g\u0142\u00f3wnym celem by\u0142o poinformowanie oskar\u017conych o zarzutach, z\u0142o\u017cenie formalnej odpowiedzi i ustalenie dalszych krok\u00f3w post\u0119powania. Tego typu sprawa karna mo\u017ce spokojnie trwa\u0107 kilka lat od aktu oskar\u017cenia do zako\u0144czenia post\u0119powania. <\/p>\n<p class=\"article_p\" data-section=\"detail-body\">Status oskar\u017conych, ilo\u015b\u0107 i wra\u017cliwo\u015b\u0107 dowod\u00f3w, w tym materia\u0142\u00f3w zastrze\u017conych, z\u0142o\u017cona logistyka zwi\u0105zana ze \u015bwiadkami mi\u0119dzynarodowymi oraz apelacje sprawia, \u017ce sam etap przedprocesowy mo\u017ce trwa\u0107 kilku lat.<\/p>\n<p class=\"article_p\" data-section=\"detail-body\">Czy w takim procesie uczestnicz\u0105 \u0142awnicy?<\/p>\n<p class=\"article_p\" data-section=\"detail-body\">Mo\u017cliwe, \u017ce w sprawie decydowa\u0142a b\u0119dzie \u0142awa przysi\u0119g\u0142ych. Do takiego procesu maj\u0105 prawo oskar\u017ceni, jak i oskar\u017cyciele, o ile sprawa nie zako\u0144czy si\u0119 ugod\u0105 lub oddaleniem zarzut\u00f3w, co jest ma\u0142o prawdopodobne. Zanim Maduro stanie przed \u0142aw\u0105 przysi\u0119g\u0142ych, s\u0105d musi zbada\u0107 kwestie immunitetu, legalno\u015bci zatrzymania i inne elementy przedprocesowe. Mo\u017ce wi\u0119c up\u0142yn\u0105\u0107 wiele miesi\u0119cy, zanim sprawa trafi przed \u0142aw\u0119 przysi\u0119g\u0142ych.<\/p>\n<p class=\"article_p\" data-section=\"detail-body\">Czy Maduro i jego \u017cona mog\u0105 przebywa\u0107 w areszcie a\u017c do og\u0142oszenia wyroku, czy mog\u0105 zosta\u0107 zwolnieni za kaucj\u0105? <\/p>\n<p class=\"article_p\" data-section=\"detail-body\">5 stycznia 2026 r. Maduro i jego \u017cona nie ubiegali si\u0119 o zwolnienie za kaucj\u0105. Mog\u0105 to zrobi\u0107 p\u00f3\u017aniej, jednak to oznacza, \u017ce pozostan\u0105 w areszcie. Na podstawie przedstawionego aktu oskar\u017cenia zar\u00f3wno Nicol\u00e1s Maduro Moros, jak i Cilia Adela Flores de Maduro stoj\u0105 w obliczu niezwykle powa\u017cnych zarzut\u00f3w federalnych, kt\u00f3re poci\u0105gaj\u0105 za sob\u0105 znacz\u0105ce kary i zazwyczaj s\u0105 uznawane w prawie ameryka\u0144skim za przest\u0119pstwa niepodlegaj\u0105ce zwolnieniu za kaucj\u0105, zw\u0142aszcza w przypadku przest\u0119pczo\u015bci na du\u017c\u0105 skal\u0119, terroryzmu i u\u017cycia broni palnej.<\/p>\n<p class=\"article_p\" data-section=\"detail-body\">Ca\u0142y proces sp\u0119dz\u0105 wi\u0119c za kratkami?<\/p>\n<p class=\"article_p\" data-section=\"detail-body\">Ci\u0119\u017cko wyobrazi\u0107 sobie sytuacj\u0119, w kt\u00f3rej Maduro zosta\u0142by zwolniony z aresztu, bior\u0105c pod uwag\u0119 powag\u0119 zarzut\u00f3w, kt\u00f3re dotycz\u0105 wieloletniego zaanga\u017cowania w mi\u0119dzynarodowy handel narkotykami, narkoterroryzm i dzia\u0142alno\u015b\u0107 przest\u0119pcz\u0105 z u\u017cyciem przemocy, w tym wsp\u00f3\u0142prac\u0119 z uznanymi organizacjami terrorystycznymi.<\/p>\n<p class=\"article_p\" data-section=\"detail-body\">Dodatkowo wysokie ryzyko ucieczki Maduro, potencjalne zagro\u017cenie dla spo\u0142ecze\u0144stwa w USA zwi\u0105zane z udzia\u0142em w zorganizowanych strukturach przest\u0119pczych, przekupstwach i aktach przemocy oraz precedensy w podobnych sprawach wskazuj\u0105, \u017ce w przypadku cudzoziemc\u00f3w oskar\u017conych o przest\u0119pstwa na du\u017c\u0105 skal\u0119, w tym handel narkotykami i terroryzm, areszt przedprocesowy jest praktycznie regu\u0142\u0105.<\/p>\n<p>        Gra o rop\u0119, os\u0142abienie Kuby i&#8230; imigrant\u00f3w<\/p>\n<p class=\"article_p\" data-section=\"detail-body\">Sprawa uprowadzenia Maduro ma przede wszystkim wyd\u017awi\u0119k polityczny. O co chodzi Donaldowi Trumpowi: walk\u0119 narkotykami, z re\u017cimem czy jeszcze co\u015b innego?<\/p>\n<p class=\"article_p\" data-section=\"detail-body\">Z bardziej politycznego punktu widzenia uwa\u017cam, \u017ce nie do ko\u0144ca oczywi\u015bcie chodzi o obron\u0119 demokracji czy nawet sam\u0105 walk\u0119 z kartelami narkotykowymi, chocia\u017c uwa\u017cam, \u017ce Trump robi w tym zakresie akurat bardzo du\u017co dobrych rzeczy.<\/p>\n<p class=\"article_p\" data-section=\"detail-body\">Po pierwsze chodzi o<a href=\"https:\/\/businessinsider.com.pl\/gospodarka\/trump-dogadal-sie-z-wenezuela-chodzi-o-rope\/sv050ee\" id=\"633d2427-37b2-4702-aef3-9e6de985917b\" rel=\"nofollow noopener\" target=\"_blank\"> rop\u0119 naftow\u0105<\/a>, Chevron jest jedyn\u0105 du\u017c\u0105 ameryka\u0144sk\u0105 firm\u0105 w Wenezueli. <\/p>\n<p class=\"article_p\" data-section=\"detail-body\">Po drugie o os\u0142abienie Kuby \u2014 poniewa\u017c os\u0142abienie Wenezueli czy przej\u0119cie produkcji ropy os\u0142abi Kub\u0119 oraz os\u0142abi \u0142a\u0144cuch dostaw ropy naftowej do Chin. <\/p>\n<p class=\"article_p\" data-section=\"detail-body\">Po trzecie chodzi o imigracj\u0119. Je\u015bli oficjalnie USA by\u0142yby w stanie wojny z Wenezuel\u0105, to pozwoli\u0142oby na uruchomienie Alien Enemies Act i deportacj\u0119 obywateli Wenezueli z USA w niezw\u0142ocznym trybie, czyli troch\u0119 tak jak Trump lubi. Z pomini\u0119ciem jakichkolwiek prawnych ratunk\u00f3w dla os\u00f3b bez statusu, na wizach nieimigracyjnych, z wnioskami o azyl i nawet niekt\u00f3rych posiadaczy zielonych kart.<\/p>\n","protected":false},"excerpt":{"rendered":"Jolanta Ojczyk, Business Insider Polska: Jak mo\u017ce przebiega\u0107 proces Nicol\u00e1sa Maduro, prezydenta Wenezueli, uprowadzonego 3 stycznia przez USA?&hellip;\n","protected":false},"author":2,"featured_media":193212,"comment_status":"","ping_status":"","sticky":false,"template":"","format":"standard","meta":{"footnotes":""},"categories":[14],"tags":[32,33,27,34,35,28,31,25,40,41,80,29,30,26,82,83,84],"class_list":{"0":"post-193211","1":"post","2":"type-post","3":"status-publish","4":"format-standard","5":"has-post-thumbnail","7":"category-swiat","8":"tag-breaking-news","9":"tag-breakingnews","10":"tag-headlines","11":"tag-latest-news","12":"tag-latestnews","13":"tag-naglowki","14":"tag-najwazniejsze-artykuly","15":"tag-news","16":"tag-polish","17":"tag-polski","18":"tag-swiat","19":"tag-top-stories","20":"tag-topstories","21":"tag-wiadomosci","22":"tag-world","23":"tag-world-news","24":"tag-worldnews"},"share_on_mastodon":{"url":"https:\/\/pubeurope.com\/@pl\/115858212468176046","error":""},"_links":{"self":[{"href":"https:\/\/www.europesays.com\/pl\/wp-json\/wp\/v2\/posts\/193211","targetHints":{"allow":["GET"]}}],"collection":[{"href":"https:\/\/www.europesays.com\/pl\/wp-json\/wp\/v2\/posts"}],"about":[{"href":"https:\/\/www.europesays.com\/pl\/wp-json\/wp\/v2\/types\/post"}],"author":[{"embeddable":true,"href":"https:\/\/www.europesays.com\/pl\/wp-json\/wp\/v2\/users\/2"}],"replies":[{"embeddable":true,"href":"https:\/\/www.europesays.com\/pl\/wp-json\/wp\/v2\/comments?post=193211"}],"version-history":[{"count":0,"href":"https:\/\/www.europesays.com\/pl\/wp-json\/wp\/v2\/posts\/193211\/revisions"}],"wp:featuredmedia":[{"embeddable":true,"href":"https:\/\/www.europesays.com\/pl\/wp-json\/wp\/v2\/media\/193212"}],"wp:attachment":[{"href":"https:\/\/www.europesays.com\/pl\/wp-json\/wp\/v2\/media?parent=193211"}],"wp:term":[{"taxonomy":"category","embeddable":true,"href":"https:\/\/www.europesays.com\/pl\/wp-json\/wp\/v2\/categories?post=193211"},{"taxonomy":"post_tag","embeddable":true,"href":"https:\/\/www.europesays.com\/pl\/wp-json\/wp\/v2\/tags?post=193211"}],"curies":[{"name":"wp","href":"https:\/\/api.w.org\/{rel}","templated":true}]}}