{"id":193229,"date":"2026-01-08T07:15:08","date_gmt":"2026-01-08T07:15:08","guid":{"rendered":"https:\/\/www.europesays.com\/pl\/193229\/"},"modified":"2026-01-08T07:15:08","modified_gmt":"2026-01-08T07:15:08","slug":"iga-swiatek-i-hubert-hurkacz-jak-walec-sa-nie-do-pokonania-oto-co-ich-czeka","status":"publish","type":"post","link":"https:\/\/www.europesays.com\/pl\/193229\/","title":{"rendered":"Iga \u015awi\u0105tek i Hubert Hurkacz jak walec! S\u0105 nie do pokonania. Oto co ich czeka"},"content":{"rendered":"<p class=\"Paragraph_desktopParagraph__Fd2e9\">Polska kompletnie zdominowa\u0142a rywalizacj\u0119 w grupie F. Bia\u0142o-Czerwoni byli bezlito\u015bni i przejechali si\u0119 po rywalach jak walec, zwyci\u0119\u017caj\u0105c we wszystkich meczach w singlach i wygrywaj\u0105c oba miksty. Najpierw nasz zesp\u00f3\u0142 wys\u0142a\u0142 mocny sygna\u0142 Niemcom, a potem zdemolowa\u0142 Holandi\u0119. Bilans? 6 mecz\u00f3w, 6 wygranych, komplet punkt\u00f3w i pewny awans.<\/p>\n<p class=\"VideoPlayerText_videoPlayerText__zrtJk\">Dalszy ci\u0105g materia\u0142u pod wideo<\/p>\n<p class=\"Paragraph_desktopParagraph__Fd2e9\">O ile po Idze \u015awi\u0105tek mogli\u015bmy spodziewa\u0107 si\u0119 gry na wysokim poziomie, tym bardziej \u017ce rywalki nie nale\u017ca\u0142y do \u015bcis\u0142ego topu, o tyle fenomenalna forma Huberta Hurkacza to jedna z najwi\u0119kszych sensacji pierwszego tygodnia nowego sezonu.<\/p>\n<p>Iga \u015awi\u0105tek, Hubert Hurkacz i&#8230; mikst! Polska robi furor\u0119 na United Cup<\/p>\n<p class=\"Paragraph_desktopParagraph__Fd2e9\">Po 208 dniach przerwy Wroc\u0142awianin wr\u00f3ci\u0142 na kort jak nowo narodzony: 42 asy w dw\u00f3ch meczach, zero podw\u00f3jnych b\u0142\u0119d\u00f3w, ani jednego prze\u0142amania i dwa zwyci\u0119stwa bez straty seta. A to wszystko z nie byle kim! Najpierw o wielkiej sile &#8222;Hubiego&#8221; przekona\u0142 si\u0119 Alexander Zverev, czyli trzecia rakieta \u015bwiata, a nast\u0119pnie Tallon Griekspoor (25. ATP).<\/p>\n<p class=\"Paragraph_desktopParagraph__Fd2e9\">R\u00f3wnolegle Iga \u015awi\u0105tek zrobi\u0142a to, czego si\u0119 po niej oczekuje, daj\u0105c spok\u00f3j i stabilno\u015b\u0107. Z Ev\u0105 Lys by\u0142o ci\u0119\u017cko, bo Niemka zaprezentowa\u0142a si\u0119 kapitalnie, ale koniec ko\u0144c\u00f3w i tak musia\u0142a uzna\u0107 wy\u017cszo\u015b\u0107 naszej mistrzyni. Przeciwko Suzan Lamens 24-latka zagra\u0142a natomiast spotkanie, kt\u00f3re \u015bmia\u0142o mo\u017cna nazwa\u0107 &#8222;kontrol\u0105 od pierwszej do ostatniej pi\u0142ki&#8221;.<\/p>\n<p class=\"Paragraph_desktopParagraph__Fd2e9\">Do tego dochodzi polski mikst, kt\u00f3ry w tej edycji United Cup jest bardzo mocnym punktem ca\u0142ej dru\u017cyny. Katarzyna Kawa i Jan Zieli\u0144ski wygrali oba mecze, a w starciu z Holandi\u0105 \u2014 cho\u0107 oddali seta \u2014 w super tie-breaku pokazali kosmiczn\u0105 form\u0119. Od stanu 2:2 wygrali sze\u015b\u0107 kolejnych punkt\u00f3w. W \u0107wier\u0107finale forma miksta mo\u017ce mie\u0107 ogromne znaczenie, bo przy poziomie obu dru\u017cyn remis po singlach jest bardzo prawdopodobny.<\/p>\n<p><img decoding=\"async\" src=\"https:\/\/www.europesays.com\/pl\/wp-content\/uploads\/2026\/01\/hubert-hurkacz-i-iga-swiatek-przed-united-cup.jpeg\" alt=\"Hubert Hurkacz i Iga \u015awi\u0105tek przed United Cup\" width=\"944\" height=\"667\" loading=\"lazy\" class=\"\" \/>Hubert Hurkacz i Iga \u015awi\u0105tek przed United Cup (Foto: Marcin Cholewi\u0144ski \/ newspix.pl)<\/p>\n<p class=\"Paragraph_desktopParagraph__Fd2e9\">Australia to bowiem bardzo trudny rywal, kt\u00f3ry na dodatek b\u0119dzie mia\u0142 ogromne wsparcie kibic\u00f3w. Co prawda Maya Joint nie posiada do\u015bwiadczenia \u015awi\u0105tek, ale w przesz\u0142o\u015bci potrafi\u0142a ogrywa\u0107 ju\u017c do\u015bwiadczone przeciwniczki. Dla naszej reprezentacji wi\u0119kszym wyzwaniem b\u0119dzie jednak pojedynek Hurkacza z Alexem de Minaurem \u2014 sz\u00f3stym tenisist\u0105 globu. 26-latek b\u0119dzie mia\u0142 za sob\u0105 g\u0142o\u015bn\u0105, zaanga\u017cowan\u0105 widowni\u0119. Hurkacz natomiast genialny serwis i tenis, kt\u00f3ry w ostatnich dniach dzia\u0142a\u0142 jak precyzyjna maszyna.<\/p>\n<p>Amerykanie ju\u017c czekaj\u0105 w p\u00f3\u0142finale. To oni b\u0119d\u0105 rywalem Polski lub Australii<\/p>\n<p class=\"Paragraph_desktopParagraph__Fd2e9\">W tle oba kraje maj\u0105 \u015bwiadomo\u015b\u0107, \u017ce zwyci\u0119zca zmierzy si\u0119 z USA. Obro\u0144cy tytu\u0142u awansowali do najlepszej \u201e4\u201d dopiero po super tie-breaku miksta, a kluczowym problemem jest stan zdrowia Taylora Fritza. Lider ameryka\u0144skiej dru\u017cyny wygl\u0105da\u0142 bardzo s\u0142abo w meczu ze Stefanosem Tsitsipasem. Zreszt\u0105 Stany Zjednoczone ju\u017c wcze\u015bniej mia\u0142y swoje problemy \u2014 Coco Gauff na otwarcie sensacyjnie przegra\u0142a przecie\u017c z Jessic\u0105 Bouzas Maneiro.<\/p>\n<p class=\"Paragraph_desktopParagraph__Fd2e9\">Doniesienia z obozu USA b\u0119d\u0105 jednak interesowa\u0107 Polak\u00f3w dopiero p\u00f3\u017aniej. Najpierw trzeba pokona\u0107 gospodarzy i zameldowa\u0107 si\u0119 w p\u00f3\u0142finale. Starcie z Australi\u0105 odb\u0119dzie si\u0119 w pi\u0105tek, 9 stycznia. Rywalizacj\u0119 rozpoczn\u0105 Iga \u015awi\u0105tek i Maya Joint (godz. 7.30), a oko\u0142o godz. 9.00 na korcie pojawi\u0105 si\u0119 Hubert Hurkacz i Alex de Minaur. Po zako\u0144czeniu obu spotka\u0144 singla przyjdzie czas na pojedynek mikst\u00f3w.<\/p>\n<p class=\"Paragraph_desktopParagraph__Fd2e9\">P\u00f3\u0142fina\u0142y i fina\u0142 tegorocznego United Cup odb\u0119d\u0105 si\u0119 w weekend 10-11 stycznia.<\/p>\n","protected":false},"excerpt":{"rendered":"Polska kompletnie zdominowa\u0142a rywalizacj\u0119 w grupie F. Bia\u0142o-Czerwoni byli bezlito\u015bni i przejechali si\u0119 po rywalach jak walec, zwyci\u0119\u017caj\u0105c&hellip;\n","protected":false},"author":2,"featured_media":193230,"comment_status":"","ping_status":"","sticky":false,"template":"","format":"standard","meta":{"footnotes":""},"categories":[24],"tags":[9913,5999,252,67,2679,929,42,38,40,39,41,136,128,47,127,135,126,156,13444,130],"class_list":{"0":"post-193229","1":"post","2":"type-post","3":"status-publish","4":"format-standard","5":"has-post-thumbnail","7":"category-sport","8":"tag-alex_de_minaur","9":"tag-hubert_hurkacz","10":"tag-iga_swiatek","11":"tag-intextvideo_splayer","12":"tag-maya_joint","13":"tag-pawb","14":"tag-pl","15":"tag-poland","16":"tag-polish","17":"tag-polska","18":"tag-polski","19":"tag-ps_detal_new","20":"tag-psv2","21":"tag-screening_general","22":"tag-sport","23":"tag-sport_sport","24":"tag-sports","25":"tag-tenis","26":"tag-united_cup","27":"tag-wiadomosci_sportowe"},"share_on_mastodon":{"url":"https:\/\/pubeurope.com\/@pl\/115858251814421062","error":""},"_links":{"self":[{"href":"https:\/\/www.europesays.com\/pl\/wp-json\/wp\/v2\/posts\/193229","targetHints":{"allow":["GET"]}}],"collection":[{"href":"https:\/\/www.europesays.com\/pl\/wp-json\/wp\/v2\/posts"}],"about":[{"href":"https:\/\/www.europesays.com\/pl\/wp-json\/wp\/v2\/types\/post"}],"author":[{"embeddable":true,"href":"https:\/\/www.europesays.com\/pl\/wp-json\/wp\/v2\/users\/2"}],"replies":[{"embeddable":true,"href":"https:\/\/www.europesays.com\/pl\/wp-json\/wp\/v2\/comments?post=193229"}],"version-history":[{"count":0,"href":"https:\/\/www.europesays.com\/pl\/wp-json\/wp\/v2\/posts\/193229\/revisions"}],"wp:featuredmedia":[{"embeddable":true,"href":"https:\/\/www.europesays.com\/pl\/wp-json\/wp\/v2\/media\/193230"}],"wp:attachment":[{"href":"https:\/\/www.europesays.com\/pl\/wp-json\/wp\/v2\/media?parent=193229"}],"wp:term":[{"taxonomy":"category","embeddable":true,"href":"https:\/\/www.europesays.com\/pl\/wp-json\/wp\/v2\/categories?post=193229"},{"taxonomy":"post_tag","embeddable":true,"href":"https:\/\/www.europesays.com\/pl\/wp-json\/wp\/v2\/tags?post=193229"}],"curies":[{"name":"wp","href":"https:\/\/api.w.org\/{rel}","templated":true}]}}