{"id":193242,"date":"2026-01-08T07:23:16","date_gmt":"2026-01-08T07:23:16","guid":{"rendered":"https:\/\/www.europesays.com\/pl\/193242\/"},"modified":"2026-01-08T07:23:16","modified_gmt":"2026-01-08T07:23:16","slug":"38-letnia-influencerka-nie-zyje-przed-smiercia-poddala-sie-operacji-plastycznej-2","status":"publish","type":"post","link":"https:\/\/www.europesays.com\/pl\/193242\/","title":{"rendered":"38-letnia influencerka nie \u017cyje. Przed \u015bmierci\u0105 podda\u0142a si\u0119 operacji plastycznej"},"content":{"rendered":"<p class=\"ods-c-paragraph \">Influencerka Yulia Burtseva dzieli\u0142a si\u0119 na co dzie\u0144 swoim rodzinnym \u017cyciem i relacj\u0105 z m\u0119\u017cem Giuseppe oraz ma\u0142\u0105 c\u00f3rk\u0105. Na co dzie\u0144 mieszka\u0142a w Neapolu, cho\u0107 ostatnie dni sp\u0119dza\u0142a w Moskwie. Jej profil na Instagramie \u015bledzi ponad 73 tysi\u0105ce os\u00f3b na Instagramie.<\/p>\n<p class=\"ods-c-paragraph \">Wed\u0142ug doniesie\u0144 lokalnego portalu MSK1 Burtseva 4 stycznia przesz\u0142a w prywatnej klinice w Moskwie operacj\u0119 plastyczn\u0105. Po gwa\u0142townym pogorszeniu stanu zdrowia zosta\u0142a natychmiast przewieziona do szpitala, gdzie lekarze stwierdzili jej zgon.<\/p>\n<p>Dalszy ci\u0105g artyku\u0142u pod materia\u0142em wideo<\/p>\n<p> Jakim zabiegom podda\u0142a si\u0119 Yulia Burtseva? <\/p>\n<p> Ile lat mia\u0142a Yulia Burtseva w momencie \u015bmierci? <\/p>\n<p> Gdzie ostatnio mieszka\u0142a Yulia Burtseva? <\/p>\n<p> Kiedy mia\u0142 miejsce ostatni post Yulii Burtsevej na mediach spo\u0142eczno\u015bciowych? <\/p>\n<p>  Influencerka zmar\u0142a po operacji plastycznej. Spraw\u0119 badaj\u0105 s\u0142u\u017cby<\/p>\n<p class=\"ods-c-paragraph \">Informacje potwierdza Komitet \u015aledczy Federacji Rosyjskiej dla Moskwy, kt\u00f3ry wszcz\u0105\u0142 post\u0119powanie karne w sprawie mo\u017cliwego niedope\u0142nienia obowi\u0105zk\u00f3w przez personel medyczny.<\/p>\n<blockquote class=\"ods-o-quota\">\n<p class=\"ods-o-quota__paragraph\">\u015aledczy z Komitetu \u015aledczego w Moskwie pracuj\u0105 na miejscu zdarzenia. Wkr\u00f3tce zostan\u0105 zabezpieczone niezb\u0119dne dokumenty urz\u0119dowe i medyczne. Zlecono szereg bada\u0144, w tym s\u0105dowo-lekarskich<\/p>\n<\/blockquote>\n<p class=\"ods-c-paragraph \">\u2014 czytamy w oficjalnym komunikacie, do kt\u00f3rego dotar\u0142 portal MSK1.<\/p>\n<p class=\"ods-c-paragraph \">Ostatnia aktywno\u015b\u0107 Burtsevej w mediach spo\u0142eczno\u015bciowych mia\u0142a miejsce 5 grudnia, kiedy to opublikowa\u0142a nagranie z c\u00f3rk\u0105 na Instagramie. W dniu zabiegu influencerka zamie\u015bci\u0142a r\u00f3wnie\u017c wideo z Caf\u00e9 Pushkin w Moskwie na rosyjskiej platformie VK, opatruj\u0105c je podpisem: &#8222;Dzie\u0144 dobry, Moskwa&#8221;.<\/p>\n<p class=\"ods-c-paragraph \">Pod jej ostatnimi postami w mediach spo\u0142eczno\u015bciowych pojawi\u0142y si\u0119 setki komentarzy z kondolencjami. &#8222;Wyrazy wsp\u00f3\u0142czucia dla bliskich&#8221;, &#8222;Kr\u00f3lestwo niebieskie, niech ziemia lekk\u0105 b\u0119dzie&#8221; \u2014 pisali internauci.<\/p>\n<p class=\"ods-c-paragraph \">Dzi\u0119kujemy, \u017ce przeczyta\u0142a\u015b\/e\u015b nasz artyku\u0142 do ko\u0144ca. W serwisie Plejada.pl ka\u017cdego dnia piszemy o najwa\u017cniejszych wydarzeniach show-biznesowych. B\u0105d\u017a na bie\u017c\u0105co! <a rel=\"nofollow noopener\" href=\"https:\/\/profile.google.com\/cp\/Cg0vZy8xMWJ6X19wdHBx\" id=\"33b8d4ba-5986-441d-855d-5a190e6482d7\" target=\"_blank\">Obserwuj<\/a> Plejad\u0119 w Google. Odwied\u017a nas tak\u017ce na <a rel=\"nofollow noopener\" href=\"https:\/\/www.facebook.com\/plejadapl\" id=\"9d589ced-7588-45cc-874f-201a3c660b01\" target=\"_blank\">Facebooku<\/a>, <a rel=\"nofollow noopener\" href=\"https:\/\/www.instagram.com\/plejadapl\/\" id=\"4cb5f552-0a02-486f-b62d-37d1666bb608\" target=\"_blank\">Instagramie<\/a>, <a rel=\"nofollow noopener\" href=\"https:\/\/www.youtube.com\/c\/plejada\" id=\"2283e7c3-5727-46e8-949f-0e4fcf36d5f5\" target=\"_blank\">YouTubie<\/a> oraz <a rel=\"nofollow noopener\" href=\"https:\/\/www.tiktok.com\/@plejada_pl\" id=\"e0ec21d6-7450-4457-9b49-7bb5de3a10aa\" target=\"_blank\">TikToku<\/a>.<\/p>\n<p class=\"ods-c-paragraph \">Chcesz podzieli\u0107 si\u0119 ciekawym newsem lub zaproponowa\u0107 temat? Skontaktuj si\u0119 z nami, pisz\u0105c maila na adres: <a rel=\"nofollow noopener\" href=\"https:\/\/plejada.pl\/newsy\/38-letnia-influencerka-nie-zyje-przed-smiercia-poddala-sie-operacji-plastycznej\/mailto:plejada@redakcjaonet.pl\" id=\"52c0ae3e-20d0-473e-973a-c24a4d4aa8dc\" target=\"_blank\">plejada@redakcjaon<\/a><a href=\"https:\/\/et.pl\" id=\"e161976d-4cfb-4656-a310-46f5c0fc83d6\" rel=\"nofollow noopener\" target=\"_blank\">et.pl<\/a>.<\/p>\n<p><script async src=\"\/\/www.instagram.com\/embed.js\"><\/script><script async src=\"\/\/www.tiktok.com\/embed.js\"><\/script><\/p>\n","protected":false},"excerpt":{"rendered":"Influencerka Yulia Burtseva dzieli\u0142a si\u0119 na co dzie\u0144 swoim rodzinnym \u017cyciem i relacj\u0105 z m\u0119\u017cem Giuseppe oraz ma\u0142\u0105&hellip;\n","protected":false},"author":2,"featured_media":193243,"comment_status":"","ping_status":"","sticky":false,"template":"","format":"standard","meta":{"footnotes":""},"categories":[22],"tags":[122,7846,1664,812,48,125,46,42,38,40,39,41,123,47,511],"class_list":{"0":"post-193242","1":"post","2":"type-post","3":"status-publish","4":"format-standard","5":"has-post-thumbnail","7":"category-rozrywka","8":"tag-entertainment","9":"tag-influencer","10":"tag-medycyna_estetyczna","11":"tag-moskwa","12":"tag-nat_styl","13":"tag-newsy","14":"tag-omp","15":"tag-pl","16":"tag-poland","17":"tag-polish","18":"tag-polska","19":"tag-polski","20":"tag-rozrywka","21":"tag-screening_general","22":"tag-smierc"},"share_on_mastodon":{"url":"https:\/\/pubeurope.com\/@pl\/115858283044738089","error":""},"_links":{"self":[{"href":"https:\/\/www.europesays.com\/pl\/wp-json\/wp\/v2\/posts\/193242","targetHints":{"allow":["GET"]}}],"collection":[{"href":"https:\/\/www.europesays.com\/pl\/wp-json\/wp\/v2\/posts"}],"about":[{"href":"https:\/\/www.europesays.com\/pl\/wp-json\/wp\/v2\/types\/post"}],"author":[{"embeddable":true,"href":"https:\/\/www.europesays.com\/pl\/wp-json\/wp\/v2\/users\/2"}],"replies":[{"embeddable":true,"href":"https:\/\/www.europesays.com\/pl\/wp-json\/wp\/v2\/comments?post=193242"}],"version-history":[{"count":0,"href":"https:\/\/www.europesays.com\/pl\/wp-json\/wp\/v2\/posts\/193242\/revisions"}],"wp:featuredmedia":[{"embeddable":true,"href":"https:\/\/www.europesays.com\/pl\/wp-json\/wp\/v2\/media\/193243"}],"wp:attachment":[{"href":"https:\/\/www.europesays.com\/pl\/wp-json\/wp\/v2\/media?parent=193242"}],"wp:term":[{"taxonomy":"category","embeddable":true,"href":"https:\/\/www.europesays.com\/pl\/wp-json\/wp\/v2\/categories?post=193242"},{"taxonomy":"post_tag","embeddable":true,"href":"https:\/\/www.europesays.com\/pl\/wp-json\/wp\/v2\/tags?post=193242"}],"curies":[{"name":"wp","href":"https:\/\/api.w.org\/{rel}","templated":true}]}}