{"id":193256,"date":"2026-01-08T07:33:09","date_gmt":"2026-01-08T07:33:09","guid":{"rendered":"https:\/\/www.europesays.com\/pl\/193256\/"},"modified":"2026-01-08T07:33:09","modified_gmt":"2026-01-08T07:33:09","slug":"usa-wycofuja-sie-z-66-organizacji-miedzynarodowych-jest-podpis-donalda-trumpa","status":"publish","type":"post","link":"https:\/\/www.europesays.com\/pl\/193256\/","title":{"rendered":"USA wycofuj\u0105 si\u0119 z 66 organizacji mi\u0119dzynarodowych. Jest podpis Donalda Trumpa"},"content":{"rendered":"<p>Prezydent USA Donald Trump podpisa\u0142 w \u015brod\u0119 memorandum o wycofaniu Stan\u00f3w Zjednoczonych 66 organizacji, agencji i komisji mi\u0119dzynarodowych &#8211; poda\u0142 Bia\u0142y Dom. S\u0105 to g\u0142\u00f3wnie cia\u0142a nale\u017c\u0105ce do systemu Narod\u00f3w Zjednoczonych, ale te\u017c m.in. zajmuj\u0105ce si\u0119 zwalczaniem zagro\u017ce\u0144 hybrydowych czy problematyk\u0105 nierozprzestrzeniania broni masowego ra\u017cenia.<\/p>\n<p>&#8222;Zbyteczne, \u017ale zarz\u0105dzane&#8221;. USA wycofuj\u0105 si\u0119 z 66 organizacji mi\u0119dzynarodowych<\/p>\n<p>Decyzja jest wynikiem nakazanego przez Trumpa w ub.r. przegl\u0105du, maj\u0105cego ustali\u0107, czy cz\u0142onkostwo USA w organizacjach mi\u0119dzynarodowych le\u017cy w interesie USA.<\/p>\n<p>\u00a0<\/p>\n<p>ZOBACZ: <a href=\"https:\/\/www.polsatnews.pl\/wiadomosc\/2025-01-21\/usa-chca-opuscic-who-jest-oswiadczenie\/\" rel=\"nofollow noopener\" target=\"_blank\">USA opuszczaj\u0105 WHO. Jest o\u015bwiadczenie organizacji<\/a><\/p>\n<p>\u00a0<\/p>\n<p>&#8222;Administracja Trumpa uzna\u0142a, \u017ce te instytucje s\u0105 zbyteczne, \u017ale zarz\u0105dzane, niepotrzebne, marnotrawne, \u017ale prowadzone, zaw\u0142aszczone przez interesy podmiot\u00f3w realizuj\u0105cych w\u0142asne cele sprzeczne z naszymi lub stanowi\u0105ce zagro\u017cenie dla suwerenno\u015bci, wolno\u015bci i og\u00f3lnego dobrobytu naszego narodu&#8221; \u2013 poda\u0142 Departament Stanu w o\u015bwiadczeniu.<\/p>\n<p>\u00a0<\/p>\n<p>Wymienione w memorandum organizacje to w wi\u0119kszo\u015bci mniejsze lub w\u0105sko wyspecjalizowane organizacje, agencje i komisje. 31 z nich do agencje ONZ, za\u015b 35 to inne organizacje. W\u015br\u00f3d tych pierwszych jest m.in. Mi\u0119dzyrz\u0105dowy Zesp\u00f3\u0142 ds. Zmian Klimatu (IPCC), a w\u015br\u00f3d drugich Europejskie Centrum Doskona\u0142o\u015bci ds. Przeciwdzia\u0142ania Zagro\u017ceniom Hybrydowym (Hybrid CoE), Komisja Wenecka Rady Europy, Globalne Forum Antyterrorystyczne, czy Centrum Nauki i Technologii w Ukrainie, zajmuj\u0105ce si\u0119 problematyk\u0105 nierozprzestrzeniania broni masowego ra\u017cenia.<\/p>\n<p>WHO i UNESCO bez USA. &#8222;Wszyscy oszukiwali USA&#8221;<\/p>\n<p>Decyzja ta jest ju\u017c kolejnym krokiem administracji Trumpa zmniejszaj\u0105cym zaanga\u017cowanie USA w mi\u0119dzynarodowe inicjatywy. Ju\u017c na pocz\u0105tku drugiej kadencji Trump zdecydowa\u0142 o wyj\u015bciu m.in. ze \u015awiatowej Organizacji Zdrowia (WHO).<\/p>\n<p>\u00a0<\/p>\n<p>&#8211; WHO nas oszukiwa\u0142o, wszyscy oszukiwali USA. To ju\u017c si\u0119 nie b\u0119dzie dzia\u0107 &#8211; powiedzia\u0142 w\u00f3wczas nowo zaprzysi\u0119\u017cony prezydent USA.<\/p>\n<p>\u00a0<\/p>\n<p>Jego zdaniem organizacja nie poradzi\u0142a sobie z pandemi\u0105 COVID-19 i nie radzi sobie z innymi kryzysami, a Stany Zjednoczone by\u0142y zobligowane do realizowania &#8222;nieuczciwych i uci\u0105\u017cliwych p\u0142atno\u015bci&#8221;.<\/p>\n<p>\u00a0<\/p>\n<p>ZOBACZ: <a href=\"https:\/\/www.polsatnews.pl\/wiadomosc\/2025-07-22\/donald-trump-dopial-swego-usa-opuszczaja-organizacje\/\" rel=\"nofollow noopener\" target=\"_blank\">Donald Trump dopi\u0105\u0142 swego. USA opuszczaj\u0105 UNESCO<\/a><\/p>\n<p>\u00a0<\/p>\n<p>W lipcu z kolei Trump wycofa\u0142 USA z Organizacji Narod\u00f3w Zjednoczonych do spraw O\u015bwiaty, Nauki i Kultury (UNESCO). Prezydent USA powywo\u0142ywa\u0142 si\u0119 na jej rzekome antyameryka\u0144skie i antyizraelskie sk\u0142onno\u015bci. Stany Zjednoczone zauwa\u017cy\u0142y r\u00f3wnie\u017c coraz mocniejsz\u0105 pozycj\u0119 Chin w organizacji, co nie do ko\u0144ca im si\u0119 podoba.<\/p>\n<p>\u00a0<\/p>\n<p>&#8211; Po przeprowadzeniu przegl\u0105du, urz\u0119dnicy administracji zakwestionowali polityk\u0119 UNESCO, kt\u00f3ra dotyczy\u0142a r\u00f3\u017cnorodno\u015bci, r\u00f3wno\u015bci i integracji, a tak\u017ce jej propalesty\u0144skie i prochi\u0144skie uprzedzenia &#8211; przekaza\u0142 urz\u0119dnik Bia\u0142ego Domu w rozmowie z ameryka\u0144skim &#8222;The Post&#8221;.<\/p>\n<p>\u00a0<\/p>\n<p>Widzia\u0142e\u015b co\u015b wa\u017cnego? Przy\u015blij zdj\u0119cie, film lub napisz, co si\u0119 sta\u0142o. Skorzystaj z naszej <a href=\"https:\/\/www.polsatnews.pl\/platforma-widzow\/\" target=\"_blank\" rel=\"noopener noreferrer nofollow\">Wrzutni<\/a><\/p>\n<p>                <img decoding=\"async\" src=\"https:\/\/www.europesays.com\/pl\/wp-content\/uploads\/2026\/01\/5q48r16btcf1ykpn5tnry638hhd6zrtp.jpg\" alt=\"\" itemprop=\"contentUrl\" style=\"position:absolute; width: 100%; max-height: 100%;\"\/><video controls=\"\" controlslist=\"nodownload\" poster=\"https:\/\/www.europesays.com\/pl\/wp-content\/uploads\/2026\/01\/5q48r16btcf1ykpn5tnry638hhd6zrtp.jpg\" class=\"videoPlayer player6856641 news__video\" data-id=\"6856641\">Twoja przegl\u0105darka nie wspiera odtwarzacza wideo&#8230;<\/video><\/p>\n<p>                <a class=\"news__read-more-button\" href=\"https:\/\/www.polsatnews.pl\/\" rel=\"nofollow noopener\" target=\"_blank\">Czytaj wi\u0119cej<\/a><\/p>\n","protected":false},"excerpt":{"rendered":"Prezydent USA Donald Trump podpisa\u0142 w \u015brod\u0119 memorandum o wycofaniu Stan\u00f3w Zjednoczonych 66 organizacji, agencji i komisji mi\u0119dzynarodowych&hellip;\n","protected":false},"author":2,"featured_media":193257,"comment_status":"","ping_status":"","sticky":false,"template":"","format":"standard","meta":{"footnotes":""},"categories":[14],"tags":[32,33,27,34,35,28,31,25,40,41,80,29,30,26,82,83,84],"class_list":{"0":"post-193256","1":"post","2":"type-post","3":"status-publish","4":"format-standard","5":"has-post-thumbnail","7":"category-swiat","8":"tag-breaking-news","9":"tag-breakingnews","10":"tag-headlines","11":"tag-latest-news","12":"tag-latestnews","13":"tag-naglowki","14":"tag-najwazniejsze-artykuly","15":"tag-news","16":"tag-polish","17":"tag-polski","18":"tag-swiat","19":"tag-top-stories","20":"tag-topstories","21":"tag-wiadomosci","22":"tag-world","23":"tag-world-news","24":"tag-worldnews"},"share_on_mastodon":{"url":"https:\/\/pubeurope.com\/@pl\/115858322492865766","error":""},"_links":{"self":[{"href":"https:\/\/www.europesays.com\/pl\/wp-json\/wp\/v2\/posts\/193256","targetHints":{"allow":["GET"]}}],"collection":[{"href":"https:\/\/www.europesays.com\/pl\/wp-json\/wp\/v2\/posts"}],"about":[{"href":"https:\/\/www.europesays.com\/pl\/wp-json\/wp\/v2\/types\/post"}],"author":[{"embeddable":true,"href":"https:\/\/www.europesays.com\/pl\/wp-json\/wp\/v2\/users\/2"}],"replies":[{"embeddable":true,"href":"https:\/\/www.europesays.com\/pl\/wp-json\/wp\/v2\/comments?post=193256"}],"version-history":[{"count":0,"href":"https:\/\/www.europesays.com\/pl\/wp-json\/wp\/v2\/posts\/193256\/revisions"}],"wp:featuredmedia":[{"embeddable":true,"href":"https:\/\/www.europesays.com\/pl\/wp-json\/wp\/v2\/media\/193257"}],"wp:attachment":[{"href":"https:\/\/www.europesays.com\/pl\/wp-json\/wp\/v2\/media?parent=193256"}],"wp:term":[{"taxonomy":"category","embeddable":true,"href":"https:\/\/www.europesays.com\/pl\/wp-json\/wp\/v2\/categories?post=193256"},{"taxonomy":"post_tag","embeddable":true,"href":"https:\/\/www.europesays.com\/pl\/wp-json\/wp\/v2\/tags?post=193256"}],"curies":[{"name":"wp","href":"https:\/\/api.w.org\/{rel}","templated":true}]}}