{"id":193275,"date":"2026-01-08T07:47:13","date_gmt":"2026-01-08T07:47:13","guid":{"rendered":"https:\/\/www.europesays.com\/pl\/193275\/"},"modified":"2026-01-08T07:47:13","modified_gmt":"2026-01-08T07:47:13","slug":"amerykanskie-sluzby-migracyjne-zastrzelily-kobiete-miasto-domaga-sie-zmian-2","status":"publish","type":"post","link":"https:\/\/www.europesays.com\/pl\/193275\/","title":{"rendered":"Ameryka\u0144skie s\u0142u\u017cby migracyjne zastrzeli\u0142y kobiet\u0119. Miasto domaga si\u0119 zmian"},"content":{"rendered":"<p class=\"ods-c-paragraph \">Administracja prezydenta Donalda Trumpa wys\u0142a\u0142a we wtorek do Minneapolis i pobliskiego St. Paul ok. 2 tys. urz\u0119dnik\u00f3w w ramach represji wobec imigrant\u00f3w. By\u0142a to reakcja na skandal zwi\u0105zany z wy\u0142udzaniem \u015bwiadcze\u0144 socjalnych w Minnesocie.<\/p>\n<p class=\"ods-c-paragraph \">Jak podaje stacja NBC News, agenci ICE [Immigration and Customs Enforcement, czyli Urz\u0119du Celno-Imigracyjnego] prowadzili dzia\u0142ania w Minneapolis. W trakcie akcji ich s\u0142u\u017cbowe auta utkn\u0119\u0142y w \u015bniegu, wi\u0119c pr\u00f3bowali je wypchn\u0105\u0107. Wtedy mieli rzekomo zosta\u0107 zaatakowani przez kobiet\u0119.<\/p>\n<p>Dalszy ci\u0105g artyku\u0142u pod materia\u0142em wideo<\/p>\n<p> Dlaczego kobieta zosta\u0142a zastrzelona w Minneapolis? <\/p>\n<p> Jak zareagowa\u0142 gubernator Minnesoty na protesty? <\/p>\n<p> Co m\u00f3wi Donald Trump o zasz\u0142ych wydarzeniach? <\/p>\n<p> Jakie dzia\u0142ania podejmuje FBI w tej sprawie? <\/p>\n<p class=\"ods-c-paragraph \">Jak wynika z oficjalnego o\u015bwiadczenia s\u0142u\u017cb, jedna z agresywnych os\u00f3b pr\u00f3bowa\u0142a przejecha\u0107 agent\u00f3w ICE, aby ich zabi\u0107.<\/p>\n<p class=\"ods-c-paragraph \">&#8222;Funkcjonariusz odda\u0142 strza\u0142y. Wykorzysta\u0142 swoje umiej\u0119tno\u015bci i uratowa\u0142 \u017cycie w\u0142asne oraz swoich koleg\u00f3w. Sprawczyni zosta\u0142a trafiona i nie \u017cyje. Funkcjonariusze ICE, kt\u00f3rzy odnie\u015bli obra\u017cenia, powinni w pe\u0142ni wyzdrowie\u0107&#8221; \u2014 czytamy w o\u015bwiadczeniu.<\/p>\n<p> Protesty w Minneapolis po akcji s\u0142u\u017cb. Jest reakcja Donalda Trumpa<\/p>\n<p class=\"ods-c-paragraph \">Po tragicznym zdarzeniu na ulice wyszli mieszka\u0144cy miasta, kt\u00f3rzy skandowali m.in. s\u0142owo &#8222;wstyd&#8221; i nawo\u0142ywali, aby ICE opu\u015bci\u0142o miasto. Z informacji NBC News wynika, \u017ce na ulice wyszli r\u00f3wnie\u017c mieszka\u0144cy Nowego Jorku.<\/p>\n<p class=\"ods-c-paragraph \">Do sprawy na platformie X odni\u00f3s\u0142 si\u0119 burmistrz Jacob Frey: &#8222;Obecno\u015b\u0107 federalnych agent\u00f3w ds. imigracji powoduje chaos w naszym mie\u015bcie. \u017b\u0105damy natychmiastowego opuszczenia miasta przez ICE. Stoimy murem za nasz\u0105 spo\u0142eczno\u015bci\u0105 imigrant\u00f3w i uchod\u017ac\u00f3w&#8221; \u2014 napisa\u0142.<\/p>\n<p class=\"ods-c-paragraph \">Na wydarzenia w Minneapolis zareagowa\u0142 ju\u017c Donald Trump. W jego ocenie kobieta &#8222;brutalnie przejecha\u0142a&#8221; agenta ICE, &#8222;kt\u00f3ry najwyra\u017aniej strzela\u0142 w samoobronie&#8221;. &#8222;Musimy chroni\u0107 naszych funkcjonariuszy organ\u00f3w \u015bcigania przed tym radykalnym lewicowym ruchem przemocy i nienawi\u015bci!&#8221; \u2014 napisa\u0142 w serwisie Truth Social.<\/p>\n<p class=\"ods-c-paragraph \">Tymczasem gubernator stanu Tim Walz zapowiedzia\u0142, \u017ce jest gotowy wys\u0142a\u0107 Gwardi\u0119 Narodow\u0105 Minnesoty, je\u015bli protesty wymkn\u0105 si\u0119 spod kontroli.<\/p>\n<p class=\"ods-c-paragraph \">Zdarzenie skomentowa\u0142a r\u00f3wnie\u017c sekretarz bezpiecze\u0144stwa wewn\u0119trznego Kristi Noem. \u2014 To oczywiste, \u017ce ta osoba n\u0119ka\u0142a i utrudnia\u0142a dzia\u0142ania organ\u00f3w \u015bcigania. Nasz funkcjonariusz post\u0119powa\u0142 zgodnie ze swoim wyszkoleniem, zrobi\u0142 dok\u0142adnie to, czego nauczono go w takiej sytuacji, i podj\u0105\u0142 dzia\u0142ania w celu obrony siebie i swoich koleg\u00f3w z organ\u00f3w \u015bcigania \u2014 powiedzia\u0142a.<\/p>\n<p class=\"ods-c-paragraph \">\u015aledztwo w sprawie prowadzi FBI. &#8222;Zgodnie z nasz\u0105 procedur\u0105 dochodzeniow\u0105, incydent jest obecnie badany, \u015bci\u015ble wsp\u00f3\u0142pracujemy z naszymi partnerami z organ\u00f3w \u015bcigania&#8221; \u2014 czytamy w o\u015bwiadczeniu agencji.<\/p>\n<p class=\"ods-c-paragraph \">Kilka godzin po zdarzeniu g\u0142os zabra\u0142 r\u00f3wnie\u017c wiceprezydent USA J.D. Vance. &#8222;Chc\u0119, \u017ceby wszyscy funkcjonariusze ICE wiedzieli, \u017ce ich prezydent, wiceprezydent i ca\u0142a administracja stoj\u0105 za nimi murem. Do radyka\u0142\u00f3w, kt\u00f3rzy ich atakuj\u0105, ujawniaj\u0105 ich dane osobowe i gro\u017c\u0105: gratulacje, b\u0119dziemy jeszcze ci\u0119\u017cej pracowa\u0107 nad egzekwowaniem prawa&#8221; \u2014 napisa\u0142 na portalu X.<\/p>\n<p class=\"ods-c-paragraph \">Tymczasem ameryka\u0144skie media informuj\u0105 o to\u017csamo\u015bci ofiary oraz t\u0142umie os\u00f3b, kt\u00f3ry w \u015brod\u0119 wieczorem zablokowa\u0142 skrzy\u017cowanie w pobli\u017cu miejsca tragedii. &#8222;Stany Zjednoczone nie s\u0105 wolnym krajem&#8221; \u2014 krzycza\u0142a jedna z kobiet. Nie brakowa\u0142o r\u00f3wnie\u017c ostrzejszych s\u0142\u00f3w. &#8222;Cicha, mniejsza grupa czuwa\u0142a na ko\u0144cu ulicy przed miejscem pami\u0119ci, gdzie z\u0142o\u017cono kwiaty, znicze i balony&#8221; \u2014 donosi &#8222;Washington Post&#8221;.<\/p>\n<p class=\"ods-c-paragraph \">Z medialnych informacji wynika r\u00f3wnie\u017c, \u017ce wszystkie szko\u0142y publiczne w Minneapolis b\u0119d\u0105 zamkni\u0119te 8 i 9 stycznia ze wzgl\u0119du na obawy dotycz\u0105ce bezpiecze\u0144stwa.<\/p>\n<p><img decoding=\"async\" src=\"https:\/\/www.europesays.com\/pl\/wp-content\/uploads\/2026\/01\/4dkk9lBaHR0cHM6Ly9vY2RuLmV1L3B1bHNjbXMvTURBXy9hNmZhYmQ4YjY0MTg1YWZkMjM1MmJiYzBlYTVlY2MyMS5qcGeRlQLNB.jpeg\" height=\"627\" width=\"940\" alt=\"Protestuj\u0105cy trzyma transparent na miejscu, gdzie kobieta zosta\u0142a postrzelona i zabita przez agenta Immigration and Customs Enforcement (ICE) w Minneapolis w stanie Minnesota w USA, 7 stycznia 2026 r. \" loading=\"lazy\" class=\"ods-c-image__img ods-c-image__img--viewport-width\"\/><\/p>\n<p>Protestuj\u0105cy trzyma transparent na miejscu, gdzie kobieta zosta\u0142a postrzelona i zabita przez agenta Immigration and Customs Enforcement (ICE) w Minneapolis w stanie Minnesota w USA, 7 stycznia 2026 r.CRAIG LASSIG \/ PAP<\/p>\n<p> <img decoding=\"async\" src=\"https:\/\/www.europesays.com\/pl\/wp-content\/uploads\/2026\/01\/CdSk9lBaHR0cHM6Ly9vY2RuLmV1L3B1bHNjbXMvTURBXy83Zjg0NjdiNzI4OTNiNTAyNzdhMzZhNmI3ZjA0MDZjYy5qcGeRlQLNB.jpeg\" height=\"627\" width=\"940\" alt=\"Ludzie gromadz\u0105 si\u0119 na miejscu, gdzie kobieta zosta\u0142a postrzelona i zabita przez agenta Immigration and Customs Enforcement (ICE) w Minneapolis w stanie Minnesota w USA, 7 stycznia 2026 r.\" loading=\"lazy\" class=\"ods-c-image__img ods-c-image__img--viewport-width\"\/><\/p>\n<p>Ludzie gromadz\u0105 si\u0119 na miejscu, gdzie kobieta zosta\u0142a postrzelona i zabita przez agenta Immigration and Customs Enforcement (ICE) w Minneapolis w stanie Minnesota w USA, 7 stycznia 2026 r.CRAIG LASSIG \/ PAP<\/p>\n<p> <img decoding=\"async\" src=\"https:\/\/www.europesays.com\/pl\/wp-content\/uploads\/2026\/01\/mgLk9lBaHR0cHM6Ly9vY2RuLmV1L3B1bHNjbXMvTURBXy8zMGUwNDc1NGNlYmVlN2M4N2YyNmFkODRhODVhNWYyMS5qcGeRlQLNB.jpeg\" height=\"627\" width=\"940\" alt=\"Funkcjonariusze policji z Minneapolis w miejscu zdarzenia, 7 stycznia 2026 r.\" loading=\"lazy\" class=\"ods-c-image__img ods-c-image__img--viewport-width\"\/><\/p>\n<p>Funkcjonariusze policji z Minneapolis w miejscu zdarzenia, 7 stycznia 2026 r.CRAIG LASSIG \/ PAP<\/p>\n","protected":false},"excerpt":{"rendered":"Administracja prezydenta Donalda Trumpa wys\u0142a\u0142a we wtorek do Minneapolis i pobliskiego St. Paul ok. 2 tys. urz\u0119dnik\u00f3w w&hellip;\n","protected":false},"author":2,"featured_media":193276,"comment_status":"","ping_status":"","sticky":false,"template":"","format":"standard","meta":{"footnotes":""},"categories":[14],"tags":[32,33,27,6956,2742,34,35,37515,28,31,48,25,46,40,41,47,80,29,30,26,82,83,84],"class_list":{"0":"post-193275","1":"post","2":"type-post","3":"status-publish","4":"format-standard","5":"has-post-thumbnail","7":"category-swiat","8":"tag-breaking-news","9":"tag-breakingnews","10":"tag-headlines","11":"tag-ice","12":"tag-imigracja","13":"tag-latest-news","14":"tag-latestnews","15":"tag-minneapolis","16":"tag-naglowki","17":"tag-najwazniejsze-artykuly","18":"tag-nat_styl","19":"tag-news","20":"tag-omp","21":"tag-polish","22":"tag-polski","23":"tag-screening_general","24":"tag-swiat","25":"tag-top-stories","26":"tag-topstories","27":"tag-wiadomosci","28":"tag-world","29":"tag-world-news","30":"tag-worldnews"},"share_on_mastodon":{"url":"https:\/\/pubeurope.com\/@pl\/115858377534964812","error":""},"_links":{"self":[{"href":"https:\/\/www.europesays.com\/pl\/wp-json\/wp\/v2\/posts\/193275","targetHints":{"allow":["GET"]}}],"collection":[{"href":"https:\/\/www.europesays.com\/pl\/wp-json\/wp\/v2\/posts"}],"about":[{"href":"https:\/\/www.europesays.com\/pl\/wp-json\/wp\/v2\/types\/post"}],"author":[{"embeddable":true,"href":"https:\/\/www.europesays.com\/pl\/wp-json\/wp\/v2\/users\/2"}],"replies":[{"embeddable":true,"href":"https:\/\/www.europesays.com\/pl\/wp-json\/wp\/v2\/comments?post=193275"}],"version-history":[{"count":0,"href":"https:\/\/www.europesays.com\/pl\/wp-json\/wp\/v2\/posts\/193275\/revisions"}],"wp:featuredmedia":[{"embeddable":true,"href":"https:\/\/www.europesays.com\/pl\/wp-json\/wp\/v2\/media\/193276"}],"wp:attachment":[{"href":"https:\/\/www.europesays.com\/pl\/wp-json\/wp\/v2\/media?parent=193275"}],"wp:term":[{"taxonomy":"category","embeddable":true,"href":"https:\/\/www.europesays.com\/pl\/wp-json\/wp\/v2\/categories?post=193275"},{"taxonomy":"post_tag","embeddable":true,"href":"https:\/\/www.europesays.com\/pl\/wp-json\/wp\/v2\/tags?post=193275"}],"curies":[{"name":"wp","href":"https:\/\/api.w.org\/{rel}","templated":true}]}}