{"id":193297,"date":"2026-01-08T08:01:10","date_gmt":"2026-01-08T08:01:10","guid":{"rendered":"https:\/\/www.europesays.com\/pl\/193297\/"},"modified":"2026-01-08T08:01:10","modified_gmt":"2026-01-08T08:01:10","slug":"donald-trump-chce-wiekszego-budzetu-dla-armii-wskazal-kwote-2","status":"publish","type":"post","link":"https:\/\/www.europesays.com\/pl\/193297\/","title":{"rendered":"Donald Trump chce wi\u0119kszego bud\u017cetu dla armii. Wskaza\u0142 kwot\u0119"},"content":{"rendered":"<ul class=\"UnorderedList_container__nmfSl\">\n<li class=\"UnorderedList_listElement__Py7xi\" data-id=\"ai-summary-link\">Du\u017co czytania, a ma\u0142o czasu? Sprawd\u017a\u00a0skr\u00f3t\u00a0artyku\u0142u<\/li>\n<\/ul>\n<p class=\"Paragraph_desktopParagraph__U31Gm\">Donald Trump w \u015brod\u0119 wieczorem czasu polskiego poinformowa\u0142 w mediach spo\u0142eczno\u015bciowych, \u017ce odby\u0142 &#8222;d\u0142ugie i trudne&#8221; negocjacje w tej sprawie z ameryka\u0144skimi senatorami, kongresmenami, sekretarzami oraz innymi przedstawicielami strony politycznej. &#8222;Doszed\u0142em do wniosku, \u017ce dla dobra naszego kraju, zw\u0142aszcza w tych bardzo niespokojnych i niebezpiecznych czasach, nasz bud\u017cet wojskowy na rok 2027 nie powinien wynosi\u0107 1 bilion dolar\u00f3w, ale raczej 1,5 biliona dolar\u00f3w&#8221; \u2014 przekaza\u0142 Trump.<\/p>\n<p class=\"Paragraph_desktopParagraph__U31Gm\">Jak wyja\u015bni\u0142 prezydent USA, ma to pozwoli\u0107 &#8222;zbudowa\u0107 \u00bbwymarzon\u0105 armi\u0119\u00ab, do jakiej od dawna jeste\u015bmy uprawnieni, a co wa\u017cniejsze, zapewni nam bezpiecze\u0144stwo i ochron\u0119, niezale\u017cnie od tego, kim jest wr\u00f3g&#8221;.<\/p>\n<p class=\"VideoPlayerText_videoPlayerText__iDwyz\">Dalszy ci\u0105g materia\u0142u pod wideo<\/p>\n<p class=\"Paragraph_desktopParagraph__U31Gm\"><a href=\"https:\/\/www.onet.pl\/informacje\/onetwiadomosci\/trump-ma-prosty-i-niebezpiecznie-genialny-plan-stawka-stabilnosc-calego-swiata\/e8shyge,79cfc278\" id=\"1c224c31-4d9b-4750-964d-92a7858ec4a6\" rel=\"nofollow noopener\" target=\"_blank\">Zwi\u0119kszenie bud\u017cetu<\/a> \u2014 jak wyja\u015bnia Trump \u2014 ma by\u0107 mo\u017cliwe dzi\u0119ki dochodom pochodz\u0105cym z ce\u0142. &#8222;Gdyby nie ogromne sumy generowane przez c\u0142a nak\u0142adane przez inne kraje, z kt\u00f3rych wiele w przesz\u0142o\u015bci \u00bbokrada\u0142o\u00ab Stany Zjednoczone na niespotykan\u0105 dot\u0105d skal\u0119, pozosta\u0142bym przy kwocie 1 biliona dolar\u00f3w, ale <a href=\"https:\/\/wiadomosci.onet.pl\/swiat\/trump-sie-skompromitowal-tyle-usa-zyskaly-na-clach\/y53hqy2\" id=\"850502fa-5246-499c-b51e-3044b4954e3c\" rel=\"nofollow noopener\" target=\"_blank\">dzi\u0119ki c\u0142om i ogromnym dochodom, jakie one generuj\u0105<\/a>, kwoty te, z przesz\u0142o\u015bci (zw\u0142aszcza jeszcze rok temu, za rz\u0105d\u00f3w Sleepy Joe Bidena, najgorszego prezydenta w historii naszego kraju!), s\u0105 obecnie nie do pomy\u015blenia. Z \u0142atwo\u015bci\u0105 osi\u0105gniemy kwot\u0119 1,5 biliona dolar\u00f3w, jednocze\u015bnie tworz\u0105c niepor\u00f3wnywaln\u0105 si\u0142\u0119 militarn\u0105 i maj\u0105c mo\u017cliwo\u015b\u0107 sp\u0142aty d\u0142ugu, a tak\u017ce wyp\u0142acenia znacznych dywidend patriotom o \u015brednich dochodach w naszym kraju!&#8221; \u2014 napisa\u0142.<\/p>\n<ul class=\"OchatFollowUps_wrapper__1ry7X\">\n<li class=\"OchatFollowUps_item__Dhyly OchatFollowUps_itemDesktop__R6aBv\">Jak\u0105 kwot\u0119 chce zwi\u0119kszy\u0107 Donald Trump w bud\u017cecie wojskowym?<\/li>\n<li class=\"OchatFollowUps_item__Dhyly OchatFollowUps_itemDesktop__R6aBv\">Co ma zapewni\u0107 zwi\u0119kszenie bud\u017cetu wojskowego wed\u0142ug Trumpa?<\/li>\n<li class=\"OchatFollowUps_item__Dhyly OchatFollowUps_itemDesktop__R6aBv\">Na jakim etapie by\u0142y negocjacje Trumpa w sprawie bud\u017cetu wojskowego?<\/li>\n<li class=\"OchatFollowUps_item__Dhyly OchatFollowUps_itemDesktop__R6aBv\">Z jakich dochod\u00f3w ma by\u0107 mo\u017cliwe zwi\u0119kszenie bud\u017cetu wojskowego?<\/li>\n<\/ul>\n","protected":false},"excerpt":{"rendered":"Du\u017co czytania, a ma\u0142o czasu? Sprawd\u017a\u00a0skr\u00f3t\u00a0artyku\u0142u Donald Trump w \u015brod\u0119 wieczorem czasu polskiego poinformowa\u0142 w mediach spo\u0142eczno\u015bciowych, \u017ce&hellip;\n","protected":false},"author":2,"featured_media":193298,"comment_status":"","ping_status":"","sticky":false,"template":"","format":"standard","meta":{"footnotes":""},"categories":[14],"tags":[32,33,387,244,58,27,67,34,35,28,31,53,25,52,68,51,55,40,41,47,59,80,29,30,65,50,26,711,82,83,84],"class_list":{"0":"post-193297","1":"post","2":"type-post","3":"status-publish","4":"format-standard","5":"has-post-thumbnail","7":"category-swiat","8":"tag-breaking-news","9":"tag-breakingnews","10":"tag-budzet","11":"tag-ctr_tst","12":"tag-donald_trump_prezydent_usa","13":"tag-headlines","14":"tag-intextvideo_splayer","15":"tag-latest-news","16":"tag-latestnews","17":"tag-naglowki","18":"tag-najwazniejsze-artykuly","19":"tag-new_header","20":"tag-news","21":"tag-onet3","22":"tag-onet3d","23":"tag-onet3d_2i","24":"tag-phx","25":"tag-polish","26":"tag-polski","27":"tag-screening_general","28":"tag-stany_zjednoczone_usa","29":"tag-swiat","30":"tag-top-stories","31":"tag-topstories","32":"tag-update_me","33":"tag-v2021","34":"tag-wiadomosci","35":"tag-wojsko_sily_zbrojne_armia","36":"tag-world","37":"tag-world-news","38":"tag-worldnews"},"share_on_mastodon":{"url":"https:\/\/pubeurope.com\/@pl\/115858432738736963","error":""},"_links":{"self":[{"href":"https:\/\/www.europesays.com\/pl\/wp-json\/wp\/v2\/posts\/193297","targetHints":{"allow":["GET"]}}],"collection":[{"href":"https:\/\/www.europesays.com\/pl\/wp-json\/wp\/v2\/posts"}],"about":[{"href":"https:\/\/www.europesays.com\/pl\/wp-json\/wp\/v2\/types\/post"}],"author":[{"embeddable":true,"href":"https:\/\/www.europesays.com\/pl\/wp-json\/wp\/v2\/users\/2"}],"replies":[{"embeddable":true,"href":"https:\/\/www.europesays.com\/pl\/wp-json\/wp\/v2\/comments?post=193297"}],"version-history":[{"count":0,"href":"https:\/\/www.europesays.com\/pl\/wp-json\/wp\/v2\/posts\/193297\/revisions"}],"wp:featuredmedia":[{"embeddable":true,"href":"https:\/\/www.europesays.com\/pl\/wp-json\/wp\/v2\/media\/193298"}],"wp:attachment":[{"href":"https:\/\/www.europesays.com\/pl\/wp-json\/wp\/v2\/media?parent=193297"}],"wp:term":[{"taxonomy":"category","embeddable":true,"href":"https:\/\/www.europesays.com\/pl\/wp-json\/wp\/v2\/categories?post=193297"},{"taxonomy":"post_tag","embeddable":true,"href":"https:\/\/www.europesays.com\/pl\/wp-json\/wp\/v2\/tags?post=193297"}],"curies":[{"name":"wp","href":"https:\/\/api.w.org\/{rel}","templated":true}]}}