{"id":193421,"date":"2026-01-08T09:18:07","date_gmt":"2026-01-08T09:18:07","guid":{"rendered":"https:\/\/www.europesays.com\/pl\/193421\/"},"modified":"2026-01-08T09:18:07","modified_gmt":"2026-01-08T09:18:07","slug":"grenlandia-na-celowniku-donalda-trumpa-dunski-rzad-stawia-sprawe-jasno","status":"publish","type":"post","link":"https:\/\/www.europesays.com\/pl\/193421\/","title":{"rendered":"Grenlandia na celowniku Donalda Trumpa. Du\u0144ski rz\u0105d stawia spraw\u0119 jasno"},"content":{"rendered":"<p data-section=\"detail-body\">Rz\u0105d Danii potwierdzi\u0142, \u017ce w sytuacji inwazji na Grenlandi\u0119 lub inne terytorium zale\u017cne, du\u0144scy \u017co\u0142nierze maj\u0105 obowi\u0105zek natychmiastowej reakcji zbrojnej, nawet bez formalnego rozkazu. Decyzja ta opiera si\u0119 na zasadach u\u017cycia si\u0142y, kt\u00f3re obowi\u0105zuj\u0105 od 1952 r.<\/p>\n<p class=\"article_p\" data-section=\"detail-body\">Dalsza cz\u0119\u015b\u0107 tekstu znajduje si\u0119 pod materia\u0142em wideo<\/p>\n<p class=\"article_p\" data-section=\"detail-body\">Jak poinformowa\u0142o du\u0144skie Ministerstwo Obrony w odpowiedzi na pytania dziennika &#8222;Berlingske&#8221;, w przypadku ataku &#8222;zaatakowane si\u0142y musz\u0105 natychmiast podj\u0105\u0107 walk\u0119, nawet je\u015bli ich dow\u00f3dcy nie zostali poinformowani, \u017ce kraj znalaz\u0142 si\u0119 w stanie wojny&#8221;.<\/p>\n<p class=\"article_p\" data-section=\"detail-body\">Grenlandia, b\u0119d\u0105ca autonomicznym terytorium Danii, odgrywa kluczow\u0105 rol\u0119 strategiczn\u0105 ze wzgl\u0119du na swoje po\u0142o\u017cenie oraz bogactwa naturalne. Wyspa, zamieszkana przez oko\u0142o 57 tys. os\u00f3b, od lat wzbudza zainteresowanie geopolityczne, szczeg\u00f3lnie w kontek\u015bcie potencjalnych napi\u0119\u0107 mi\u0119dzy pa\u0144stwami NATO.<\/p>\n<p>            Czytaj tak\u017ce w BUSINESS INSIDER<\/p>\n<p>        Sprzeczne sygna\u0142y z Waszyngtonu<\/p>\n<p class=\"article_p\" data-section=\"detail-body\">W\u0105tpliwo\u015bci zwi\u0105zane z ewentualn\u0105 ameryka\u0144sk\u0105 inwazj\u0105 na Grenlandi\u0119 wywo\u0142a\u0142y ostatnie wypowiedzi przedstawicieli administracji USA. Szef francuskiego MSZ Jean-Noel Barrot poinformowa\u0142, \u017ce sekretarz stanu USA, Marco Rubio, stanowczo wykluczy\u0142 mo\u017cliwo\u015b\u0107 militarnego dzia\u0142ania wobec Grenlandii. Jednak, jak podkre\u015bli\u0142 &#8222;Wall Street Journal&#8221;, s\u0142owa Rubio pozostaj\u0105 w sprzeczno\u015bci z wcze\u015bniejszymi wypowiedziami rzeczniczki Bia\u0142ego Domu, Karoline Leavitt, kt\u00f3ra stwierdzi\u0142a, \u017ce &#8222;dzia\u0142ania militarne s\u0105 zawsze jedn\u0105 z dost\u0119pnych opcji&#8221;.<\/p>\n<p class=\"article_p\" data-section=\"detail-body\">Wysoki rang\u0105 europejski dyplomata w rozmowie z &#8222;Washington Post&#8221; zauwa\u017cy\u0142, \u017ce w ostatnich dniach zauwa\u017calna jest zmiana tonu ze strony Stan\u00f3w Zjednoczonych w tej sprawie.<\/p>\n<p class=\"article_p\" data-section=\"detail-body\">By\u0142y premier Francji, Dominique de Villepin, w wywiadzie dla Bloomberg TV ostro skrytykowa\u0142 ewentualne dzia\u0142ania militarne USA wobec Grenlandii. &#8222;Je\u015bli Stany Zjednoczone rzeczywi\u015bcie zdecyduj\u0105 si\u0119 na inwazj\u0119, stan\u0105 si\u0119 wrogiem europejskich pa\u0144stw cz\u0142onkowskich NATO&#8221; \u2014 ostrzeg\u0142 de Villepin, dodaj\u0105c, \u017ce Europa nie mo\u017ce akceptowa\u0107 naruszenia suwerenno\u015bci europejskich terytori\u00f3w. Podkre\u015bli\u0142 r\u00f3wnie\u017c, \u017ce atak jednego cz\u0142onka NATO na drugiego by\u0142by &#8222;bezprecedensowy&#8221;.<\/p>\n<p class=\"article_p\" data-section=\"detail-body\">Czytaj te\u017c: <a href=\"https:\/\/businessinsider.com.pl\/wiadomosci\/grenlandia-wywoluje-napiecia-francja-reaguje-na-plany-usa\/vxccpcj\" id=\"18ec7751-495e-49c8-8553-b36f1dfc41a8\" rel=\"nofollow noopener\" target=\"_blank\">Gor\u0105co wok\u00f3\u0142 arktycznej wyspy. Kolejny kraj reaguje na ruchy USA<\/a><\/p>\n<p>        Grenlandia na celowniku Trumpa<\/p>\n<p class=\"article_p\" data-section=\"detail-body\">Prezydent USA Donald Trump, kt\u00f3ry rozpocz\u0105\u0142 swoj\u0105 drug\u0105 kadencj\u0119 w styczniu 2025 r., wielokrotnie podkre\u015bla\u0142 znaczenie Grenlandii dla interes\u00f3w Stan\u00f3w Zjednoczonych. W ostatnich dniach wr\u00f3ci\u0142 do tematu, rozwa\u017caj\u0105c r\u00f3\u017cne opcje przej\u0119cia wyspy.<\/p>\n<p class=\"article_p\" data-section=\"detail-body\">Napi\u0119cia wzros\u0142y po sobotniej operacji wojsk ameryka\u0144skich w Wenezueli, podczas kt\u00f3rej uprowadzono prezydenta Nicolasa Maduro. Dzia\u0142ania te, jak wskazuj\u0105 eksperci, mog\u0105 by\u0107 cz\u0119\u015bci\u0105 szerszej strategii USA, kt\u00f3ra obejmuje zwi\u0119kszenie wp\u0142yw\u00f3w w regionach o istotnym znaczeniu strategicznym, takich jak Grenlandia.<\/p>\n<p class=\"article_p\" data-section=\"detail-body\">Czytaj te\u017c: <a href=\"https:\/\/businessinsider.com.pl\/gospodarka\/grenlandia-koszty-zycia-i-gospodarka\/pg0tmmf\" id=\"46542ac1-6939-4476-8e0d-c549a29472c5\" rel=\"nofollow noopener\" target=\"_blank\">Donald Trump widzi w niej klucz do ameryka\u0144skiej pot\u0119gi. O co chodzi z Grenlandi\u0105?<\/a><\/p>\n","protected":false},"excerpt":{"rendered":"Rz\u0105d Danii potwierdzi\u0142, \u017ce w sytuacji inwazji na Grenlandi\u0119 lub inne terytorium zale\u017cne, du\u0144scy \u017co\u0142nierze maj\u0105 obowi\u0105zek natychmiastowej&hellip;\n","protected":false},"author":2,"featured_media":193422,"comment_status":"","ping_status":"","sticky":false,"template":"","format":"standard","meta":{"footnotes":""},"categories":[14],"tags":[32,33,27,34,35,28,31,25,40,41,80,29,30,26,82,83,84],"class_list":{"0":"post-193421","1":"post","2":"type-post","3":"status-publish","4":"format-standard","5":"has-post-thumbnail","7":"category-swiat","8":"tag-breaking-news","9":"tag-breakingnews","10":"tag-headlines","11":"tag-latest-news","12":"tag-latestnews","13":"tag-naglowki","14":"tag-najwazniejsze-artykuly","15":"tag-news","16":"tag-polish","17":"tag-polski","18":"tag-swiat","19":"tag-top-stories","20":"tag-topstories","21":"tag-wiadomosci","22":"tag-world","23":"tag-world-news","24":"tag-worldnews"},"share_on_mastodon":{"url":"https:\/\/pubeurope.com\/@pl\/115858735487225991","error":""},"_links":{"self":[{"href":"https:\/\/www.europesays.com\/pl\/wp-json\/wp\/v2\/posts\/193421","targetHints":{"allow":["GET"]}}],"collection":[{"href":"https:\/\/www.europesays.com\/pl\/wp-json\/wp\/v2\/posts"}],"about":[{"href":"https:\/\/www.europesays.com\/pl\/wp-json\/wp\/v2\/types\/post"}],"author":[{"embeddable":true,"href":"https:\/\/www.europesays.com\/pl\/wp-json\/wp\/v2\/users\/2"}],"replies":[{"embeddable":true,"href":"https:\/\/www.europesays.com\/pl\/wp-json\/wp\/v2\/comments?post=193421"}],"version-history":[{"count":0,"href":"https:\/\/www.europesays.com\/pl\/wp-json\/wp\/v2\/posts\/193421\/revisions"}],"wp:featuredmedia":[{"embeddable":true,"href":"https:\/\/www.europesays.com\/pl\/wp-json\/wp\/v2\/media\/193422"}],"wp:attachment":[{"href":"https:\/\/www.europesays.com\/pl\/wp-json\/wp\/v2\/media?parent=193421"}],"wp:term":[{"taxonomy":"category","embeddable":true,"href":"https:\/\/www.europesays.com\/pl\/wp-json\/wp\/v2\/categories?post=193421"},{"taxonomy":"post_tag","embeddable":true,"href":"https:\/\/www.europesays.com\/pl\/wp-json\/wp\/v2\/tags?post=193421"}],"curies":[{"name":"wp","href":"https:\/\/api.w.org\/{rel}","templated":true}]}}