{"id":193444,"date":"2026-01-08T09:30:12","date_gmt":"2026-01-08T09:30:12","guid":{"rendered":"https:\/\/www.europesays.com\/pl\/193444\/"},"modified":"2026-01-08T09:30:12","modified_gmt":"2026-01-08T09:30:12","slug":"amd-pokazuje-mini-pc-z-ryzen-ai-halo-odpali-cyberpunka-i-modele-ai","status":"publish","type":"post","link":"https:\/\/www.europesays.com\/pl\/193444\/","title":{"rendered":"AMD pokazuje mini PC z Ryzen AI Halo. Odpali Cyberpunka i modele AI"},"content":{"rendered":"<p style=\"text-align:justify\">AMD podczas targ\u00f3w CES zaprezentowa\u0142o mini PC oparte na platformie Ryzen AI Halo i procesorze Strix Halo, kt\u00f3re ma ambicj\u0119 konkurowa\u0107 bezpo\u015brednio z kompaktowymi stacjami roboczymi przeznaczonymi do oblicze\u0144 AI. Producent jasno sygnalizuje, \u017ce nie chodzi wy\u0142\u0105cznie o designersk\u0105 obudow\u0119 i oszcz\u0119dno\u015b\u0107 miejsca na biurku, lecz o realn\u0105 moc obliczeniow\u0105 zamkni\u0119t\u0105 w niewielkim formacie.<\/p>\n<p style=\"text-align:justify\">Nowy mini PC AMD pozycjonowany jest jako konkurent dla ministacji roboczej DGX Spark AI firmy Nvidia. Tam, gdzie Nvidia stawia na po\u0142\u0105czenie 20-rdzeniowego procesora ARM z uk\u0142adem graficznym oferuj\u0105cym oko\u0142o 1000 TOPS mocy AI, AMD si\u0119ga po architektur\u0119 x86 i procesor Ryzen AI Max+ 395. To jednostka wyposa\u017cona w 16 rdzeni CPU, osi\u0105gaj\u0105cych taktowanie do 5,1 GHz w trybie Boost, oraz zintegrowan\u0105 kart\u0119 graficzn\u0105 Radeon 8060S.<\/p>\n<p style=\"text-align:justify\">Zintegrowany uk\u0142ad graficzny dysponuje 40 jednostkami obliczeniowymi, co stawia go w zupe\u0142nie innej lidze ni\u017c typowe iGPU znane z klasycznych komputer\u00f3w biurowych. AMD podkre\u015bla, \u017ce ca\u0142o\u015b\u0107 zosta\u0142a zaprojektowana z my\u015bl\u0105 o zadaniach wymagaj\u0105cych du\u017cej przepustowo\u015bci pami\u0119ci i intensywnych oblicze\u0144 r\u00f3wnoleg\u0142ych.<\/p>\n<p>                            <img decoding=\"async\" src=\"https:\/\/www.europesays.com\/pl\/wp-content\/uploads\/2026\/01\/1767864612_271_hqdefault.jpg\" class=\"video-thumbnail\"\/> <\/p>\n<p>Wydajno\u015b\u0107 nie tylko dla tw\u00f3rc\u00f3w AI<\/p>\n<p style=\"text-align:justify\">Cho\u0107 g\u0142\u00f3wnym adresatem nowego mini PC s\u0105 programi\u015bci i badacze pracuj\u0105cy z modelami sztucznej inteligencji, AMD nie unika prezentowania mo\u017cliwo\u015bci sprz\u0119tu tak\u017ce w kontek\u015bcie gier. Producent deklaruje p\u0142ynne dzia\u0142anie takich tytu\u0142\u00f3w jak Assassin\u2019s Creed Shadows, The Elder Scrolls IV: Oblivion Remastered czy Cyberpunk 2077 w rozdzielczo\u015bci 1080p przy wysokich i maksymalnych ustawieniach graficznych.<\/p>\n<p style=\"text-align:justify\">To wyra\u017any sygna\u0142, \u017ce zintegrowany Radeon 8060S ma by\u0107 rozwi\u0105zaniem uniwersalnym, zdolnym obs\u0142u\u017cy\u0107 zar\u00f3wno \u015brodowiska deweloperskie, jak i wymagaj\u0105ce aplikacje multimedialne. W praktyce mini PC mo\u017ce pe\u0142ni\u0107 rol\u0119 kompaktowej stacji roboczej, kt\u00f3ra po godzinach pracy zamienia si\u0119 w maszyn\u0119 do rozrywki.<\/p>\n<p>128 GB RAM i modele liczone w miliardach parametr\u00f3w<\/p>\n<p style=\"text-align:justify\">Jednym z kluczowych element\u00f3w nowej konstrukcji jest obs\u0142uga nawet 128 GB pami\u0119ci RAM, wsp\u00f3\u0142dzielonej pomi\u0119dzy procesor i uk\u0142ad graficzny. Taka konfiguracja otwiera drog\u0119 do lokalnego uruchamiania modeli sztucznej inteligencji o skali si\u0119gaj\u0105cej 200 miliard\u00f3w parametr\u00f3w, bez konieczno\u015bci korzystania z chmury obliczeniowej.<\/p>\n<p style=\"text-align:justify\">AMD kieruje ten przekaz bezpo\u015brednio do deweloper\u00f3w, kt\u00f3rzy coraz cz\u0119\u015bciej szukaj\u0105 mo\u017cliwo\u015bci testowania i trenowania modeli lokalnie, z pe\u0142n\u0105 kontrol\u0105 nad danymi i \u015brodowiskiem pracy. Platforma Ryzen AI Halo obs\u0142uguje zar\u00f3wno Windows 11, jak i systemy Linux, co dodatkowo poszerza grono potencjalnych u\u017cytkownik\u00f3w.<\/p>\n<p>Ch\u0142odzenie i design podporz\u0105dkowane mocy<\/p>\n<p style=\"text-align:justify\">Wysoka wydajno\u015b\u0107 wi\u0105\u017ce si\u0119 z du\u017cym zapotrzebowaniem na energi\u0119. Uk\u0142ad Strix Halo w szczytowym obci\u0105\u017ceniu mo\u017ce pobiera\u0107 ponad 180 wat\u00f3w mocy. AMD zastosowa\u0142o wi\u0119c rozbudowany system ch\u0142odzenia oparty na dw\u00f3ch wentylatorach i masywnym radiatorze. Obudowa zosta\u0142a g\u0119sto perforowana, aby u\u0142atwi\u0107 przep\u0142yw powietrza, a ca\u0142o\u015b\u0107 dope\u0142niaj\u0105 dwa logo AMD oraz subtelny pasek LED.\u00a0Stylistyka pozostaje stonowana i techniczna, wyra\u017anie adresowana do profesjonalist\u00f3w, kt\u00f3rzy ceni\u0105 funkcjonalno\u015b\u0107 i wydajno\u015b\u0107 bardziej ni\u017c efektown\u0105 iluminacj\u0119.<\/p>\n<p>Cena i rynkowe perspektywy<\/p>\n<p style=\"text-align:justify\">AMD zapowiada wprowadzenie mini PC Ryzen AI Halo na rynek w drugim kwartale 2026 roku, mi\u0119dzy kwietniem a czerwcem. Producent nie ujawni\u0142 jeszcze oficjalnej ceny, co pozostawia spore pole do spekulacji. Dla por\u00f3wnania, dost\u0119pny ju\u017c na rynku GMKtec EVO-X2 oparty na tym samym procesorze Ryzen AI Max+ 395 kosztuje oko\u0142o 1840 dolar\u00f3w w wersji z 64 GB pami\u0119ci RAM.<\/p>\n<p class=\"m-0\">Spodoba\u0142o Ci si\u0119? Podziel si\u0119 ze znajomymi!<\/p>\n","protected":false},"excerpt":{"rendered":"AMD podczas targ\u00f3w CES zaprezentowa\u0142o mini PC oparte na platformie Ryzen AI Halo i procesorze Strix Halo, kt\u00f3re&hellip;\n","protected":false},"author":2,"featured_media":193445,"comment_status":"","ping_status":"","sticky":false,"template":"","format":"standard","meta":{"footnotes":""},"categories":[20],"tags":[323,120,118,119,42,38,40,39,41,116,114,115,121,117],"class_list":{"0":"post-193444","1":"post","2":"type-post","3":"status-publish","4":"format-standard","5":"has-post-thumbnail","7":"category-nauka-i-technika","8":"tag-amd","9":"tag-nauka","10":"tag-nauka-i-technika","11":"tag-naukatechnika","12":"tag-pl","13":"tag-poland","14":"tag-polish","15":"tag-polska","16":"tag-polski","17":"tag-science","18":"tag-science-and-technology","19":"tag-sciencetechnology","20":"tag-technika","21":"tag-technology"},"share_on_mastodon":{"url":"https:\/\/pubeurope.com\/@pl\/115858782634079133","error":""},"_links":{"self":[{"href":"https:\/\/www.europesays.com\/pl\/wp-json\/wp\/v2\/posts\/193444","targetHints":{"allow":["GET"]}}],"collection":[{"href":"https:\/\/www.europesays.com\/pl\/wp-json\/wp\/v2\/posts"}],"about":[{"href":"https:\/\/www.europesays.com\/pl\/wp-json\/wp\/v2\/types\/post"}],"author":[{"embeddable":true,"href":"https:\/\/www.europesays.com\/pl\/wp-json\/wp\/v2\/users\/2"}],"replies":[{"embeddable":true,"href":"https:\/\/www.europesays.com\/pl\/wp-json\/wp\/v2\/comments?post=193444"}],"version-history":[{"count":0,"href":"https:\/\/www.europesays.com\/pl\/wp-json\/wp\/v2\/posts\/193444\/revisions"}],"wp:featuredmedia":[{"embeddable":true,"href":"https:\/\/www.europesays.com\/pl\/wp-json\/wp\/v2\/media\/193445"}],"wp:attachment":[{"href":"https:\/\/www.europesays.com\/pl\/wp-json\/wp\/v2\/media?parent=193444"}],"wp:term":[{"taxonomy":"category","embeddable":true,"href":"https:\/\/www.europesays.com\/pl\/wp-json\/wp\/v2\/categories?post=193444"},{"taxonomy":"post_tag","embeddable":true,"href":"https:\/\/www.europesays.com\/pl\/wp-json\/wp\/v2\/tags?post=193444"}],"curies":[{"name":"wp","href":"https:\/\/api.w.org\/{rel}","templated":true}]}}