{"id":193454,"date":"2026-01-08T09:36:09","date_gmt":"2026-01-08T09:36:09","guid":{"rendered":"https:\/\/www.europesays.com\/pl\/193454\/"},"modified":"2026-01-08T09:36:09","modified_gmt":"2026-01-08T09:36:09","slug":"krrit-zebrala-skargi-i-przekonala-wszystkie-stacje-chodzi-o-reklame-z-karolakiem","status":"publish","type":"post","link":"https:\/\/www.europesays.com\/pl\/193454\/","title":{"rendered":"KRRiT zebra\u0142a skargi i przekona\u0142a wszystkie stacje. Chodzi o reklam\u0119 z Karolakiem"},"content":{"rendered":"<p class=\"art_paragraph\">Chocia\u017c Rada nie wskaza\u0142a, o kt\u00f3r\u0105 reklam\u0119 chodzi, w tym samym czasie za reklamowanie piwa \u0141om\u017ca w stroju Miko\u0142aja pod has\u0142em &#8222;Zima w swoim tempie&#8221; krytykowano Tomasza Karolaka. KRRiT zleci\u0142a kontrol\u0119 reklamy oraz wys\u0142a\u0142a wezwanie do TVP, 68 kana\u0142\u00f3w telewizyjnych koncesjonowanych oraz 50 innych stacji o natychmiastowe wstrzymanie emisji spotu.<\/p>\n<p> KRRiT z sukcesem. Kontrowersyjna reklama znikn\u0119\u0142a z telewizji<\/p>\n<p class=\"art_paragraph\">&#8222;Dzia\u0142ania Krajowej Rady Radiofonii i Telewizji przynios\u0142y natychmiastowy efekt! Wszyscy nadawcy niezw\u0142ocznie rezygnowali z emitowania kontrowersyjnej reklamy piwa z udzia\u0142em Miko\u0142aja&#8221; &#8211; pochwali\u0142a si\u0119 instytucja na Twitterze.<\/p>\n<p class=\"art_paragraph\">Przewodnicz\u0105ca Rady dr Agnieszka Glapiak podkre\u015bla\u0142a, \u017ce dzia\u0142a w interesie spo\u0142ecznym, poniewa\u017c \u015bw. Miko\u0142aj jednoznacznie kojarzy si\u0119 z <a href=\"https:\/\/www.publio.pl\/szkola-edukacja-lektury,k1915.html#anchorLink\" rel=\"nofollow noopener\" target=\"_blank\">dzie\u0107mi<\/a> i <a href=\"https:\/\/kultura.gazeta.pl\/boze-narodzenie#anchorLink\" rel=\"nofollow noopener\" target=\"_blank\">Bo\u017cym Narodzeniem<\/a>. W skargach podkre\u015blano, \u017ce te warto\u015bci nie \u0142\u0105cz\u0105 si\u0119 z reklam\u0105 alkoholu, a Rada powo\u0142a\u0142a si\u0119 na ustaw\u0119 o radiofonii i telewizji, kt\u00f3ra m\u00f3wi o ochronie moralno\u015bci i szacunku dla warto\u015bci w audycjach i przekazach.<\/p>\n<p> W\u0142a\u015bciciel marki piwa \u0141om\u017ca komentuje<\/p>\n<p class=\"art_paragraph\">W\u0142a\u015bciciel \u0141om\u017cy, firma Van Pur SA, w rozmowie z PAP odpar\u0142a krytyk\u0119, kt\u00f3ra pojawi\u0142a si\u0119 w sieci. &#8222;Spot reklamowy pozytywnie przeszed\u0142 standardowy proces kolaudacji w stacjach TV przed dopuszczeniem do emisji, nie budz\u0105c zastrze\u017ce\u0144 natury etycznej lub prawnej&#8221; &#8211; czytamy w o\u015bwiadczeniu. Jednocze\u015bnie firma zaznaczy\u0142a, \u017ce przekaz jest w spos\u00f3b \u015bwiadomy kierowany do pe\u0142noletnich odbiorc\u00f3w. &#8222;Reklama w \u017caden spos\u00f3b nie sugeruje, \u017ce wykreowany przez Tomasza Karolaka bohater nadu\u017cy\u0142 alkoholu&#8221; &#8211; zaznacza\u0142 Van Pur SA.<\/p>\n<p class=\"art_paragraph\">Prof. Tadeusz Kowalski, cz\u0142onek KRRiT oraz medioznawca,<a href=\"https:\/\/wyborcza.pl\/7,75398,32501218,prof-kowalski-tomasz-karolak-bardzo-zniszczyl-wizerunek-rodzinnego.html\" class=\"art_link\" rel=\"dofollow noopener\" target=\"_blank\"> w rozmowie z &#8222;Gazet\u0105 Wyborcz\u0105&#8221;<\/a> zaznaczy\u0142, \u017ce odmowa wycofania reklam mog\u0142aby poskutkowa\u0107 karami. &#8222;Wysoko\u015b\u0107 kary zale\u017cy od przychod\u00f3w z reklam, formy emisji (naziemna, satelitarna etc.), czy by\u0142a to recydywa oraz oceny stopnia szkodliwo\u015bci&#8221; &#8211; wyja\u015bnia ekspert. Jednak podkre\u015bla, \u017ce w przypadku reklamy z Tomaszem Karolakiem &#8222;naprawd\u0119 szybko uda\u0142o si\u0119 jej zakaza\u0107&#8221;.<\/p>\n<p class=\"art_paragraph\">&#8222;Interwencja KRRiT by\u0142a konieczna i skuteczna. Cieszy mnie fakt, \u017ce nadawcy niezw\u0142ocznie zareagowali na wezwanie. Potwierdzili oni tym samym, \u017ce przekaz reklamowy, niezale\u017cnie od formy, nie mo\u017ce podwa\u017ca\u0107 wa\u017cne spo\u0142ecznie warto\u015bci i dobre obyczaje&#8221; \u2013 zaznaczy\u0142a przewodnicz\u0105ca KRRiT Agnieszka Glapiak.<\/p>\n","protected":false},"excerpt":{"rendered":"Chocia\u017c Rada nie wskaza\u0142a, o kt\u00f3r\u0105 reklam\u0119 chodzi, w tym samym czasie za reklamowanie piwa \u0141om\u017ca w stroju&hellip;\n","protected":false},"author":2,"featured_media":193455,"comment_status":"","ping_status":"","sticky":false,"template":"","format":"standard","meta":{"footnotes":""},"categories":[22],"tags":[122,42,38,40,39,41,123],"class_list":{"0":"post-193454","1":"post","2":"type-post","3":"status-publish","4":"format-standard","5":"has-post-thumbnail","7":"category-rozrywka","8":"tag-entertainment","9":"tag-pl","10":"tag-poland","11":"tag-polish","12":"tag-polska","13":"tag-polski","14":"tag-rozrywka"},"share_on_mastodon":{"url":"https:\/\/pubeurope.com\/@pl\/115858806226346278","error":""},"_links":{"self":[{"href":"https:\/\/www.europesays.com\/pl\/wp-json\/wp\/v2\/posts\/193454","targetHints":{"allow":["GET"]}}],"collection":[{"href":"https:\/\/www.europesays.com\/pl\/wp-json\/wp\/v2\/posts"}],"about":[{"href":"https:\/\/www.europesays.com\/pl\/wp-json\/wp\/v2\/types\/post"}],"author":[{"embeddable":true,"href":"https:\/\/www.europesays.com\/pl\/wp-json\/wp\/v2\/users\/2"}],"replies":[{"embeddable":true,"href":"https:\/\/www.europesays.com\/pl\/wp-json\/wp\/v2\/comments?post=193454"}],"version-history":[{"count":0,"href":"https:\/\/www.europesays.com\/pl\/wp-json\/wp\/v2\/posts\/193454\/revisions"}],"wp:featuredmedia":[{"embeddable":true,"href":"https:\/\/www.europesays.com\/pl\/wp-json\/wp\/v2\/media\/193455"}],"wp:attachment":[{"href":"https:\/\/www.europesays.com\/pl\/wp-json\/wp\/v2\/media?parent=193454"}],"wp:term":[{"taxonomy":"category","embeddable":true,"href":"https:\/\/www.europesays.com\/pl\/wp-json\/wp\/v2\/categories?post=193454"},{"taxonomy":"post_tag","embeddable":true,"href":"https:\/\/www.europesays.com\/pl\/wp-json\/wp\/v2\/tags?post=193454"}],"curies":[{"name":"wp","href":"https:\/\/api.w.org\/{rel}","templated":true}]}}