{"id":193456,"date":"2026-01-08T09:37:08","date_gmt":"2026-01-08T09:37:08","guid":{"rendered":"https:\/\/www.europesays.com\/pl\/193456\/"},"modified":"2026-01-08T09:37:08","modified_gmt":"2026-01-08T09:37:08","slug":"kurtyna-w-gore-kortyzol-tez-oto-data-premiery-samsunga-galaxy-s26","status":"publish","type":"post","link":"https:\/\/www.europesays.com\/pl\/193456\/","title":{"rendered":"Kurtyna w g\u00f3r\u0119, kortyzol te\u017c. Oto data premiery Samsunga Galaxy S26"},"content":{"rendered":"<p class=\"lead\">Samsung Galaxy S26 potwierdza dat\u0119 premiery z kolejnego pewnego \u017ar\u00f3d\u0142a. Kurtyna idzie w g\u00f3re razem z kortyzolem, a to przez kwesti\u0119 ceny nowych flagowc\u00f3w. Ile zap\u0142acimy w Polsce?<\/p>\n<p>Po malo zach\u0119caj\u0105cych rewelacjach na temat <a href=\"https:\/\/www.gsmmaniak.pl\/1626527\/samsung-galaxy-a57-data-premiery\/\" rel=\"nofollow noopener\" target=\"_blank\">Samsunga Galaxy A57 i Galaxy A37<\/a> czas na co\u015b pewnego o flagowcach. Jak powszechnie wiemy na \u015bwiecie pewne s\u0105 \u015bmier\u0107, podatki i przecieki od Evana Blassa. Dzi\u0119ki znanemu\u00a0leaksterowi dat\u0119 premiery Samsunga Galaxy S26 mo\u017cna uzna\u0107 za pewn\u0105.<\/p>\n<p>Kwestia ceny pozostaje kwesti\u0105\u2026 sporn\u0105<\/p>\n<p>Kiedy jeszcze nie wia\u0142o od tego terroryzmem, m\u00f3wi\u0142o si\u0119, \u017ce jeden rabin powie tak, a drugi \u2013 inaczej. Powiedzonko \u015bwietnie pasuje do ceny Samsunga Galaxy S26, a w role tych niesympatycznych \u201educhownych\u201d wcielaj\u0105 si\u0119 korea\u0144skie media. M\u00f3wi\u0105c pro\u015bciej \u2013 zdania na temat utrzymania lub podwy\u017cki ceny s\u0105 mocno podzielone.<\/p>\n<p><a href=\"https:\/\/www.gsmmaniak.pl\/wp-content\/uploads\/gsmmaniak\/2026\/01\/Zrzut-ekranu-2026-01-07-104610.jpg\" rel=\"lightbox-post4 nofollow noopener\" title=\"Galeria dla Zrzut ekranu 2026-01-07 104610\" target=\"_blank\"><img loading=\"lazy\" decoding=\"async\" aria-describedby=\"caption-attachment-1626581\" class=\"size-medium wp-image-1626581\" src=\"https:\/\/www.europesays.com\/pl\/wp-content\/uploads\/2026\/01\/Zrzut-ekranu-2026-01-07-104610-medium.jpg\" alt=\"Samsung Galaxy S26\" width=\"500\" height=\"219\"   itemprop=\"image\" \/><\/a><\/p>\n<p id=\"caption-attachment-1626581\" class=\"wp-caption-text\">Data premiery Samsunga Galaxy S26 \/ fot. Evan Blass<\/p>\n<p>Je\u017celi chcia\u0142by\u015b nieco g\u0142\u0119biej pozna\u0107 t\u0142o, to chodzi o to, \u017ce Samsungowi nie op\u0142aca si\u0119 sprzedawa\u0107 pami\u0119ci\u2026 Samsungowi, bo farmy \/ centra danych AI s\u0105 gotowe zap\u0142aci\u0107 lepsz\u0105 kas\u0119. To chyba najlepiej oddane bajzel, do jakiego swoimi decyzjami doprowadzi\u0142 TM Roh. Zdaniem wielu to on jest odpowiedzialny za<a href=\"https:\/\/www.gsmmaniak.pl\/1617624\/samsung-galaxy-s25-ultra-vs-samsung-galaxy-s26-ultra-specyfikacja\/\" rel=\"nofollow noopener\" target=\"_blank\"> obecny stan smartfon\u00f3w tego producenta<\/a> \u2013 ja si\u0119 nie wypowiem, bo nie lubi\u0119 proces\u00f3w.<\/p>\n<p>Samsung Galaxy S26 zadebiutuje 25 lutego<\/p>\n<p>To w\u0142a\u015bnie San Francisco dnia 25 lutego, roku pa\u0144skiego 2026 b\u0119dzie \u015bwiadkiem premiery Samsunga Galaxy S26. Nie mog\u0119 powiedzie\u0107, \u017cebym w \u015bwietle powy\u017cszych informacji by\u0142 w stanie specjalnie si\u0119 tym ekscytowa\u0107. Potencjalnie podwy\u017cki w Polsce przy stagnacji w specyfikacji to raczej \u015bredni pow\u00f3d do ekscytacji.<\/p>\n<p>Szczerze powiedziawszy, to w najbli\u017cszych miesi\u0105cach b\u0119dzie tyle ciekawych premier, \u017ce Samsung wypada na ich tle wyj\u0105tkowo blado. vivo, Xiaomi i Oppo po raz pierwszy wprowadzadz\u0105 do Europy swoje Ultry w pe\u0142nym sk\u0142adzie. Chcia\u0142bym zobaczy\u0107, jak odbija si\u0119 to na wielko\u015bci sprzeda\u017cy nowych Galaktyk. Nie dlatego, \u017ce jako\u015b specjalnie nie lubi\u0119 Samsunga \u2013 po prostu chcia\u0142bym znowu zobaczy\u0107 ich na w\u0142a\u015bciwych torach.<\/p>\n<p>Wi\u0119cej na temat <a href=\"https:\/\/www.gsmmaniak.pl\/1625957\/samsung-galaxy-s26-jednak-wyzsze-ceny\/\" rel=\"nofollow noopener\" target=\"_blank\">ceny i specyfikacji Samsunga Galaxy S26<\/a>, zw\u0142aszcza w wersji Ultra, napisa\u0142em poni\u017cej. To nie jest najlepszy rok, by by\u0107 fanem korea\u0144skich smartfon\u00f3w.<\/p>\n<blockquote class=\"wp-embedded-content\" data-secret=\"i6GlaPFizA\">\n<p><a href=\"https:\/\/www.gsmmaniak.pl\/1625957\/samsung-galaxy-s26-jednak-wyzsze-ceny\/\" rel=\"nofollow noopener\" target=\"_blank\">Nie\u0142atwo jest by\u0107 fanem Samsunga Galaxy S26. Spada na niego kolejny cios<\/a><\/p>\n<\/blockquote>\n<p>\u0179r\u00f3d\u0142o: <a href=\"https:\/\/x.com\/evleaks\/status\/2008647312139243594\" rel=\"nofollow\">Evan Blass<\/a>, opracowanie w\u0142asne<\/p>\n","protected":false},"excerpt":{"rendered":"Samsung Galaxy S26 potwierdza dat\u0119 premiery z kolejnego pewnego \u017ar\u00f3d\u0142a. Kurtyna idzie w g\u00f3re razem z kortyzolem, a&hellip;\n","protected":false},"author":2,"featured_media":173852,"comment_status":"","ping_status":"","sticky":false,"template":"","format":"standard","meta":{"footnotes":""},"categories":[20],"tags":[120,118,119,42,38,40,39,41,116,114,115,121,117],"class_list":{"0":"post-193456","1":"post","2":"type-post","3":"status-publish","4":"format-standard","5":"has-post-thumbnail","7":"category-nauka-i-technika","8":"tag-nauka","9":"tag-nauka-i-technika","10":"tag-naukatechnika","11":"tag-pl","12":"tag-poland","13":"tag-polish","14":"tag-polska","15":"tag-polski","16":"tag-science","17":"tag-science-and-technology","18":"tag-sciencetechnology","19":"tag-technika","20":"tag-technology"},"share_on_mastodon":{"url":"https:\/\/pubeurope.com\/@pl\/115858810054341331","error":""},"_links":{"self":[{"href":"https:\/\/www.europesays.com\/pl\/wp-json\/wp\/v2\/posts\/193456","targetHints":{"allow":["GET"]}}],"collection":[{"href":"https:\/\/www.europesays.com\/pl\/wp-json\/wp\/v2\/posts"}],"about":[{"href":"https:\/\/www.europesays.com\/pl\/wp-json\/wp\/v2\/types\/post"}],"author":[{"embeddable":true,"href":"https:\/\/www.europesays.com\/pl\/wp-json\/wp\/v2\/users\/2"}],"replies":[{"embeddable":true,"href":"https:\/\/www.europesays.com\/pl\/wp-json\/wp\/v2\/comments?post=193456"}],"version-history":[{"count":0,"href":"https:\/\/www.europesays.com\/pl\/wp-json\/wp\/v2\/posts\/193456\/revisions"}],"wp:featuredmedia":[{"embeddable":true,"href":"https:\/\/www.europesays.com\/pl\/wp-json\/wp\/v2\/media\/173852"}],"wp:attachment":[{"href":"https:\/\/www.europesays.com\/pl\/wp-json\/wp\/v2\/media?parent=193456"}],"wp:term":[{"taxonomy":"category","embeddable":true,"href":"https:\/\/www.europesays.com\/pl\/wp-json\/wp\/v2\/categories?post=193456"},{"taxonomy":"post_tag","embeddable":true,"href":"https:\/\/www.europesays.com\/pl\/wp-json\/wp\/v2\/tags?post=193456"}],"curies":[{"name":"wp","href":"https:\/\/api.w.org\/{rel}","templated":true}]}}