{"id":193457,"date":"2026-01-08T09:38:10","date_gmt":"2026-01-08T09:38:10","guid":{"rendered":"https:\/\/www.europesays.com\/pl\/193457\/"},"modified":"2026-01-08T09:38:10","modified_gmt":"2026-01-08T09:38:10","slug":"koniec-polskiej-firmy-z-98-letnia-tradycja-bedzie-likwidacja-2","status":"publish","type":"post","link":"https:\/\/www.europesays.com\/pl\/193457\/","title":{"rendered":"Koniec polskiej firmy z 98-letni\u0105 tradycj\u0105. B\u0119dzie likwidacja"},"content":{"rendered":"<ul>&#13;<\/p>\n<li>Po 98 latach dzia\u0142alno\u015bci zapad\u0142a decyzja o likwidacji jednej z najstarszych fabryk w Polsce.<\/li>\n<p>&#13;<\/p>\n<li>Zak\u0142ad Stomil-Pozna\u0144 od lat zmaga\u0142 si\u0119 z kryzysem i stratami. Restrukturyzacja nie pomog\u0142a.<\/li>\n<p>&#13;<\/p>\n<li>Prac\u0119 straci 119 os\u00f3b. Cz\u0119\u015b\u0107 za\u0142ogi mo\u017ce trafi\u0107 do innych zak\u0142ad\u00f3w PGZ.<\/li>\n<p>&#13;\n<\/ul>\n<p>Stomil-Pozna\u0144 ko\u0144czy dzia\u0142alno\u015b\u0107<\/p>\n<p>Stomil-Pozna\u0144, najstarszy zak\u0142ad oponiarski zlokalizowany w Wielkopolsce ko\u0144czy dzia\u0142alno\u015b\u0107 \u2013 donosi serwis Farmer.pl. Jak czytamy, pod koniec listopada ubieg\u0142ego roku zarz\u0105d sp\u00f3\u0142ki wystosowa\u0142 wniosek o jej likwidacj\u0119. Firma od kilku lat prze\u017cywa\u0142a powa\u017cny kryzys. W pi\u0105tek, 2 stycznia, podczas walnego zgromadzenia akcjonariuszy w Warszawie przyj\u0119to wniosek zarz\u0105du, a tym samym postawi\u0142o sp\u00f3\u0142k\u0119 w stan likwidacji.<\/p>\n<p>        <a href=\"https:\/\/www.dlahandlu.pl\/e-commerce\/koniec-roku-przyniosl-zaskoczenie-duza-firma-meblarska-oglasza-upadlosc,165271.html\" class=\"read-more-box-img-cnt\" rel=\"nofollow noopener\" target=\"_blank\"><br \/>\n        \t            <img decoding=\"async\" loading=\"lazy\" src=\"https:\/\/www.europesays.com\/pl\/wp-content\/uploads\/2026\/01\/094899_r0_300.jpg\" alt=\"Koniec roku przyni\u00f3s\u0142 zaskoczenie. Du\u017ca firma meblarska og\u0142asza upad\u0142o\u015b\u0107\" class=\"read-more-box-img\"\/><br \/>\n                    <\/a><\/p>\n<p>To firma, kt\u00f3ra w 85% nale\u017ca\u0142a do Polskiej Grupy Zbrojeniowej. Jak podaje Farmer.pl, wcze\u015bniejsze plany restrukturyzacyjne nie dawa\u0142y realnych szans na popraw\u0119 sytuacji finansowej zak\u0142adu Stomil-Pozna\u0144. Sp\u00f3\u0142ka notuje straty od lat, zmagaj\u0105c si\u0119 r\u00f3wnie\u017c z narastaj\u0105cymi d\u0142ugami i brakiem zdolno\u015bci kredytowej.<\/p>\n<p>Ile os\u00f3b pracuje w Stomil-Pozna\u0144? W zak\u0142adzie zatrudnionych jest 119 os\u00f3b. Jak czytamy, pracownicy mog\u0105 liczy\u0107 na przeniesienie do innych fabryk PGZ, w tym tych zlokalizowanych w pobli\u017cu ich dotychczasowego miejsca zatrudnienia.<\/p>\n<p>Znika Stomil-Pozna\u0144. To najstarsza fabryka oponiarska w Polsce<\/p>\n<p>Stomil-Pozna\u0144 to zak\u0142ad oponiarski o najd\u0142u\u017cszej tradycji w Polsce, za\u0142o\u017cony jeszcze w dwudziestoleciu mi\u0119dzywojennym, w 1928 roku. Firma powsta\u0142a z inicjatywy in\u017c. Paw\u0142a Nestrypke \u2013 podaje Kazimierz Wandelt w publikacji \u201eHistoria zak\u0142ad\u00f3w &#8222;Stomil\u201d (w: \u201eKronika Miasta Poznania\u201d). Nestrypke by\u0142 in\u017cynierem i elektrykiem, specjalist\u0105 w zakresie tramwajarstwa. W 1930 roku jako pierwszy w Polsce wprowadzi\u0142 trolejbus.<\/p>\n<p>Od pocz\u0105tku lat 30. XX wieku w fabryce Stomil-Pozna\u0144 produkowano opony rowerowe i motocyklowe, a od roku 1934 r\u00f3wnie\u017c opony motocyklowe. Co ciekawe, zak\u0142ad nawi\u0105za\u0142 w\u00f3wczas wsp\u00f3\u0142prac\u0119 z ameryka\u0144sk\u0105 firm\u0105 General Tire, produkuj\u0105c na jej licencji opony.\u00a0 Inn\u0105 ciekawostk\u0105 jest fakt, \u017ce w 1937 roku uruchomiono fili\u0119 zak\u0142adu \u201eStomil\u201d w D\u0119bicy (woj. podkarpackie), znanej dzi\u015b z produkcji opon.<\/p>\n<p>Po wojennej po\u017codze w 1945 roku wr\u00f3cono do produkcji opon. W 1956 roku wyprodukowano tam opon\u0119 bezd\u0119tkow\u0105, a w 1971 ruszy\u0142a produkcja ogromnych opon do maszyn budowlanych. W 1992 roku Stomil przekszta\u0142cono w sp\u00f3\u0142k\u0119 akcyjn\u0105 ze 100% udzia\u0142em Skarbu Pa\u0144stwa. <\/p>\n<p>\u0179r\u00f3d\u0142a: Farmer.pl.<\/p>\n","protected":false},"excerpt":{"rendered":"&#13; Po 98 latach dzia\u0142alno\u015bci zapad\u0142a decyzja o likwidacji jednej z najstarszych fabryk w Polsce. &#13; Zak\u0142ad Stomil-Pozna\u0144&hellip;\n","protected":false},"author":2,"featured_media":193365,"comment_status":"","ping_status":"","sticky":false,"template":"","format":"standard","meta":{"footnotes":""},"categories":[16],"tags":[113,112,42,38,40,39,41],"class_list":{"0":"post-193457","1":"post","2":"type-post","3":"status-publish","4":"format-standard","5":"has-post-thumbnail","7":"category-biznes","8":"tag-biznes","9":"tag-business","10":"tag-pl","11":"tag-poland","12":"tag-polish","13":"tag-polska","14":"tag-polski"},"share_on_mastodon":{"url":"https:\/\/pubeurope.com\/@pl\/115858814101367414","error":""},"_links":{"self":[{"href":"https:\/\/www.europesays.com\/pl\/wp-json\/wp\/v2\/posts\/193457","targetHints":{"allow":["GET"]}}],"collection":[{"href":"https:\/\/www.europesays.com\/pl\/wp-json\/wp\/v2\/posts"}],"about":[{"href":"https:\/\/www.europesays.com\/pl\/wp-json\/wp\/v2\/types\/post"}],"author":[{"embeddable":true,"href":"https:\/\/www.europesays.com\/pl\/wp-json\/wp\/v2\/users\/2"}],"replies":[{"embeddable":true,"href":"https:\/\/www.europesays.com\/pl\/wp-json\/wp\/v2\/comments?post=193457"}],"version-history":[{"count":0,"href":"https:\/\/www.europesays.com\/pl\/wp-json\/wp\/v2\/posts\/193457\/revisions"}],"wp:featuredmedia":[{"embeddable":true,"href":"https:\/\/www.europesays.com\/pl\/wp-json\/wp\/v2\/media\/193365"}],"wp:attachment":[{"href":"https:\/\/www.europesays.com\/pl\/wp-json\/wp\/v2\/media?parent=193457"}],"wp:term":[{"taxonomy":"category","embeddable":true,"href":"https:\/\/www.europesays.com\/pl\/wp-json\/wp\/v2\/categories?post=193457"},{"taxonomy":"post_tag","embeddable":true,"href":"https:\/\/www.europesays.com\/pl\/wp-json\/wp\/v2\/tags?post=193457"}],"curies":[{"name":"wp","href":"https:\/\/api.w.org\/{rel}","templated":true}]}}