{"id":193494,"date":"2026-01-08T09:59:07","date_gmt":"2026-01-08T09:59:07","guid":{"rendered":"https:\/\/www.europesays.com\/pl\/193494\/"},"modified":"2026-01-08T09:59:07","modified_gmt":"2026-01-08T09:59:07","slug":"wielkie-klopoty-pracodawcy-andrzeja-dudy-byly-prezydent-zabral-glos","status":"publish","type":"post","link":"https:\/\/www.europesays.com\/pl\/193494\/","title":{"rendered":"Wielkie k\u0142opoty pracodawcy Andrzeja Dudy. By\u0142y prezydent zabra\u0142 g\u0142os"},"content":{"rendered":"<p>Andrzej Duda by\u0142 w\u00a0czwartek go\u015bciem Radia Zet. Jeden ze s\u0142uchaczy spyta\u0142, &#8222;dlaczego by\u0142y prezydent uciek\u0142 w\u00a0biznes zamiast pomy\u015ble\u0107 o\u00a0za\u0142o\u017ceniu w\u0142asnego ruchy politycznego&#8221;.<\/p>\n<p>&#8211; To jest sprawa, kt\u00f3ra toczy si\u0119 od ponad 2\u00a0lat i\u00a0jest sporna. Toczy si\u0119 w\u00a0s\u0105dzie, dlatego \u017ce Zen realizuje procedury, kt\u00f3re obowi\u0105zuj\u0105 w\u00a0ka\u017cdym demokratycznym kraju i\u00a0odwo\u0142uje si\u0119 od tej decyzji. Zen nie zgadza si\u0119 z\u00a0t\u0105 decyzj\u0105. Firma uwa\u017ca, \u017ce jest ona niesprawiedliwa i\u00a0niezasadna, poniewa\u017c od 2\u00a0lat Zen wdra\u017ca zalecenia, kt\u00f3re zosta\u0142y wskazane przez Bank Litwy jako regulatora, dlatego prosz\u0119 zostawi\u0107 t\u0119 spraw\u0119, bo takich spraw, tak\u017ce w\u00a0Polsce, jest bardzo du\u017co &#8211;\u00a0oceni\u0142 Duda w\u00a0Radiu Zet. <\/p>\n<p>Andrzej Duda, w\u00a0rozmowie z\u00a0&#8222;Pulsem Biznesu&#8221;, podkre\u015bli\u0142 swoj\u0105 odpowiedzialno\u015b\u0107 za nadz\u00f3r nad bezpiecze\u0144stwem operacji Zen.com.<\/p>\n<p>&#8211; Traktuj\u0119 moj\u0105 rol\u0119 jako kontynuacj\u0119 dzia\u0142a\u0144 na rzecz rozwoju nowoczesnych technologii &#8211;\u00a0doda\u0142, wskazuj\u0105c na swoje zainteresowanie gospodark\u0105 cyfrow\u0105.<\/p>\n<p>Zen.com oferuje szeroki wachlarz us\u0142ug finansowych, w tym aplikacj\u0119 mobiln\u0105, rachunki bankowe oraz karty p\u0142atnicze obs\u0142uguj\u0105ce r\u00f3\u017cne waluty. Firma dzia\u0142a na podstawie zagranicznych licencji, w\u00a0tym kluczowej licencji z\u00a0Banku Litwy, kt\u00f3ra umo\u017cliwia dzia\u0142alno\u015b\u0107 we wszystkich krajach Unii Europejskiej. Przedstawiciele sp\u00f3\u0142ki podkre\u015blaj\u0105, \u017ce dzia\u0142aj\u0105 na terenie EOG dzi\u0119ki forma transgranicznej dzia\u0142alno\u015bci zwanej &#8222;jednolitym paszportem&#8221;.<\/p>\n","protected":false},"excerpt":{"rendered":"Andrzej Duda by\u0142 w\u00a0czwartek go\u015bciem Radia Zet. Jeden ze s\u0142uchaczy spyta\u0142, &#8222;dlaczego by\u0142y prezydent uciek\u0142 w\u00a0biznes zamiast pomy\u015ble\u0107&hellip;\n","protected":false},"author":2,"featured_media":193495,"comment_status":"","ping_status":"","sticky":false,"template":"","format":"standard","meta":{"footnotes":""},"categories":[16],"tags":[113,112,42,38,40,39,41],"class_list":{"0":"post-193494","1":"post","2":"type-post","3":"status-publish","4":"format-standard","5":"has-post-thumbnail","7":"category-biznes","8":"tag-biznes","9":"tag-business","10":"tag-pl","11":"tag-poland","12":"tag-polish","13":"tag-polska","14":"tag-polski"},"share_on_mastodon":{"url":"https:\/\/pubeurope.com\/@pl\/115858896604711030","error":""},"_links":{"self":[{"href":"https:\/\/www.europesays.com\/pl\/wp-json\/wp\/v2\/posts\/193494","targetHints":{"allow":["GET"]}}],"collection":[{"href":"https:\/\/www.europesays.com\/pl\/wp-json\/wp\/v2\/posts"}],"about":[{"href":"https:\/\/www.europesays.com\/pl\/wp-json\/wp\/v2\/types\/post"}],"author":[{"embeddable":true,"href":"https:\/\/www.europesays.com\/pl\/wp-json\/wp\/v2\/users\/2"}],"replies":[{"embeddable":true,"href":"https:\/\/www.europesays.com\/pl\/wp-json\/wp\/v2\/comments?post=193494"}],"version-history":[{"count":0,"href":"https:\/\/www.europesays.com\/pl\/wp-json\/wp\/v2\/posts\/193494\/revisions"}],"wp:featuredmedia":[{"embeddable":true,"href":"https:\/\/www.europesays.com\/pl\/wp-json\/wp\/v2\/media\/193495"}],"wp:attachment":[{"href":"https:\/\/www.europesays.com\/pl\/wp-json\/wp\/v2\/media?parent=193494"}],"wp:term":[{"taxonomy":"category","embeddable":true,"href":"https:\/\/www.europesays.com\/pl\/wp-json\/wp\/v2\/categories?post=193494"},{"taxonomy":"post_tag","embeddable":true,"href":"https:\/\/www.europesays.com\/pl\/wp-json\/wp\/v2\/tags?post=193494"}],"curies":[{"name":"wp","href":"https:\/\/api.w.org\/{rel}","templated":true}]}}