{"id":193621,"date":"2026-01-08T11:04:08","date_gmt":"2026-01-08T11:04:08","guid":{"rendered":"https:\/\/www.europesays.com\/pl\/193621\/"},"modified":"2026-01-08T11:04:08","modified_gmt":"2026-01-08T11:04:08","slug":"gen-polko-o-ataku-usa-na-wenezuele-donald-trump-rozbija-spojnosc-nato","status":"publish","type":"post","link":"https:\/\/www.europesays.com\/pl\/193621\/","title":{"rendered":"Gen. Polko o ataku USA na Wenezuel\u0119. &#8222;Donald Trump rozbija sp\u00f3jno\u015b\u0107 NATO&#8221;"},"content":{"rendered":"<p class=\"ods-c-paragraph \">Genera\u0142 pytany by\u0142 o <a href=\"https:\/\/wiadomosci.onet.pl\/swiat\/usa-uderzyly-na-wenezuele-silne-eksplozje-w-stolicy-slupy-dymu-nad-caracas\/jxece20\" id=\"0a4e4a8e-a182-42ea-86bc-e92a2f6c377b\" rel=\"nofollow noopener\" target=\"_blank\">atak Stan\u00f3w Zjednoczonych na Wenezuel\u0119 <\/a>oraz <a href=\"https:\/\/wiadomosci.onet.pl\/swiat\/nicolas-maduro-doprowadzony-do-sadu-w-usa-w-sieci-pojawily-sie-zdjecia\/60v7kzz\" id=\"9958c00a-447a-400c-ae46-6436a4b45b67\" rel=\"nofollow noopener\" target=\"_blank\">porwanie przez ameryka\u0144skie wojsko Nicolasa Maduro.<\/a> Polko ocenia, \u017ce polskie wojsko raczej nie mog\u0142oby przeprowadzi\u0107 podobnej akcji [porwania przyw\u00f3dcy innego kraju]. \u2014 O ile nie obawiam si\u0119 o kondycj\u0119 polskich wojsk specjalnych, o tyle te pozosta\u0142e elementy, kt\u00f3re nale\u017ca\u0142oby zgra\u0107, wci\u0105\u017c s\u0105 budowane \u2014 stwierdza, t\u0142umacz\u0105c, \u017ce armia USA dysponuje takimi elementami, jak &#8222;doskona\u0142y wywiad, na bie\u017c\u0105co aktualizowane informacje, pe\u0142ne wsparcie&#8221;.<\/p>\n<p>Dalszy ci\u0105g artyku\u0142u pod materia\u0142em wideo<\/p>\n<p> Dlaczego genera\u0142 Polko krytykuje decyzj\u0119 polskiego rz\u0105du o niewysy\u0142aniu \u017co\u0142nierzy na Ukrain\u0119? <\/p>\n<p> Co genera\u0142 Polko s\u0105dzi o ameryka\u0144skim ataku na Wenezuel\u0119? <\/p>\n<p> Jakie elementy polskiej armii s\u0105 nadal w budowie wed\u0142ug genera\u0142a Polko? <\/p>\n<p> W jaki spos\u00f3b Donald Trump wed\u0142ug genera\u0142a Polko destabilizuje NATO? <\/p>\n<p class=\"ods-c-paragraph \">\u2014 Donald Trump buduje nam tak\u0105 orwellowska rzeczywisto\u015b\u0107, gdzie USA maj\u0105 w\u0142a\u015bciwie w posiadaniu ca\u0142\u0105 p\u00f3\u0142kul\u0119 zachodni\u0105, Chinom przypad\u0142aby Azja, a pytanie, dlaczego Trump ostrzega Rosj\u0119 jako imperium. Rosja ma bro\u0144 j\u0105drow\u0105, rop\u0119 i w zasadzie na tym si\u0119 ko\u0144czy moc Rosji \u2014 komentuje ruchy Trumpa genera\u0142. Zaznacza, \u017ce Europa dominuje nad Rosj\u0105 pod wieloma wzgl\u0119dami.<\/p>\n<p>Donald Trump destabilizuje NATO? &#8222;Niszczy fundamenty&#8221;<\/p>\n<p class=\"ods-c-paragraph \">\u2014 Donald Trump niszczy te fundamenty, na kt\u00f3rych opiera\u0142a si\u0119 wsp\u00f3\u0142czesna stabilno\u015b\u0107 na \u015bwiecie, a te fundamenty opieraj\u0105 si\u0119 nie tylko na potencjale gospodarczym, sile militarnej, ale przede wszystkim na warto\u015bciach i te warto\u015bci poprzez tego typu dzia\u0142ania zosta\u0142y z\u0142amane \u2014 ocenia.<\/p>\n<p class=\"ods-c-paragraph \">Polko przyznaje tak\u017ce, \u017ce dzia\u0142ania Trumpa wygl\u0105daj\u0105, jak pr\u00f3ba destabilizacji NATO. \u2014 M\u00f3wienie o tym, \u017ce Grenlandia ma by\u0107 cz\u0119\u015bci\u0105 USA, <a href=\"https:\/\/wiadomosci.onet.pl\/swiat\/donald-trump-zakpil-z-emmanuela-macrona-prosze-nie-blagam-cie\/7p49nsf\" id=\"23b37b0f-e84c-4d44-bd6d-3e9f17d12f7f\" rel=\"nofollow noopener\" target=\"_blank\">wy\u015bmiewanie si\u0119 z prezydenta Francji<\/a>, rozwijanie czerwonego dywany przed Putinem w kontrze do tej Europy, kt\u00f3ra w strategii ameryka\u0144skiej zapisana jest jako ta, kt\u00f3ra nie rokuje nadziei, kt\u00f3ra si\u0119 zwija. Te wszystkie elementy pokazuj\u0105 t\u0119 polityk\u0119 Trumpa, kt\u00f3ry rozbija t\u0119 sp\u00f3jno\u015b\u0107 NATO, co\u015b, co jest gwarantem naszego bezpiecze\u0144stwa \u2014 m\u00f3wi.<\/p>\n<p>Polscy \u017co\u0142nierze powinni trafi\u0107 do Ukrainy? Gen. Polko m\u00f3wi o &#8222;transformacji si\u0142 zbrojnych&#8221;   <\/p>\n<p class=\"ods-c-paragraph \">Genera\u0142 m\u00f3wi tak\u017ce o tocz\u0105cej si\u0119 za nasz\u0105 wschodni\u0105 granic\u0105 wojnie. Zwraca uwag\u0119, \u017ce Polska obecnie deklaruje, \u017ce nie wy\u015ble swoich \u017co\u0142nierzy do Ukrainy, a wcze\u015bniej &#8222;nie przeszkadza\u0142o to ministrowi obrony narodowej, m\u00f3wi\u0107, \u017ce ta misja jest rzeczywi\u015bcie potrzebna&#8221;. \u2014 Mamy te\u017c takich idiot\u00f3w, kt\u00f3rzy m\u00f3wi\u0105, \u017ce to &#8222;wspania\u0142a decyzja polskiego rz\u0105du&#8221;, \u017ce nikogo nie wy\u015blemy do Ukrainy, nie zwracaj\u0105c uwag\u0119, \u017ce transformacja polskich si\u0142 zbrojnych dokona\u0142a si\u0119 poprzez udzia\u0142 polskich \u017co\u0142nierzy w operacjach bojowych, bo tylko wtedy mog\u0105 czerpa\u0107 gar\u015bciami z tych do\u015bwiadcze\u0144 \u2014 stwierdza Polko.<\/p>\n<p class=\"ods-c-paragraph \">Podkre\u015bla, \u017ce w misji na Ukrainie &#8222;trzeba uczestniczy\u0107&#8221; i przypomina, \u017ce Polska by\u0142a liderem, je\u015bli chodzi o wojska specjalne w tym rejonie. Genera\u0142 dodaje, \u017ce nie chodzi o wys\u0142anie tysi\u0119cy \u017co\u0142nierzy, ale &#8222;kilkudziesi\u0119ciu specjals\u00f3w&#8221;, kt\u00f3rzy s\u0105 w stanie dokona\u0107 czego\u015b, co zbuduje pozycj\u0119 Polski na arenie mi\u0119dzynarodowej.<\/p>\n","protected":false},"excerpt":{"rendered":"Genera\u0142 pytany by\u0142 o atak Stan\u00f3w Zjednoczonych na Wenezuel\u0119 oraz porwanie przez ameryka\u0144skie wojsko Nicolasa Maduro. Polko ocenia,&hellip;\n","protected":false},"author":2,"featured_media":193622,"comment_status":"","ping_status":"","sticky":false,"template":"","format":"standard","meta":{"footnotes":""},"categories":[12],"tags":[32,33,44,36,37,27,49,34,35,28,31,48,25,46,13673,42,38,40,39,41,6098,87,47,29,30,415,71,3008,26,161,2583],"class_list":{"0":"post-193621","1":"post","2":"type-post","3":"status-publish","4":"format-standard","5":"has-post-thumbnail","7":"category-polska","8":"tag-breaking-news","9":"tag-breakingnews","10":"tag-donald_trump","11":"tag-featured-news","12":"tag-featurednews","13":"tag-headlines","14":"tag-kraj","15":"tag-latest-news","16":"tag-latestnews","17":"tag-naglowki","18":"tag-najwazniejsze-artykuly","19":"tag-nat_styl","20":"tag-news","21":"tag-omp","22":"tag-onet_rano_wiem","23":"tag-pl","24":"tag-poland","25":"tag-polish","26":"tag-polska","27":"tag-polski","28":"tag-roman_polko","29":"tag-rosja","30":"tag-screening_general","31":"tag-top-stories","32":"tag-topstories","33":"tag-ukraina","34":"tag-usa","35":"tag-wenezuela","36":"tag-wiadomosci","37":"tag-wojsko","38":"tag-zolnierze"},"share_on_mastodon":{"url":"https:\/\/pubeurope.com\/@pl\/115859152226839499","error":""},"_links":{"self":[{"href":"https:\/\/www.europesays.com\/pl\/wp-json\/wp\/v2\/posts\/193621","targetHints":{"allow":["GET"]}}],"collection":[{"href":"https:\/\/www.europesays.com\/pl\/wp-json\/wp\/v2\/posts"}],"about":[{"href":"https:\/\/www.europesays.com\/pl\/wp-json\/wp\/v2\/types\/post"}],"author":[{"embeddable":true,"href":"https:\/\/www.europesays.com\/pl\/wp-json\/wp\/v2\/users\/2"}],"replies":[{"embeddable":true,"href":"https:\/\/www.europesays.com\/pl\/wp-json\/wp\/v2\/comments?post=193621"}],"version-history":[{"count":0,"href":"https:\/\/www.europesays.com\/pl\/wp-json\/wp\/v2\/posts\/193621\/revisions"}],"wp:featuredmedia":[{"embeddable":true,"href":"https:\/\/www.europesays.com\/pl\/wp-json\/wp\/v2\/media\/193622"}],"wp:attachment":[{"href":"https:\/\/www.europesays.com\/pl\/wp-json\/wp\/v2\/media?parent=193621"}],"wp:term":[{"taxonomy":"category","embeddable":true,"href":"https:\/\/www.europesays.com\/pl\/wp-json\/wp\/v2\/categories?post=193621"},{"taxonomy":"post_tag","embeddable":true,"href":"https:\/\/www.europesays.com\/pl\/wp-json\/wp\/v2\/tags?post=193621"}],"curies":[{"name":"wp","href":"https:\/\/api.w.org\/{rel}","templated":true}]}}