{"id":193666,"date":"2026-01-08T11:32:13","date_gmt":"2026-01-08T11:32:13","guid":{"rendered":"https:\/\/www.europesays.com\/pl\/193666\/"},"modified":"2026-01-08T11:32:13","modified_gmt":"2026-01-08T11:32:13","slug":"obowiazkowe-wyposazenie-samochodu-w-2026-roku-w-polsce-kluczowe-sa-dwie-rzeczy","status":"publish","type":"post","link":"https:\/\/www.europesays.com\/pl\/193666\/","title":{"rendered":"Obowi\u0105zkowe wyposa\u017cenie samochodu w 2026 roku. W Polsce kluczowe s\u0105 dwie rzeczy"},"content":{"rendered":"<ul class=\"ods-m-bullet-list\">\n<li class=\"ods-a-bullet ods-a-bullet--bold\"> Nowy rok, nowy rozdzia\u0142? To dobry moment na przejrzenie listy obowi\u0105zkowego wyposa\u017cenia pojazdu <\/li>\n<li class=\"ods-a-bullet ods-a-bullet--bold\"> W trakcie kontroli drogowej policjanci mog\u0105 zajrze\u0107 do baga\u017cnika i wystawi\u0107 mandat za brak wymaganych rzeczy. Ka\u017cdy samoch\u00f3d musi mie\u0107 na pok\u0142adzie ga\u015bnic\u0119 i tr\u00f3jk\u0105t ostrzegawczy. A co z apteczk\u0105 i kamizelk\u0105 odblaskow\u0105? <\/li>\n<li class=\"ods-a-bullet ods-a-bullet--bold\"> Obowi\u0105zkowe elementy to jedno, ale warto rozszerzy\u0107 t\u0119 list\u0119. Radzimy, co mo\u017ce si\u0119 przyda\u0107 w aucie <\/li>\n<li class=\"ods-a-bullet ods-a-bullet--bold\"> Zach\u0119camy do oddawania g\u0142os\u00f3w w ankiecie, kt\u00f3ra znajduje si\u0119 na ko\u0144cu artyku\u0142u <\/li>\n<li id=\"ods-a-bullet-czat-ai-summary\" data-section=\"ochat-summary-link\" class=\"ods-a-bullet ods-a-bullet--czatai\"> <a href=\"#\"><br \/>\n    Du\u017co czytania, a ma\u0142o czasu? Sprawd\u017a skr\u00f3t artyku\u0142u<br \/>\n<\/a> <\/li>\n<\/ul>\n<p>SPIS TRE\u015aCI<\/p>\n<ol class=\"ods-a-table-of-content__items\">\n<li class=\"ods-a-table-of-content__item\"><a href=\"#toc-obowiazkowe-wyposazenie-samochodu-w-2026-r\" class=\"ods-a-table-of-content__link\">Obowi\u0105zkowe wyposa\u017cenie samochodu w 2026 r.<\/a><\/li>\n<li class=\"ods-a-table-of-content__item\"><a href=\"#toc-co-trzeba-wozic-w-samochodzie-w-2026-r\" class=\"ods-a-table-of-content__link\">Co trzeba wozi\u0107 w samochodzie w 2026 r.?<\/a><\/li>\n<li class=\"ods-a-table-of-content__item\"><a href=\"#toc-jaki-mandat-za-brak-obowiazkowego-wyposazenia-w-2026-r\" class=\"ods-a-table-of-content__link\">Jaki mandat za brak obowi\u0105zkowego wyposa\u017cenia w 2026 r.?<\/a><\/li>\n<\/ol>\n<p class=\"ods-c-paragraph \">Pierwsze tygodnie nowego roku to doskona\u0142y moment nie tylko na pouk\u0142adanie swojego \u017cycia, ale te\u017c zapoznanie si\u0119 ze zmianami w przepisach drogowych i skontrolowanie listy obowi\u0105zkowego wyposa\u017cenia pojazdu. W nowym, 2026 r. na kierowc\u00f3w b\u0119d\u0105 czeka\u0107 te same, stare zasadzki \u2014 warto pami\u0119ta\u0107 o tym, \u017ce w trakcie rutynowej kontroli drogowej policjanci sprawdzaj\u0105 nie tylko dokumenty, trze\u017awo\u015b\u0107 kierowcy i stan pojazdu. Liczy si\u0119 te\u017c to, co znajduje si\u0119 na pok\u0142adzie auta. Wyja\u015bniamy, co trzeba ze sob\u0105 wozi\u0107, \u017ceby nie dosta\u0107 mandatu i nie mie\u0107 cofni\u0119tego dopuszczenia pojazdu do ruchu.<\/p>\n<p>Dalszy ci\u0105g artyku\u0142u pod materia\u0142em wideo<\/p>\n<p> Jakie s\u0105 obowi\u0105zkowe elementy wyposa\u017cenia samochodu w 2026 roku? <\/p>\n<p> Co grozi kierowcy za brak ga\u015bnicy i tr\u00f3jk\u0105ta ostrzegawczego? <\/p>\n<p> Czy zabytkowe auta musz\u0105 spe\u0142nia\u0107 te same regulacje? <\/p>\n<p> Jakie dodatkowe elementy warto wozi\u0107 w samochodzie? <\/p>\n<p>  Obowi\u0105zkowe wyposa\u017cenie samochodu w 2026 r.<\/p>\n<p class=\"ods-c-paragraph \">Brak wa\u017cnego badania technicznego i <a href=\"https:\/\/www.auto-swiat.pl\/wiadomosci\/aktualnosci\/wyzsze-kary-za-brak-oc-od-1-stycznia-2026-r-prawie-10-000-zl-za-brak-ciaglosci\/468k9pm\" id=\"ff6eb5de-f258-4c8e-861b-5f2f7382769f\" rel=\"nofollow noopener\" target=\"_blank\">brak obowi\u0105zkowej polisy OC<\/a> to dyskwalifikacja pojazdu z ruchu na drogach publicznych. Wa\u017cne s\u0105 jednak nie tylko te dwie rzeczy \u2014 auto eksploatowane w Polsce musi te\u017c mie\u0107 inne elementy, kt\u00f3re zosta\u0142y szczeg\u00f3\u0142owo opisane w Rozporz\u0105dzeniu Ministra Infrastruktury z dnia 31 grudnia 2002 r. w sprawie warunk\u00f3w technicznych pojazd\u00f3w oraz zakresu ich niezb\u0119dnego wyposa\u017cenia.<\/p>\n<p class=\"ods-c-paragraph \">Lista jest d\u0142uga, ale wi\u0119kszo\u015bci\u0105 z tych element\u00f3w nie trzeba si\u0119 przejmowa\u0107, bo samoch\u00f3d zosta\u0142 w nie wyposa\u017cony ju\u017c przed producenta. Inaczej auto nie uzyska\u0142oby <a href=\"https:\/\/www.auto-swiat.pl\/wiadomosci\/aktualnosci\/tak-chinskie-auta-w-polsce-obchodza-wymogi-ue-cwane-chodzi-o-wazne-homologacje\/wmrx4hl\" id=\"32a6d3ac-5bab-4425-8fe7-0da4a4938066\" rel=\"nofollow noopener\" target=\"_blank\">dopuszczenia do eksploatacji na drogach publicznych<\/a>. Z tre\u015bci rozporz\u0105dzenia wynika, \u017ce do tych rzeczy nale\u017c\u0105 np.:<\/p>\n<blockquote class=\"ods-o-quota\">\n<p class=\"ods-o-quota__paragraph\">numer identyfikacyjny (VIN), numer na silniku, t\u0142umik wydechu, wycieraczki i spryskiwacz przedniej szyby, pr\u0119dko\u015bciomierz, licznik przebiegu, lusterko zewn\u0119trzne po lewej stronie, klakson, pasy bezpiecze\u0144stwa i punkty ich kotwiczenia, zag\u0142\u00f3wki czy b\u0142otniki os\u0142aniaj\u0105ce ca\u0142\u0105 szeroko\u015b\u0107 ko\u0142a.<\/p>\n<\/blockquote>\n<p>Co trzeba wozi\u0107 w samochodzie w 2026 r.?   <\/p>\n<p class=\"ods-c-paragraph \">Oczywi\u015bcie, nie wszystkie pojazdy musz\u0105 spe\u0142nia\u0107 te regulacje. Zakres obowi\u0105zkowego wyposa\u017cenia fabrycznego jest uzale\u017cniony od daty produkcji lub pierwszej rejestracji samochodu (dotyczy to np. zag\u0142\u00f3wk\u00f3w i pas\u00f3w na kanapie z ty\u0142u pojazdu). Co wi\u0119cej, ze spe\u0142niania wielu wymog\u00f3w zwolnione s\u0105 auta zabytkowe czy pojazdy specjalnego przeznaczenia (ambulanse, auta pomocy drogowej itp.).<\/p>\n<p><img decoding=\"async\" src=\"https:\/\/www.europesays.com\/pl\/wp-content\/uploads\/2026\/01\/sjTk9lBaHR0cHM6Ly9vY2RuLmV1L3B1bHNjbXMvTURBXy8xZWVhMWJmYmZiODNkY2MwOTZmZGZjYTVlNTJhNWRlYi5qcGeSlQMAA.jpeg\" height=\"705\" width=\"940\" alt=\"Samoch\u00f3d zarejestrowany jako zabytkowy\" loading=\"lazy\" class=\"ods-c-image__img ods-c-image__img--viewport-width\"\/><\/p>\n<p>Samoch\u00f3d zarejestrowany jako zabytkowyAuto \u015awiat<\/p>\n<p class=\"ods-c-paragraph \">Na li\u015bcie obowi\u0105zkowego wyposa\u017cenia pojazdu znalaz\u0142y si\u0119 te\u017c elementy, o kt\u00f3re musi zadba\u0107 ju\u017c sam kierowca. To w\u0142a\u015bnie przez nie mo\u017cna nie zaliczy\u0107 badania technicznego albo dosta\u0107 mandat podczas pechowej kontroli drogowej. Z punktu widzenia policjant\u00f3w i diagnost\u00f3w kluczowe s\u0105 dwie rzeczy \u2014 umieszczona w \u0142atwo dost\u0119pnym miejscu ga\u015bnica (warto sprawdzi\u0107 dat\u0119 wa\u017cno\u015bci!) i tr\u00f3jk\u0105t ostrzegawczy. To duet, kt\u00f3rego nie mo\u017ce zabrakn\u0105\u0107 w \u017cadnym aucie.<\/p>\n<p class=\"ods-c-paragraph \">Reszta zale\u017cy ju\u017c od preferencji kierowcy, ale ka\u017cdemu radzimy rozszerzy\u0107 list\u0119 wyposa\u017cenia jeszcze o kilka rzeczy, kt\u00f3re mog\u0105 ocali\u0107 nam \u017cycie w nieprzewidzianych sytuacjach. Chocia\u017c to nieobowi\u0105zkowe, polecamy wozi\u0107 ze sob\u0105: w\u0142asnor\u0119cznie skompletowan\u0105 apteczk\u0119 (tanie zestawy z market\u00f3w bywaj\u0105 wybrakowane) i kamizelki odblaskowe, kt\u00f3re zwi\u0119ksz\u0105 nasz\u0105 widoczno\u015b\u0107 w razie awarii na drodze. Do tego ko\u0142o zapasowe (z kluczem) lub zestaw naprawczy. W starszych autach, zw\u0142aszcza w tak srogiej zimie, jak w tym roku, warto wozi\u0107 ze sob\u0105 jeszcze link\u0119 holownicz\u0105 i <a href=\"https:\/\/www.auto-swiat.pl\/porady\/jak-odpalic-samochod-z-kabli-kompletny-poradnik-z-instrukcja-krok-po-kroku\/jcbm0t6\" id=\"cdfcd065-c591-4580-a2c3-4cd41c4d393d\" rel=\"nofollow noopener\" target=\"_blank\">kable rozruchowe<\/a>. Do rozwa\u017cenia: latarka i podstawowe narz\u0119dzia.<\/p>\n<p><img decoding=\"async\" src=\"https:\/\/www.europesays.com\/pl\/wp-content\/uploads\/2026\/01\/P2Lk9lBaHR0cHM6Ly9vY2RuLmV1L3B1bHNjbXMvTURBXy9iYjAxODY5ZTBkNmMxM2Y2MmU0NmFhZWNhY2RjOTdkYy5qcGeRlQLNB.jpeg\" height=\"705\" width=\"940\" alt=\"Ga\u015bnica w samochodzie\" loading=\"lazy\" class=\"ods-c-image__img ods-c-image__img--viewport-width\"\/><\/p>\n<p>Ga\u015bnica w samochodzieFilip Trusz \/ Auto \u015awiat<\/p>\n<p> Jaki mandat za brak obowi\u0105zkowego wyposa\u017cenia w 2026 r.?<\/p>\n<p class=\"ods-c-paragraph \">Gorsze od mandatu s\u0105 konsekwencje, kt\u00f3re czekaj\u0105 kierowc\u00f3w na Stacji Kontroli Pojazd\u00f3w (SKP) \u2014 jak wspomnieli\u015bmy wy\u017cej, brak ga\u015bnicy i tr\u00f3jk\u0105ta ostrzegawczego mog\u0105 zadecydowa\u0107 o negatywnym wyniku badania technicznego. Szkoda wydawa\u0107 pieni\u0105dze na ponown\u0105 inspekcj\u0119 i psu\u0107 histori\u0119 auta takim wpisem do Centralnej Ewidencji Pojazd\u00f3w. W trakcie kontroli drogowej policjant mo\u017ce z kolei ukara\u0107 kierowc\u0119 mandatem w wysoko\u015bci od 20 do 500 z\u0142 (stawka jest uzale\u017cniona od brakuj\u0105cego elementu).<\/p>\n<p class=\"ods-c-paragraph \">Przeczytaj te\u017c: <a data-section=\"zobacz-takze-body\" href=\"https:\/\/www.auto-swiat.pl\/wiadomosci\/aktualnosci\/metoda-na-kartke-to-sposob-na-kradziez-auta-kierowcy-sa-nabierani-jak-sie-bronic\/59lgxn8\" id=\"d1d77707-6350-421c-a2c8-9c7a176bbb7a\" rel=\"nofollow noopener\" target=\"_blank\">Z\u0142odzieje aut stosuj\u0105 proste triki. Kierowcy nabieraj\u0105 si\u0119 ju\u017c na kartk\u0119<\/a><\/p>\n<p class=\"ods-c-paragraph \">Czy przed wyjazdem za granic\u0119 trzeba do\u0142o\u017cy\u0107 do samochodu wyposa\u017cenie wymagane w pa\u0144stwach na trasie przejazdu? Odpowied\u017a brzmi: teoretycznie nie, ale dla \u015bwi\u0119tego spokoju lepiej tak. Konwencja Wiede\u0144ska umo\u017cliwia, co prawda, podr\u00f3\u017cowanie po Europie autem wyposa\u017conym w elementy, kt\u00f3re s\u0105 wymagane w kraju rejestracji, ale nie brakuje przyk\u0142ad\u00f3w pokazuj\u0105cych, \u017ce to nie zawsze dzia\u0142a w praktyce. Szczeg\u00f3lnie na Ba\u0142kanach policjanci lubuj\u0105 si\u0119 w wystawianiu takich mandat\u00f3w. Je\u015bli tam jedziesz, dorzu\u0107 tych kilka drobnostek (np. zapasowe \u017car\u00f3wki). To b\u0119dzie szybsze i ta\u0144sze od odwo\u0142ywania si\u0119 od nies\u0142usznie na\u0142o\u017conej kary.<\/p>\n","protected":false},"excerpt":{"rendered":"Nowy rok, nowy rozdzia\u0142? To dobry moment na przejrzenie listy obowi\u0105zkowego wyposa\u017cenia pojazdu W trakcie kontroli drogowej policjanci&hellip;\n","protected":false},"author":2,"featured_media":193667,"comment_status":"","ping_status":"","sticky":false,"template":"","format":"standard","meta":{"footnotes":""},"categories":[12],"tags":[2833,32,33,36,37,36748,27,2505,34,35,1366,28,31,48,25,46,42,38,414,40,39,41,1367,47,29,30,26,25088],"class_list":{"0":"post-193666","1":"post","2":"type-post","3":"status-publish","4":"format-standard","5":"has-post-thumbnail","7":"category-polska","8":"tag-badanie_techniczne","9":"tag-breaking-news","10":"tag-breakingnews","11":"tag-featured-news","12":"tag-featurednews","13":"tag-gasnica","14":"tag-headlines","15":"tag-kontrola_drogowa","16":"tag-latest-news","17":"tag-latestnews","18":"tag-mandat","19":"tag-naglowki","20":"tag-najwazniejsze-artykuly","21":"tag-nat_styl","22":"tag-news","23":"tag-omp","24":"tag-pl","25":"tag-poland","26":"tag-policja","27":"tag-polish","28":"tag-polska","29":"tag-polski","30":"tag-porady","31":"tag-screening_general","32":"tag-top-stories","33":"tag-topstories","34":"tag-wiadomosci","35":"tag-wyposazenie_auta"},"share_on_mastodon":{"url":"https:\/\/pubeurope.com\/@pl\/115859262243635388","error":""},"_links":{"self":[{"href":"https:\/\/www.europesays.com\/pl\/wp-json\/wp\/v2\/posts\/193666","targetHints":{"allow":["GET"]}}],"collection":[{"href":"https:\/\/www.europesays.com\/pl\/wp-json\/wp\/v2\/posts"}],"about":[{"href":"https:\/\/www.europesays.com\/pl\/wp-json\/wp\/v2\/types\/post"}],"author":[{"embeddable":true,"href":"https:\/\/www.europesays.com\/pl\/wp-json\/wp\/v2\/users\/2"}],"replies":[{"embeddable":true,"href":"https:\/\/www.europesays.com\/pl\/wp-json\/wp\/v2\/comments?post=193666"}],"version-history":[{"count":0,"href":"https:\/\/www.europesays.com\/pl\/wp-json\/wp\/v2\/posts\/193666\/revisions"}],"wp:featuredmedia":[{"embeddable":true,"href":"https:\/\/www.europesays.com\/pl\/wp-json\/wp\/v2\/media\/193667"}],"wp:attachment":[{"href":"https:\/\/www.europesays.com\/pl\/wp-json\/wp\/v2\/media?parent=193666"}],"wp:term":[{"taxonomy":"category","embeddable":true,"href":"https:\/\/www.europesays.com\/pl\/wp-json\/wp\/v2\/categories?post=193666"},{"taxonomy":"post_tag","embeddable":true,"href":"https:\/\/www.europesays.com\/pl\/wp-json\/wp\/v2\/tags?post=193666"}],"curies":[{"name":"wp","href":"https:\/\/api.w.org\/{rel}","templated":true}]}}