{"id":193691,"date":"2026-01-08T11:47:09","date_gmt":"2026-01-08T11:47:09","guid":{"rendered":"https:\/\/www.europesays.com\/pl\/193691\/"},"modified":"2026-01-08T11:47:09","modified_gmt":"2026-01-08T11:47:09","slug":"gwalt-na-mlodej-policjantce-jest-komunikat-komendy-w-piasecznie-2","status":"publish","type":"post","link":"https:\/\/www.europesays.com\/pl\/193691\/","title":{"rendered":"Gwa\u0142t na m\u0142odej policjantce. Jest komunikat komendy w Piasecznie"},"content":{"rendered":"<p class=\"Paragraph_desktopParagraph__U31Gm\">Dow\u00f3dca jednego z oddzia\u0142\u00f3w prewencji policji zosta\u0142 aresztowany pod zarzutem wykorzystania seksualnego m\u0142odej policjantki. W momencie zdarzenia mia\u0142 by\u0107 pijany. Dzia\u0142ania w sprawie podejrzenia gwa\u0142tu na policjantce na terenie warszawskiego oddzia\u0142u prewencji w Piasecznie podj\u0119to natychmiast \u2014 <a href=\"https:\/\/wiadomosci.onet.pl\/warszawa\/okolicznosci-gwaltu-na-komendzie-nowy-komunikat-policji\/9ezjzzr\" id=\"77ade579-71df-4b80-ab19-a7206544ec76\" rel=\"nofollow noopener\" target=\"_blank\">poinformowa\u0142a Komenda G\u0142\u00f3wna Policji, powo\u0142uj\u0105c si\u0119 na ustalenia swego Biura Kontroli.<\/a><\/p>\n<p class=\"VideoPlayerText_videoPlayerText__iDwyz\">Dalszy ci\u0105g materia\u0142u pod wideo<\/p>\n<p class=\"Paragraph_desktopParagraph__U31Gm\">Wed\u0142ug informacji policji do gwa\u0142tu mia\u0142o doj\u015b\u0107 w ostatni\u0105 sobot\u0119. Policja przekaza\u0142a, \u017ce po z\u0142o\u017ceniu przez pokrzywdzon\u0105 zawiadomienia wskazanego policjanta zatrzymali funkcjonariusze Biura Spraw Wewn\u0119trznych Policji. Zosta\u0142 osadzony w pomieszczeniu dla os\u00f3b zatrzymanych do dyspozycji prokuratury i zawieszony w czynno\u015bciach s\u0142u\u017cbowych.<\/p>\n<ul class=\"OchatFollowUps_wrapper__1ry7X\">\n<li class=\"OchatFollowUps_item__Dhyly OchatFollowUps_itemDesktop__R6aBv\">Jaki jest zwi\u0105zek zatrzymanego policjanta z Piasecznem?<\/li>\n<li class=\"OchatFollowUps_item__Dhyly OchatFollowUps_itemDesktop__R6aBv\">Kiedy mia\u0142o doj\u015b\u0107 do gwa\u0142tu na policjantce?<\/li>\n<li class=\"OchatFollowUps_item__Dhyly OchatFollowUps_itemDesktop__R6aBv\">Jakie dzia\u0142ania podj\u0119to po z\u0142o\u017ceniu zawiadomienia przez policjantk\u0119?<\/li>\n<li class=\"OchatFollowUps_item__Dhyly OchatFollowUps_itemDesktop__R6aBv\">Co m\u00f3wi Komenda Powiatowa Policji o hejcie i pom\u00f3wieniach?<\/li>\n<\/ul>\n<p>Gwa\u0142t na m\u0142odej policjantce. Jest komunikat komendy w Piasecznie <\/p>\n<p class=\"Paragraph_desktopParagraph__U31Gm\">&#8222;Pojawiaj\u0105ce si\u0119 w przestrzeni medialnej informacje \u0142\u0105cz\u0105ce zatrzymanego policjanta z Komend\u0105 Powiatow\u0105 Policji w Piasecznie s\u0105 nieprawdziwe. Zatrzymany funkcjonariusz nie pe\u0142ni i nigdy nie pe\u0142ni\u0142 s\u0142u\u017cby w naszej jednostce, a sprawa nie ma z ni\u0105 \u017cadnego zwi\u0105zku&#8221; \u2014 przekaza\u0142a Komenda Powiatowa Policji w Piasecznie.<\/p>\n<p class=\"Paragraph_desktopParagraph__U31Gm\">W komunikacie, opublikowanym w platformie X, zaprotestowa\u0142a wobec &#8222;hejtu&#8221; i &#8222;pom\u00f3wie\u0144&#8221;, kt\u00f3re spad\u0142y na jednostk\u0119.<\/p>\n<p class=\"Paragraph_desktopParagraph__U31Gm\">&#8222;Nie ma zgody na hejt, pom\u00f3wienia i dezinformacj\u0119 dotycz\u0105c\u0105 naszej jednostki. Sprzeciwiamy si\u0119 tak\u017ce bezprawnemu wykorzystywaniu wizerunku piaseczy\u0144skich policjant\u00f3w, kt\u00f3rzy nie maj\u0105 zwi\u0105zku z t\u0105 spraw\u0105. Takie dzia\u0142ania niszcz\u0105 ich dobre imi\u0119 i podwa\u017caj\u0105 zaufanie publiczne b\u0119d\u0105ce fundamentem s\u0142u\u017cby. Mog\u0105 one tak\u017ce \u0142\u0105czy\u0107 si\u0119 z poniesieniem odpowiedzialno\u015bci prawnej za znies\u0142awienie i naruszenie d\u00f3br osobistych&#8221; \u2014 czytamy.<\/p>\n<p class=\"Paragraph_desktopParagraph__U31Gm\">Policjanci z Piaseczna podkre\u015blili, \u017ce &#8222;dla os\u00f3b pope\u0142niaj\u0105cych przest\u0119pstwa nie ma miejsca w naszej formacji. Policjant, kt\u00f3ry \u0142amie prawo, musi liczy\u0107 si\u0119 z konsekwencjami&#8221;.<\/p>\n<p class=\"Paragraph_desktopParagraph__U31Gm\">Zwr\u00f3cili si\u0119 tak\u017ce z apelem do wszystkich, kt\u00f3rzy interesuj\u0105 si\u0119 spraw\u0105. Ostrzegli zw\u0142aszcza autor\u00f3w k\u0142amliwych informacji. &#8222;Apelujemy: zanim udost\u0119pnisz \u2014 sprawd\u017a, zanim ocenisz \u2014 poznaj fakty. Ka\u017cdy przypadek hejtu i dezinformacji wobec naszej jednostki spotka si\u0119 ze stanowcz\u0105 reakcj\u0105&#8221; \u2014 poinformowali funkcjonariusze.<\/p>\n","protected":false},"excerpt":{"rendered":"Dow\u00f3dca jednego z oddzia\u0142\u00f3w prewencji policji zosta\u0142 aresztowany pod zarzutem wykorzystania seksualnego m\u0142odej policjantki. W momencie zdarzenia mia\u0142&hellip;\n","protected":false},"author":2,"featured_media":191729,"comment_status":"","ping_status":"","sticky":false,"template":"","format":"standard","meta":{"footnotes":""},"categories":[5],"tags":[32,33,244,36,37,603,27,67,34,35,28,31,53,25,52,68,51,55,8395,42,38,251,40,39,41,47,29,30,65,50,26],"class_list":{"0":"post-193691","1":"post","2":"type-post","3":"status-publish","4":"format-standard","5":"has-post-thumbnail","7":"category-naglowki","8":"tag-breaking-news","9":"tag-breakingnews","10":"tag-ctr_tst","11":"tag-featured-news","12":"tag-featurednews","13":"tag-gwalt","14":"tag-headlines","15":"tag-intextvideo_splayer","16":"tag-latest-news","17":"tag-latestnews","18":"tag-naglowki","19":"tag-najwazniejsze-artykuly","20":"tag-new_header","21":"tag-news","22":"tag-onet3","23":"tag-onet3d","24":"tag-onet3d_2i","25":"tag-phx","26":"tag-piaseczno_miasto","27":"tag-pl","28":"tag-poland","29":"tag-policja_policjanci_policjant_policjantka_policjantki","30":"tag-polish","31":"tag-polska","32":"tag-polski","33":"tag-screening_general","34":"tag-top-stories","35":"tag-topstories","36":"tag-update_me","37":"tag-v2021","38":"tag-wiadomosci"},"share_on_mastodon":{"url":"https:\/\/pubeurope.com\/@pl\/115859321293157501","error":""},"_links":{"self":[{"href":"https:\/\/www.europesays.com\/pl\/wp-json\/wp\/v2\/posts\/193691","targetHints":{"allow":["GET"]}}],"collection":[{"href":"https:\/\/www.europesays.com\/pl\/wp-json\/wp\/v2\/posts"}],"about":[{"href":"https:\/\/www.europesays.com\/pl\/wp-json\/wp\/v2\/types\/post"}],"author":[{"embeddable":true,"href":"https:\/\/www.europesays.com\/pl\/wp-json\/wp\/v2\/users\/2"}],"replies":[{"embeddable":true,"href":"https:\/\/www.europesays.com\/pl\/wp-json\/wp\/v2\/comments?post=193691"}],"version-history":[{"count":0,"href":"https:\/\/www.europesays.com\/pl\/wp-json\/wp\/v2\/posts\/193691\/revisions"}],"wp:featuredmedia":[{"embeddable":true,"href":"https:\/\/www.europesays.com\/pl\/wp-json\/wp\/v2\/media\/191729"}],"wp:attachment":[{"href":"https:\/\/www.europesays.com\/pl\/wp-json\/wp\/v2\/media?parent=193691"}],"wp:term":[{"taxonomy":"category","embeddable":true,"href":"https:\/\/www.europesays.com\/pl\/wp-json\/wp\/v2\/categories?post=193691"},{"taxonomy":"post_tag","embeddable":true,"href":"https:\/\/www.europesays.com\/pl\/wp-json\/wp\/v2\/tags?post=193691"}],"curies":[{"name":"wp","href":"https:\/\/api.w.org\/{rel}","templated":true}]}}