{"id":193692,"date":"2026-01-08T11:48:08","date_gmt":"2026-01-08T11:48:08","guid":{"rendered":"https:\/\/www.europesays.com\/pl\/193692\/"},"modified":"2026-01-08T11:48:08","modified_gmt":"2026-01-08T11:48:08","slug":"legenda-oglosila-bankructwo-ujawniono-ogromne-dlugi","status":"publish","type":"post","link":"https:\/\/www.europesays.com\/pl\/193692\/","title":{"rendered":"Legenda og\u0142osi\u0142a bankructwo. Ujawniono ogromne d\u0142ugi"},"content":{"rendered":"\n<p class=\"contentpart contentpart--default contentpart--text\" data-position=\"0\"><a href=\"https:\/\/sportowefakty.wp.pl\/pilka-nozna\/james-mcfadden\" rel=\"nofollow noopener\" target=\"_blank\">James McFadden<\/a>, legenda reprezentacji Szkocji i by\u0142y as Evertonu, zosta\u0142 oficjalnie og\u0142oszony bankrutem. Skala jego problem\u00f3w finansowych jest ogromna &#8211; zad\u0142u\u017cenie by\u0142ego pi\u0142karza osi\u0105gn\u0119\u0142o kwot\u0119 2,6 mln funt\u00f3w (ok.\u00a013,2 mln z\u0142otych).<\/p>\n<p class=\"contentpart contentpart--default contentpart--text\" data-position=\"1\">O sprawie, kt\u00f3ra wstrz\u0105sn\u0119\u0142a brytyjsk\u0105 opini\u0105 publiczn\u0105, przypominaj\u0105c o tym, jak trudne bywa \u017cycie sportowc\u00f3w po zej\u015bciu z boiska, informuje &#8222;Daily Mail&#8221;.<\/p>\n<p> <img role=\"presentation\" src=\"https:\/\/std.wpcdn.pl\/images\/adv\/placeholder_wp.svg\" loading=\"lazy\" alt=\"\" decoding=\"async\"\/>  <\/p>\n<p class=\"contentpart contentpart--default contentpart--text\" data-position=\"2\">ZOBACZ WIDEO: Fabia\u0144ski szczerze o swoim zdrowiu. &#8222;Mam pewne problemy&#8221;<\/p>\n<p class=\"contentpart contentpart--default contentpart--text\" data-position=\"4\">Przyczyn\u0105 upadku finansowego 42-latka nie by\u0142a jednak rozrzutno\u015b\u0107, lecz nietrafione inwestycje z pocz\u0105tku lat 2000. Podobnie jak wielu innych pi\u0142karzy z Wysp Brytyjskich, McFadden lokowa\u0142 kapita\u0142 w fundusze filmowe i nieruchomo\u015bci, kt\u00f3re mia\u0142y zapewnia\u0107 ulgi podatkowe.<\/p>\n<p class=\"contentpart contentpart--default contentpart--text\" data-position=\"5\">Brytyjski rz\u0105dowy departament odpowiedzialny za zbieranie podatk\u00f3w (HMRC) uzna\u0142 jednak te mechanizmy za form\u0119 unikania opodatkowania, co wymusi\u0142o zwrot ogromnych sum wraz z odsetkami.<\/p>\n<p class=\"contentpart contentpart--default contentpart--text\" data-position=\"6\">Proces upad\u0142o\u015bciowy zosta\u0142 podj\u0119ty dobrowolnie przez samego McFaddena. Specjali\u015bci z firmy Opus Restructuring potwierdzili, \u017ce gwiazdor futbolu nie by\u0142 w stanie sp\u0142aci\u0107 naros\u0142ych przez lata zobowi\u0105za\u0144. Warto doda\u0107, \u017ce nie by\u0142a to jego pierwsza batalia z urz\u0119dem skarbowym &#8211; ju\u017c w 2018 roku sprawa trafi\u0142a do s\u0105du, lecz wtedy d\u0142ug pomog\u0142a mu uregulowa\u0107 rodzina.<\/p>\n<p> <img role=\"presentation\" src=\"https:\/\/std.wpcdn.pl\/images\/adv\/placeholder_wp.svg\" loading=\"lazy\" alt=\"\" decoding=\"async\"\/>  <\/p>\n<p class=\"contentpart contentpart--default contentpart--text\" data-position=\"7\">Dla fan\u00f3w futbolu na Wyspach Brytyjskich McFadden to posta\u0107 kultowa, g\u0142\u00f3wnie dzi\u0119ki 48 wyst\u0119pom w szkockiej kadrze narodowej i pami\u0119tnemu golowi przeciwko Francji w Pary\u017cu w 2007 roku (w meczu el. Euro 2008).<\/p>\n<p class=\"contentpart contentpart--default contentpart--text\" data-position=\"8\">W Premier League z powodzeniem reprezentowa\u0142 barwy Evertonu (147 mecz\u00f3w), Birmingham City oraz Sunderlandu. Po zako\u0144czeniu kariery w 2018 roku pozostawa\u0142 aktywny zawodowo jako asystent trenera kadry Szkocji oraz ceniony ekspert telewizyjny, m.in. w stacji Sky Sports.<\/p>\n<p class=\"contentpart contentpart--default contentpart--text\" data-position=\"9\">Historia McFaddena nie jest odosobnionym przypadkiem, lecz cz\u0119\u015bci\u0105 wi\u0119kszego problemu dotykaj\u0105cego pi\u0142karzy z jego pokolenia. W pu\u0142apk\u0119 tych samych funduszy inwestycyjnych wpad\u0142y r\u00f3wnie\u017c inne wielkie gwiazdy, takie jak <a href=\"https:\/\/sportowefakty.wp.pl\/pilka-nozna\/danny-murphy\" rel=\"nofollow noopener\" target=\"_blank\">Danny Murphy<\/a>, <a href=\"https:\/\/sportowefakty.wp.pl\/pilka-nozna\/wayne-rooney\" rel=\"nofollow noopener\" target=\"_blank\">Wayne Rooney<\/a>\u00a0czy <a href=\"https:\/\/sportowefakty.wp.pl\/pilka-nozna\/rio-ferdinand\" rel=\"nofollow noopener\" target=\"_blank\">Rio Ferdinand<\/a>.<\/p>\n","protected":false},"excerpt":{"rendered":"James McFadden, legenda reprezentacji Szkocji i by\u0142y as Evertonu, zosta\u0142 oficjalnie og\u0142oszony bankrutem. Skala jego problem\u00f3w finansowych jest&hellip;\n","protected":false},"author":2,"featured_media":193693,"comment_status":"","ping_status":"","sticky":false,"template":"","format":"standard","meta":{"footnotes":"","_share_on_mastodon":"0"},"categories":[24],"tags":[1155,25316,37612,269,278,42,38,40,39,41,1156,127,18683,268,126,16843],"class_list":["post-193692","post","type-post","status-publish","format-standard","has-post-thumbnail","category-sport","tag-anglia","tag-everton","tag-james-mcfadden","tag-pilka-nozna","tag-pilka-w-europie","tag-pl","tag-poland","tag-polish","tag-polska","tag-polski","tag-premier-league","tag-sport","tag-sportowa-kasa","tag-sportowybar","tag-sports","tag-szkocja"],"share_on_mastodon":{"url":"https:\/\/pubeurope.com\/@pl\/115859325240119100","error":""},"_links":{"self":[{"href":"https:\/\/www.europesays.com\/pl\/wp-json\/wp\/v2\/posts\/193692","targetHints":{"allow":["GET"]}}],"collection":[{"href":"https:\/\/www.europesays.com\/pl\/wp-json\/wp\/v2\/posts"}],"about":[{"href":"https:\/\/www.europesays.com\/pl\/wp-json\/wp\/v2\/types\/post"}],"author":[{"embeddable":true,"href":"https:\/\/www.europesays.com\/pl\/wp-json\/wp\/v2\/users\/2"}],"replies":[{"embeddable":true,"href":"https:\/\/www.europesays.com\/pl\/wp-json\/wp\/v2\/comments?post=193692"}],"version-history":[{"count":0,"href":"https:\/\/www.europesays.com\/pl\/wp-json\/wp\/v2\/posts\/193692\/revisions"}],"wp:featuredmedia":[{"embeddable":true,"href":"https:\/\/www.europesays.com\/pl\/wp-json\/wp\/v2\/media\/193693"}],"wp:attachment":[{"href":"https:\/\/www.europesays.com\/pl\/wp-json\/wp\/v2\/media?parent=193692"}],"wp:term":[{"taxonomy":"category","embeddable":true,"href":"https:\/\/www.europesays.com\/pl\/wp-json\/wp\/v2\/categories?post=193692"},{"taxonomy":"post_tag","embeddable":true,"href":"https:\/\/www.europesays.com\/pl\/wp-json\/wp\/v2\/tags?post=193692"}],"curies":[{"name":"wp","href":"https:\/\/api.w.org\/{rel}","templated":true}]}}