{"id":193694,"date":"2026-01-08T11:49:17","date_gmt":"2026-01-08T11:49:17","guid":{"rendered":"https:\/\/www.europesays.com\/pl\/193694\/"},"modified":"2026-01-08T11:49:17","modified_gmt":"2026-01-08T11:49:17","slug":"kolejna-powiesc-remigiusza-mroza-trafi-na-ekran-serial-wyprodukuje-atm-grupa-tylko-u-nas","status":"publish","type":"post","link":"https:\/\/www.europesays.com\/pl\/193694\/","title":{"rendered":"Kolejna powie\u015b\u0107 Remigiusza Mroza trafi na ekran. Serial wyprodukuje ATM Grupa [TYLKO U NAS]"},"content":{"rendered":"\n<p>\u2013 Od dawna marzy\u0142a mi si\u0119 ekranizacja mojej ksi\u0105\u017cki, kt\u00f3ra dor\u00f3wnywa\u0142aby takim produkcjom jak &#8222;W g\u0142\u0119bi lasu&#8221; czy &#8222;Zachowaj spok\u00f3j&#8221; na podstawie prozy Harlana Cobena \u2013\u00a0m\u00f3wi Remigiusz Mr\u00f3z. <\/p>\n<p>\u2013\u00a0Czeka\u0142em na odpowiedni\u0105 powie\u015b\u0107, kt\u00f3ra najlepiej sprawdzi\u0142aby si\u0119 na ekranie, ale przede wszystkim na odpowiedniego partnera, z\u00a0kt\u00f3rym mogliby\u015bmy podj\u0105\u0107 si\u0119 przedsi\u0119wzi\u0119cia z\u00a0prawdziwie mi\u0119dzynarodowym rozmachem. Teraz wiem, \u017ce trudno by\u0142oby o\u00a0lepsz\u0105 konstelacj\u0119 ni\u017c &#8222;Raport&#8221; oraz <a href=\"https:\/\/www.wirtualnemedia.pl\/nowy-prezes-atm-grupy-to-przemyslaw-kmiotek-byly-wiceprezes-maciej-grzywaczewski-w-radzie-nadzorczej,7179297525581953a\" rel=\"noopener noreferrer nofollow\" target=\"_blank\">ATM Grupa<\/a>. Wydaje mi si\u0119, \u017ce razem mo\u017cemy zrobi\u0107 co\u015b, co na d\u0142ugo zapisze si\u0119 w\u00a0polskim \u015bwiecie serialu. I\u00a0nie tylko w\u00a0nim \u2014\u00a0czytamy w\u00a0komunikacie prasowym Grupy ATM, kt\u00f3ra naby\u0142a prawa do adaptacji wspomnianej powie\u015bci.<\/p>\n<p>O\u00a0wyborze tytu\u0142u zdecydowa\u0142a m.in. aktualno\u015b\u0107 poruszonych przez Mroza temat\u00f3w, wyja\u015bnia Urszula Piasecka, wiceprezeska ATM Grupy: \u2013\u00a0Zdecydowali\u015bmy si\u0119 si\u0119gn\u0105\u0107 po &#8222;Piek\u0142o jest puste&#8221;, poniewa\u017c to doskona\u0142y materia\u0142 z\u00a0potencja\u0142em ekranizacyjnym \u2013\u00a0intensywny emocjonalnie i\u00a0aktualny, bo stawia pytania o\u00a0granice odpowiedzialno\u015bci medi\u00f3w i\u00a0o\u00a0to, czy w\u00a0czasach dezinformacji prawda wci\u0105\u017c ma realn\u0105 warto\u015b\u0107.<\/p>\n<p> <img role=\"presentation\" class=\"absolute left-1\/2 top-1\/2 max-h-[80%] max-w-[100px] -translate-x-1\/2 -translate-y-1\/2\" src=\"https:\/\/www.europesays.com\/pl\/wp-content\/uploads\/2025\/12\/wm-placeholder.png\" loading=\"lazy\" decoding=\"async\"\/> <a href=\"https:\/\/www.wirtualnemedia.pl\/drelich-i-breslau-daly-zarobic-atm-grupa-z-rekordowym-zyskiem,7226456341904224a\" class=\"teaser-inline\" rel=\"nofollow noopener\" target=\"_blank\">  <img decoding=\"async\" src=\"https:\/\/www.europesays.com\/pl\/wp-content\/uploads\/2026\/01\/Y2ZkZjgzdlM7CSxZSAF7RnhReAMOWHUQL0lgSEhLawpqE3UMDhY8QD8bNUQACCxCOxwqRBcWdlMqAnUcVlU9WykbNgseVTxfOA4-.jpeg\" width=\"0\" height=\"0\" loading=\"lazy\" class=\"wp-media-image cropped\" alt=\"&quot;Drelich&quot; i &quot;Breslau&quot; da\u0142y zarobi\u0107. ATM Grupa z rekordowym zyskiem\"\/><\/p>\n<p>&#8222;Drelich&#8221; i &#8222;Breslau&#8221; da\u0142y zarobi\u0107. ATM Grupa z rekordowym zyskiem<\/p>\n<p><\/a><\/p>\n<p>Fabu\u0142a powie\u015bci &#8222;Piek\u0142o jest puste&#8221;  <\/p>\n<p>Ksi\u0105\u017cka &#8222;Piek\u0142o jest puste&#8221;, kt\u00f3ra ukaza\u0142a si\u0119 na rynku jesieni\u0105 ub.r., to thriller opisuj\u0105cy dziennikarskie \u015bledztwo dotycz\u0105ce g\u0142o\u015bnego zagini\u0119cia m\u0142odej dziewczyny. Akcja rozgrywa si\u0119 wsp\u00f3\u0142cze\u015bnie, ale prowadzi do wydarze\u0144 z\u00a02015 roku, kt\u00f3re nigdy nie zosta\u0142y wyja\u015bnione. W\u00a0miar\u0119 odkrywania nowych fakt\u00f3w na jaw wychodz\u0105 mroczne powi\u0105zania, uk\u0142ady i\u00a0tajemnice, a\u00a0pr\u00f3ba dotarcia do prawdy szybko okazuje si\u0119 \u015bmiertelnie niebezpieczna. To opowie\u015b\u0107 o\u00a0\u015bwiecie medi\u00f3w, w\u00a0kt\u00f3rym informacja bywa broni\u0105, a\u00a0prawda ma swoj\u0105 wysok\u0105 cen\u0119 \u2014\u00a0zapowiada producent.<\/p>\n<p>  <img decoding=\"async\" src=\"https:\/\/www.europesays.com\/pl\/wp-content\/uploads\/2025\/12\/newsletter-widget-bg-desktop.png\" alt=\"\" class=\"wm-newsletter-article-bg\"\/><\/p>\n<p>  Codziennie rano<\/p>\n<p>  Oferty pracy<\/p>\n<p>  50 tysi\u0119cy subskrybent\u00f3w<\/p>\n<p> Dzi\u0119kujemy za zapisanie si\u0119 do newsletteraWirtualne Media<\/p>\n<p class=\"wm-newsletter-success-banner-text\">Sprawd\u017a swoj\u0105 skrzynk\u0119 odbiorcz\u0105. <\/p>\n<p>Nad realizacj\u0105 sze\u015bcioodcinkowego serialu czuwa\u0107 b\u0119dzie Anna Nagler, producentka kreatywna, zwi\u0105zana w\u00a0dotychczasowej karierze m.in. z\u00a0<a href=\"https:\/\/www.wirtualnemedia.pl\/canal-hbo-max-hbo-i-stacje-tvn-dalej-w-ofercie-nowa-umowa-z-warner-bros-discovery,7238371596892672a\" rel=\"noopener noreferrer nofollow\" target=\"_blank\">HBO<\/a> i\u00a0Netflix, kt\u00f3ra wcze\u015bniej wsp\u00f3\u0142pracowa\u0142a z\u00a0ATM Grup\u0105 przy serialu &#8222;W g\u0142\u0119bi lasu&#8221;.<\/p>\n<p> <img role=\"presentation\" class=\"absolute left-1\/2 top-1\/2 max-h-[80%] max-w-[100px] -translate-x-1\/2 -translate-y-1\/2\" src=\"https:\/\/www.europesays.com\/pl\/wp-content\/uploads\/2025\/12\/wm-placeholder.png\" loading=\"lazy\" decoding=\"async\"\/> <\/p>\n<p>\u2014 My\u015blimy o\u00a0tym projekcie jako o\u00a0serialu, kt\u00f3ry ogl\u0105da si\u0119 jednym tchem i\u00a0kt\u00f3ry wci\u0105ga widza w\u00a0sam \u015brodek gry pe\u0142nej presji, manipulacji i\u00a0moralnych wybor\u00f3w. To opowie\u015b\u0107 o\u00a0\u015bwiecie, w\u00a0kt\u00f3rym dziennikarska ingerencja mo\u017ce by\u0107 zar\u00f3wno aktem odwagi, jak i\u00a0przekroczeniem niebezpiecznej granicy. Projekt \u0142\u0105czy intensywno\u015b\u0107 gatunku z\u00a0bardzo wsp\u00f3\u0142czesnym, niepokoj\u0105cym komentarzem spo\u0142ecznym \u2013 zapowiada Anna Nagler.<\/p>\n<p>Serialowa adaptacja powie\u015bci &#8222;Piek\u0142o jest puste&#8221; ma by\u0107 dynamicznym thrillerem sensacyjnym o\u00a0narastaj\u0105cym napi\u0119ciu, adresowanym do szerokiej widowni. <\/p>\n<p>\u2014\u00a0Atrakcyjna forma i\u00a0tempo id\u0105 tu w\u00a0parze z\u00a0tematem, kt\u00f3ry dotyka naszej codzienno\u015bci. Serial zadaje fundamentalne pytania o\u00a0odpowiedzialno\u015b\u0107 medi\u00f3w, pot\u0119g\u0119 opowie\u015bci oraz o\u00a0to, czy w\u00a0epoce dezinformacji i\u00a0plotek prawda wci\u0105\u017c potrafi co\u015b zmieni\u0107 \u2014\u00a0dodaje Nagler.<\/p>\n<p> <img role=\"presentation\" class=\"absolute left-1\/2 top-1\/2 max-h-[80%] max-w-[100px] -translate-x-1\/2 -translate-y-1\/2\" src=\"https:\/\/www.europesays.com\/pl\/wp-content\/uploads\/2025\/12\/wm-placeholder.png\" loading=\"lazy\" decoding=\"async\"\/><\/p>\n<p>Seriale oparte na\u00a0powie\u015bciach Mroza <\/p>\n<p>Do tej pory na podstawie powie\u015bci Remigiusza Mroza stworzono takie seriale jak: &#8222;Chy\u0142ka&#8221; (TVN\/Player), &#8222;Behawiorysta&#8221; (TVN\/Player), &#8222;Wotum nieufno\u015bci&#8221; (Polsat), &#8222;Forst&#8221; (Netflix) czy &#8222;Langer&#8221; (SkyShowtime). <\/p>\n<p>ATM Grupa specjalizuje si\u0119 w\u00a0produkcji telewizyjnej i\u00a0filmowej. Spod jej szyldu pochodz\u0105 takie produkcje jak m.in. serial &#8222;Wataha&#8221;, &#8222;Dzielnica strachu&#8221; czy &#8222;Pierwsza mi\u0142o\u015b\u0107&#8221;.<\/p>\n","protected":false},"excerpt":{"rendered":"\u2013 Od dawna marzy\u0142a mi si\u0119 ekranizacja mojej ksi\u0105\u017cki, kt\u00f3ra dor\u00f3wnywa\u0142aby takim produkcjom jak &#8222;W g\u0142\u0119bi lasu&#8221; czy&hellip;\n","protected":false},"author":2,"featured_media":193695,"comment_status":"","ping_status":"","sticky":false,"template":"","format":"standard","meta":{"footnotes":""},"categories":[22],"tags":[122,42,38,40,39,41,123],"class_list":{"0":"post-193694","1":"post","2":"type-post","3":"status-publish","4":"format-standard","5":"has-post-thumbnail","7":"category-rozrywka","8":"tag-entertainment","9":"tag-pl","10":"tag-poland","11":"tag-polish","12":"tag-polska","13":"tag-polski","14":"tag-rozrywka"},"share_on_mastodon":{"url":"https:\/\/pubeurope.com\/@pl\/115859329092629601","error":""},"_links":{"self":[{"href":"https:\/\/www.europesays.com\/pl\/wp-json\/wp\/v2\/posts\/193694","targetHints":{"allow":["GET"]}}],"collection":[{"href":"https:\/\/www.europesays.com\/pl\/wp-json\/wp\/v2\/posts"}],"about":[{"href":"https:\/\/www.europesays.com\/pl\/wp-json\/wp\/v2\/types\/post"}],"author":[{"embeddable":true,"href":"https:\/\/www.europesays.com\/pl\/wp-json\/wp\/v2\/users\/2"}],"replies":[{"embeddable":true,"href":"https:\/\/www.europesays.com\/pl\/wp-json\/wp\/v2\/comments?post=193694"}],"version-history":[{"count":0,"href":"https:\/\/www.europesays.com\/pl\/wp-json\/wp\/v2\/posts\/193694\/revisions"}],"wp:featuredmedia":[{"embeddable":true,"href":"https:\/\/www.europesays.com\/pl\/wp-json\/wp\/v2\/media\/193695"}],"wp:attachment":[{"href":"https:\/\/www.europesays.com\/pl\/wp-json\/wp\/v2\/media?parent=193694"}],"wp:term":[{"taxonomy":"category","embeddable":true,"href":"https:\/\/www.europesays.com\/pl\/wp-json\/wp\/v2\/categories?post=193694"},{"taxonomy":"post_tag","embeddable":true,"href":"https:\/\/www.europesays.com\/pl\/wp-json\/wp\/v2\/tags?post=193694"}],"curies":[{"name":"wp","href":"https:\/\/api.w.org\/{rel}","templated":true}]}}