{"id":193709,"date":"2026-01-08T11:59:07","date_gmt":"2026-01-08T11:59:07","guid":{"rendered":"https:\/\/www.europesays.com\/pl\/193709\/"},"modified":"2026-01-08T11:59:07","modified_gmt":"2026-01-08T11:59:07","slug":"amerykanskie-koncerny-naftowe-ostrzegaja-trumpa-chca-gwarancji","status":"publish","type":"post","link":"https:\/\/www.europesays.com\/pl\/193709\/","title":{"rendered":"Ameryka\u0144skie koncerny naftowe ostrzegaj\u0105 Trumpa. Chc\u0105 gwarancji"},"content":{"rendered":"<p>Firmy naftowe z\u00a0<a href=\"https:\/\/www.money.pl\/wiadomosci\/usa.html\" rel=\"noopener noreferrer nofollow\" target=\"_blank\">USA<\/a> stoj\u0105 przed wyzwaniem zwi\u0105zanym z\u00a0ewentualnymi inwestycjami w\u00a0Wenezueli. Prezydent Donald Trump zwo\u0142a\u0142 spotkanie z\u00a0liderami firm energetycznych, by om\u00f3wi\u0107 kwestie prawnych i\u00a0finansowych zabezpiecze\u0144. Ameryka\u0144skie przedsi\u0119biorstwa obawiaj\u0105 si\u0119, \u017ce brak takich gwarancji mo\u017ce narazi\u0107 je na du\u017c\u0105 niestabilno\u015b\u0107 polityczn\u0105 i\u00a0gospodarcz\u0105.<\/p>\n<p>&#8222;Nikt nie chce tam wchodzi\u0107, skoro jeden przypadkowy tweet mo\u017ce zmieni\u0107 ca\u0142\u0105 polityk\u0119 zagraniczn\u0105 kraju&#8221; \u2013\u00a0&#8222;Financial Times&#8221; cytuje wypowied\u017a jednego z\u00a0inwestor\u00f3w private equity, kt\u00f3ry specjalizuje si\u0119 w\u00a0energetyce.<\/p>\n<p>Grenlandia celem USA. Mocna reakcja Europy na\u00a0plan Trumpa <\/p>\n<p>Jak wskazuje Amos Hochstein,  partner zarz\u0105dzaj\u0105cy w\u00a0grupie inwestycyjnej TWG Globa i\u00a0by\u0142y doradca prezydenta Joe Bidena, powiedzia\u0142, \u017ce inwestowanie w\u00a0Wenezueli jest obarczone powa\u017cnymi ryzykami. Firmy obawiaj\u0105 si\u0119, i\u017c nie b\u0119d\u0105 wystarczaj\u0105co chronione po zako\u0144czeniu kadencji Trumpa.<\/p>\n<p>&#8222;Firmy ameryka\u0144skie musz\u0105 wiedzie\u0107, kim s\u0105 ich kontrahenci. Czy podpisuj\u0105 umowy z\u00a0rz\u0105dem Wenezueli? Czy rz\u0105d Wenezueli jest legalny?&#8221; &#8211;\u00a0przekonuje Hochstein w\u00a0rozmowie z\u00a0&#8222;FT&#8221;.<\/p>\n<p>Ropa z\u00a0Wenezueli. Oto plan Trumpa <\/p>\n<p>&#8222;W\u0142a\u015bnie zosta\u0142em poinformowany, \u017ce Wenezuela b\u0119dzie kupowa\u0107 wy\u0142\u0105cznie produkty wyprodukowane w\u00a0Ameryce za pieni\u0105dze otrzymane z\u00a0naszej nowej umowy naftowej. Zakupy te obejm\u0105 mi\u0119dzy innymi ameryka\u0144skie produkty rolne oraz ameryka\u0144skie leki, urz\u0105dzenia medyczne i\u00a0sprz\u0119t, kt\u00f3re maj\u0105 usprawni\u0107 wenezuelsk\u0105 sie\u0107 energetyczn\u0105 i\u00a0infrastruktur\u0119 energetyczn\u0105&#8221; &#8211;\u00a0oznajmi\u0142 Trump we wpisie na Truth Social.<\/p>\n<p>Og\u0142oszenie to wi\u0105\u017ce si\u0119 z\u00a0planowan\u0105 sprzeda\u017c\u0105 przez USA od 30 do 50 mln bary\u0142ek wenezuelskiej ropy po cenach rynkowych. Trump podkre\u015bli\u0142, \u017ce sam b\u0119dzie nadzorowa\u0142 wydatkowanie dochod\u00f3w z\u00a0tej sprzeda\u017cy. Minister energii USA, Chris Wright, wyja\u015bni\u0142, \u017ce pieni\u0105dze wp\u0142yn\u0105 na konta w\u00a0USA, po czym trafi\u0105 z\u00a0powrotem do Wenezueli, korzy\u015bci\u0105 dla jej obywateli.<\/p>\n<p>Wiceprezydent USA, J.D. Vance, w\u00a0rozmowie z\u00a0Fox News oceni\u0142, \u017ce kontrola nad przep\u0142ywem <a href=\"https:\/\/www.money.pl\/wiadomosci\/ropa.html\" rel=\"noopener noreferrer nofollow\" target=\"_blank\">ropy<\/a> b\u0119dzie g\u0142\u00f3wnym narz\u0119dziem kontrolowania wenezuelskich w\u0142adz przez Stany Zjednoczone.<\/p>\n","protected":false},"excerpt":{"rendered":"Firmy naftowe z\u00a0USA stoj\u0105 przed wyzwaniem zwi\u0105zanym z\u00a0ewentualnymi inwestycjami w\u00a0Wenezueli. Prezydent Donald Trump zwo\u0142a\u0142 spotkanie z\u00a0liderami firm energetycznych,&hellip;\n","protected":false},"author":2,"featured_media":193710,"comment_status":"","ping_status":"","sticky":false,"template":"","format":"standard","meta":{"footnotes":""},"categories":[14],"tags":[32,33,27,34,35,28,31,25,40,41,80,29,30,26,82,83,84],"class_list":{"0":"post-193709","1":"post","2":"type-post","3":"status-publish","4":"format-standard","5":"has-post-thumbnail","7":"category-swiat","8":"tag-breaking-news","9":"tag-breakingnews","10":"tag-headlines","11":"tag-latest-news","12":"tag-latestnews","13":"tag-naglowki","14":"tag-najwazniejsze-artykuly","15":"tag-news","16":"tag-polish","17":"tag-polski","18":"tag-swiat","19":"tag-top-stories","20":"tag-topstories","21":"tag-wiadomosci","22":"tag-world","23":"tag-world-news","24":"tag-worldnews"},"share_on_mastodon":{"url":"https:\/\/pubeurope.com\/@pl\/115859368440683799","error":""},"_links":{"self":[{"href":"https:\/\/www.europesays.com\/pl\/wp-json\/wp\/v2\/posts\/193709","targetHints":{"allow":["GET"]}}],"collection":[{"href":"https:\/\/www.europesays.com\/pl\/wp-json\/wp\/v2\/posts"}],"about":[{"href":"https:\/\/www.europesays.com\/pl\/wp-json\/wp\/v2\/types\/post"}],"author":[{"embeddable":true,"href":"https:\/\/www.europesays.com\/pl\/wp-json\/wp\/v2\/users\/2"}],"replies":[{"embeddable":true,"href":"https:\/\/www.europesays.com\/pl\/wp-json\/wp\/v2\/comments?post=193709"}],"version-history":[{"count":0,"href":"https:\/\/www.europesays.com\/pl\/wp-json\/wp\/v2\/posts\/193709\/revisions"}],"wp:featuredmedia":[{"embeddable":true,"href":"https:\/\/www.europesays.com\/pl\/wp-json\/wp\/v2\/media\/193710"}],"wp:attachment":[{"href":"https:\/\/www.europesays.com\/pl\/wp-json\/wp\/v2\/media?parent=193709"}],"wp:term":[{"taxonomy":"category","embeddable":true,"href":"https:\/\/www.europesays.com\/pl\/wp-json\/wp\/v2\/categories?post=193709"},{"taxonomy":"post_tag","embeddable":true,"href":"https:\/\/www.europesays.com\/pl\/wp-json\/wp\/v2\/tags?post=193709"}],"curies":[{"name":"wp","href":"https:\/\/api.w.org\/{rel}","templated":true}]}}