{"id":193711,"date":"2026-01-08T12:00:11","date_gmt":"2026-01-08T12:00:11","guid":{"rendered":"https:\/\/www.europesays.com\/pl\/193711\/"},"modified":"2026-01-08T12:00:11","modified_gmt":"2026-01-08T12:00:11","slug":"dramatyczne-wydarzenia-w-augustowie-ojciec-zaatakowal-nozem-6-letnia-corke","status":"publish","type":"post","link":"https:\/\/www.europesays.com\/pl\/193711\/","title":{"rendered":"Dramatyczne wydarzenia w Augustowie: Ojciec zaatakowa\u0142 no\u017cem 6-letni\u0105 c\u00f3rk\u0119"},"content":{"rendered":"<p>W Augustowie dosz\u0142o do szokuj\u0105cego ataku na 6-letni\u0105 dziewczynk\u0119. Jej 41-letni ojciec zosta\u0142 zatrzymany przez policj\u0119 i us\u0142ysza\u0142 zarzut usi\u0142owania zab\u00f3jstwa. S\u0105d zdecydowa\u0142 o jego tymczasowym aresztowaniu na trzy miesi\u0105ce. Za ten czyn grozi mu nawet do\u017cywocie.<\/p>\n<p>                         &#13;<br \/>\n        &#13;<\/p>\n<p>                                        &#13;<br \/>\n                        &#13;<br \/>\n                            <img decoding=\"async\" src=\"https:\/\/www.europesays.com\/pl\/wp-content\/uploads\/2026\/01\/000M64MWYRV8IUQ5-C123-F4.jpg\" title=\"Szokuj\u0105cy atak w Augustowie. Ojciec wbi\u0142 n\u00f3\u017c w plecy swojej 6-letniej c\u00f3rce\" alt=\"\/Policja \/\" class=\"img-responsive\"\/>&#13;<\/p>\n<p>                            &#13;<\/p>\n<p>      &#13;<br \/>\n                            &#13;<br \/>\n                                    \/Policja \/   &#13;\n                                    <\/p>\n<p>&#13;<\/p>\n<ul class=\"bullet\">\n<li>Chcesz by\u0107 na bie\u017c\u0105co? Wi\u0119cej aktualnych informacji z kraju i ze \u015bwiata znajdziesz na stronie g\u0142\u00f3wnej\u00a0<a href=\"https:\/\/www.rmf24.pl\/\" rel=\"nofollow noopener\" target=\"_blank\">RMF24.pl<\/a>.<\/li>\n<\/ul>\n<p>Do dramatycznych wydarze\u0144 dosz\u0142o w jednym z mieszka\u0144 w Augustowie (woj. podlaskie).<\/p>\n<p>41-letni m\u0119\u017cczyzna przyszed\u0142 z wizyt\u0105 do by\u0142ej partnerki, u kt\u00f3rej przebywa\u0142y jego dzieci.\u00a0Jak informuj\u0105 \u015bledczy, wizyta nie wzbudzi\u0142a podejrze\u0144 kobiety, poniewa\u017c ojciec regularnie odwiedza\u0142 dzieci.<\/p>\n<p>Nagle m\u0119\u017cczyzna chwyci\u0142 za n\u00f3\u017c kuchenny i zaatakowa\u0142 swoj\u0105 6-letni\u0105 c\u00f3rk\u0119.\u00a0Matka dziewczynki pr\u00f3bowa\u0142a powstrzyma\u0107 napastnika, jednak ten zdo\u0142a\u0142 wbi\u0107 n\u00f3\u017c w plecy dziecka.<\/p>\n<p>Kobieta wraz z dzie\u0107mi uciek\u0142a z mieszkania, ratuj\u0105c si\u0119 przed dalsz\u0105 agresj\u0105.<\/p>\n<p>Na miejsce natychmiast zosta\u0142a wezwana policja. Funkcjonariusze zastali 41-latka zamkni\u0119tego w jednym z pomieszcze\u0144.<\/p>\n<p>M\u0119\u017cczyzna nie chcia\u0142 otworzy\u0107 drzwi, dlatego policjanci musieli wej\u015b\u0107 do \u015brodka si\u0142\u0105. Zatrzymali napastnika, a ranna dziewczynka zosta\u0142a przetransportowana do szpitala.<\/p>\n<p>W Prokuraturze Rejonowej w Augustowie m\u0119\u017cczyzna us\u0142ysza\u0142 zarzut usi\u0142owania zab\u00f3jstwa.<\/p>\n<p>&#8222;Za to przest\u0119pstwo Kodeks karny przewiduje nawet do\u017cywotnie pozbawienie wolno\u015bci&#8221; &#8211; podkre\u015blaj\u0105 \u015bledczy.<\/p>\n<p>Na wniosek prokuratora s\u0105d zdecydowa\u0142 o tymczasowym aresztowaniu 41-latka na trzy miesi\u0105ce. Ze wzgl\u0119du na stan zdrowia psychicznego zosta\u0142 on osadzony w zak\u0142adzie psychiatrycznym.<\/p>\n<p>Ranna 6-latka po udzieleniu pomocy medycznej wr\u00f3ci\u0142a ju\u017c do domu i przebywa pod opiek\u0105 matki. Wed\u0142ug naszych ustale\u0144, jej \u017cyciu nic nie zagra\u017ca.<\/p>\n<p>Policja i prokuratura prowadz\u0105 dalsze czynno\u015bci w tej sprawie.<\/p>\n<p>\n                                        M\u0119\u017cczyzna wbi\u0142 n\u00f3\u017c w plecy swojej 6-letniej c\u00f3rce<\/p>\n","protected":false},"excerpt":{"rendered":"W Augustowie dosz\u0142o do szokuj\u0105cego ataku na 6-letni\u0105 dziewczynk\u0119. Jej 41-letni ojciec zosta\u0142 zatrzymany przez policj\u0119 i us\u0142ysza\u0142&hellip;\n","protected":false},"author":2,"featured_media":193712,"comment_status":"","ping_status":"","sticky":false,"template":"","format":"standard","meta":{"footnotes":""},"categories":[12],"tags":[32,33,36,37,27,34,35,28,31,25,42,38,40,39,41,29,30,26],"class_list":{"0":"post-193711","1":"post","2":"type-post","3":"status-publish","4":"format-standard","5":"has-post-thumbnail","7":"category-polska","8":"tag-breaking-news","9":"tag-breakingnews","10":"tag-featured-news","11":"tag-featurednews","12":"tag-headlines","13":"tag-latest-news","14":"tag-latestnews","15":"tag-naglowki","16":"tag-najwazniejsze-artykuly","17":"tag-news","18":"tag-pl","19":"tag-poland","20":"tag-polish","21":"tag-polska","22":"tag-polski","23":"tag-top-stories","24":"tag-topstories","25":"tag-wiadomosci"},"share_on_mastodon":{"url":"https:\/\/pubeurope.com\/@pl\/115859372428304664","error":""},"_links":{"self":[{"href":"https:\/\/www.europesays.com\/pl\/wp-json\/wp\/v2\/posts\/193711","targetHints":{"allow":["GET"]}}],"collection":[{"href":"https:\/\/www.europesays.com\/pl\/wp-json\/wp\/v2\/posts"}],"about":[{"href":"https:\/\/www.europesays.com\/pl\/wp-json\/wp\/v2\/types\/post"}],"author":[{"embeddable":true,"href":"https:\/\/www.europesays.com\/pl\/wp-json\/wp\/v2\/users\/2"}],"replies":[{"embeddable":true,"href":"https:\/\/www.europesays.com\/pl\/wp-json\/wp\/v2\/comments?post=193711"}],"version-history":[{"count":0,"href":"https:\/\/www.europesays.com\/pl\/wp-json\/wp\/v2\/posts\/193711\/revisions"}],"wp:featuredmedia":[{"embeddable":true,"href":"https:\/\/www.europesays.com\/pl\/wp-json\/wp\/v2\/media\/193712"}],"wp:attachment":[{"href":"https:\/\/www.europesays.com\/pl\/wp-json\/wp\/v2\/media?parent=193711"}],"wp:term":[{"taxonomy":"category","embeddable":true,"href":"https:\/\/www.europesays.com\/pl\/wp-json\/wp\/v2\/categories?post=193711"},{"taxonomy":"post_tag","embeddable":true,"href":"https:\/\/www.europesays.com\/pl\/wp-json\/wp\/v2\/tags?post=193711"}],"curies":[{"name":"wp","href":"https:\/\/api.w.org\/{rel}","templated":true}]}}