{"id":193721,"date":"2026-01-08T12:07:10","date_gmt":"2026-01-08T12:07:10","guid":{"rendered":"https:\/\/www.europesays.com\/pl\/193721\/"},"modified":"2026-01-08T12:07:10","modified_gmt":"2026-01-08T12:07:10","slug":"ojciec-zaatakowal-swoja-6-letnia-corke-wbil-jej-noz-w-plecy-dramat-na-podlasiu","status":"publish","type":"post","link":"https:\/\/www.europesays.com\/pl\/193721\/","title":{"rendered":"Ojciec zaatakowa\u0142 swoj\u0105 6-letni\u0105 c\u00f3rk\u0119, wbi\u0142 jej n\u00f3\u017c w plecy. Dramat na Podlasiu"},"content":{"rendered":"<ul class=\"list-summary__items summary\">\n<li>Co wydarzy\u0142o si\u0119 w mieszkaniu w Augustowie.<\/li>\n<li>Jakie zarzuty postawiono ojcu 6-letniej dziewczynki.<\/li>\n<li>Jakie kroki prawne podj\u0119to wobec zatrzymanego.<\/li>\n<\/ul>\n<p>    <a name=\"eztoc36483976_0_3\" id=\"eztoc36483976_0_3\"\/>August\u00f3w. Ojciec zatrzymany ws. ataku na swoj\u0105 6-letni\u0105 c\u00f3rk\u0119<\/p>\n<p>Dy\u017curny augustowskiej komendy otrzyma\u0142 zg\u0142oszenie o\u00a0ataku ojca na dziecko z u\u017cyciem no\u017ca. Na miejscu<br \/>\n<a href=\"https:\/\/wiadomosci.radiozet.pl\/tag\/kategoria\/policja\" target=\"_self\" rel=\"dofollow noopener\">policjanci<\/a> ustalili, \u017ce 41-letni m\u0119\u017cczyzna wszed\u0142 do mieszkania swojej by\u0142ej partnerki, w kt\u00f3rym przebywa\u0142y jego dzieci. &#8222;Wizyta m\u0119\u017cczyzny nie wzbudzi\u0142a niepokoju kobiety, gdy\u017c m\u0119\u017cczyzna regularnie przychodzi\u0142 w odwiedziny. Znajduj\u0105c si\u0119 w mieszkaniu m\u0119\u017cczyzna chwyci\u0142 n\u00f3\u017c kuchenny i zaatakowa\u0142 swoj\u0105 6-letni\u0105 c\u00f3rk\u0119&#8221; &#8211; czytamy w komunikacie policjant\u00f3w.\u00a0<\/p>\n<p>Matka dziecka pr\u00f3bowa\u0142a powstrzyma\u0107 m\u0119\u017cczyzn\u0119, jednak ten zdo\u0142a\u0142 zada\u0107 dziecku obra\u017cenia &#8211; wbi\u0142 6-latce n\u00f3\u017c w plecy. Kobieta wraz z dzie\u0107mi uciek\u0142a z mieszkania. &#8222;41-latek zamkn\u0105\u0142 si\u0119 w jednym z pomieszcze\u0144 i nie chcia\u0142 otworzy\u0107 drzwi, dlatego funkcjonariusze weszli do \u015brodka si\u0142\u0105. M\u0119\u017cczyzna zosta\u0142 zatrzymany, a ranna dziewczynka trafi\u0142a do szpitala&#8221; &#8211; informuj\u0105 policjanci.\u00a0<\/p>\n<p>41-latek us\u0142ysza\u0142 zarzut usi\u0142owania zab\u00f3jstwa 6-latki w Prokuraturze Rejonowej w Augustowie. Decyzj\u0105 s\u0105du zosta\u0142 tymczasowo aresztowany na 3 miesi\u0105ce. Zosta\u0142 tak\u017ce osadzony w zak\u0142adzie psychiatrycznym ze wzgl\u0119du na sw\u00f3j stan psychiczny. &#8222;Zgodnie z kodeksem karnym grozi mu nawet kara do\u017cywotniego pozbawienia wolno\u015bci. Obecnie dziewczynka znajduje si\u0119 ju\u017c w domu pod opiek\u0105 matki&#8221; &#8211; przekazali policjanci.\u00a0<\/p>\n<p>                            <img decoding=\"async\" data-ot-ignore=\"\" class=\" \" src=\"https:\/\/www.europesays.com\/pl\/wp-content\/uploads\/2026\/01\/120-283609.jpg\" width=\"1200\" height=\"665\" alt=\"zatrzymany\" data- title=\"zatrzymany\" data-portal-copyright=\"KPP August\u00f3w\" loading=\"lazy\"\/><\/p>\n<p>                                                                    fot.<br \/>\n                    KPP August\u00f3w                <\/p>\n<p>\u0179r\u00f3d\u0142o: Radio ZET<\/p>\n<p>By\u0142e\u015b \u015bwiadkiem czego\u015b niespodziewanego? Masz temat, kt\u00f3rym powinni\u015bmy si\u0119 zaj\u0105\u0107?<\/p>\n<p>Zg\u0142o\u015b spraw\u0119 przez <a href=\"https:\/\/wiadomosci.radiozet.pl\/czerwony-telefon\" target=\"_blank\" title=\"Czerwony telefon Radia Zet\" rel=\"nofollow noopener\">Czerwony telefon Radia ZET<\/a><\/p>\n","protected":false},"excerpt":{"rendered":"Co wydarzy\u0142o si\u0119 w mieszkaniu w Augustowie. Jakie zarzuty postawiono ojcu 6-letniej dziewczynki. Jakie kroki prawne podj\u0119to wobec&hellip;\n","protected":false},"author":2,"featured_media":193722,"comment_status":"","ping_status":"","sticky":false,"template":"","format":"standard","meta":{"footnotes":""},"categories":[12],"tags":[744,32,33,36,37,27,34,35,28,31,25,42,5083,38,414,40,39,41,29,30,26],"class_list":{"0":"post-193721","1":"post","2":"type-post","3":"status-publish","4":"format-standard","5":"has-post-thumbnail","7":"category-polska","8":"tag-atak","9":"tag-breaking-news","10":"tag-breakingnews","11":"tag-featured-news","12":"tag-featurednews","13":"tag-headlines","14":"tag-latest-news","15":"tag-latestnews","16":"tag-naglowki","17":"tag-najwazniejsze-artykuly","18":"tag-news","19":"tag-pl","20":"tag-podlasie","21":"tag-poland","22":"tag-policja","23":"tag-polish","24":"tag-polska","25":"tag-polski","26":"tag-top-stories","27":"tag-topstories","28":"tag-wiadomosci"},"share_on_mastodon":{"url":"https:\/\/pubeurope.com\/@pl\/115859399937170230","error":""},"_links":{"self":[{"href":"https:\/\/www.europesays.com\/pl\/wp-json\/wp\/v2\/posts\/193721","targetHints":{"allow":["GET"]}}],"collection":[{"href":"https:\/\/www.europesays.com\/pl\/wp-json\/wp\/v2\/posts"}],"about":[{"href":"https:\/\/www.europesays.com\/pl\/wp-json\/wp\/v2\/types\/post"}],"author":[{"embeddable":true,"href":"https:\/\/www.europesays.com\/pl\/wp-json\/wp\/v2\/users\/2"}],"replies":[{"embeddable":true,"href":"https:\/\/www.europesays.com\/pl\/wp-json\/wp\/v2\/comments?post=193721"}],"version-history":[{"count":0,"href":"https:\/\/www.europesays.com\/pl\/wp-json\/wp\/v2\/posts\/193721\/revisions"}],"wp:featuredmedia":[{"embeddable":true,"href":"https:\/\/www.europesays.com\/pl\/wp-json\/wp\/v2\/media\/193722"}],"wp:attachment":[{"href":"https:\/\/www.europesays.com\/pl\/wp-json\/wp\/v2\/media?parent=193721"}],"wp:term":[{"taxonomy":"category","embeddable":true,"href":"https:\/\/www.europesays.com\/pl\/wp-json\/wp\/v2\/categories?post=193721"},{"taxonomy":"post_tag","embeddable":true,"href":"https:\/\/www.europesays.com\/pl\/wp-json\/wp\/v2\/tags?post=193721"}],"curies":[{"name":"wp","href":"https:\/\/api.w.org\/{rel}","templated":true}]}}