{"id":193800,"date":"2026-01-08T12:55:12","date_gmt":"2026-01-08T12:55:12","guid":{"rendered":"https:\/\/www.europesays.com\/pl\/193800\/"},"modified":"2026-01-08T12:55:12","modified_gmt":"2026-01-08T12:55:12","slug":"znana-dziennikarka-polsatu-trafila-do-rmf-fm-powrot-do-moich-korzeni","status":"publish","type":"post","link":"https:\/\/www.europesays.com\/pl\/193800\/","title":{"rendered":"Znana dziennikarka Polsatu trafi\u0142a do RMF FM. &#8222;Powr\u00f3t do moich korzeni&#8221;"},"content":{"rendered":"<p class=\"ods-c-paragraph \">Magda Sakowska, dotychczas zwi\u0105zana z Polsat News, do\u0142\u0105cza do zespo\u0142u prowadz\u0105cych &#8222;Popo\u0142udniow\u0105 rozmow\u0119 w RMF FM&#8221; \u2014 og\u0142osi\u0142a popularna rozg\u0142o\u015bnia. Od 8 stycznia dziennikarka b\u0119dzie pojawia\u0107 si\u0119 na antenie w ka\u017cdy czwartek, wsp\u00f3\u0142tworz\u0105c jeden z najwa\u017cniejszych program\u00f3w publicystycznych w polskim radiu. Decyzj\u0119 komentuje dyrektor informacji RMF FM, Micha\u0142 Rodak, kt\u00f3ry nie kryje entuzjazmu:<\/p>\n<blockquote class=\"ods-o-quota\">\n<p class=\"ods-o-quota__paragraph\">Bardzo cieszymy si\u0119, \u017ce Magda przyj\u0119\u0142a zaproszenie do zespo\u0142u naszych publicyst\u00f3w. Jest dziennikark\u0105 z ogromn\u0105 wiedz\u0105 dotycz\u0105c\u0105 nie tylko polskiej polityki, ale te\u017c spraw mi\u0119dzynarodowych, kt\u00f3re w ostatnich latach sta\u0142y si\u0119 dla naszych s\u0142uchaczy wyj\u0105tkowo wa\u017cne<\/p>\n<\/blockquote>\n<p>Dalszy ci\u0105g artyku\u0142u pod materia\u0142em wideo<\/p>\n<p> Kiedy Magda Sakowska zadebiutuje w RMF FM? <\/p>\n<p> Jakie pytania planuje zadawa\u0107 Magda Sakowska politykom? <\/p>\n<p> Jakie do\u015bwiadczenie ma Magda Sakowska? <\/p>\n<p> Jakie programy prowadzi\u0142a Magda Sakowska w Polsacie? <\/p>\n<p>  Nowy g\u0142os w popularnej audycji RMF FM. To znana dziennikarka Polsatu: powr\u00f3t do moich korzeni<\/p>\n<p class=\"ods-c-paragraph \">&#8222;Popo\u0142udniowa rozmowa w RMF FM&#8221; to codzienne podsumowanie najwa\u017cniejszych wydarze\u0144 dnia, komentarze do politycznych decyzji i kontrowersyjnych wypowiedzi, a tak\u017ce tematy budz\u0105ce spo\u0142eczne emocje. Program emitowany jest na \u017cywo na antenie RMF FM i Radia RMF24 oraz w wersji wideo na RMF24.pl, YouTube i w mediach spo\u0142eczno\u015bciowych.<\/p>\n<p class=\"ods-c-paragraph \">Magda Sakowska to bardzo do\u015bwiadczona dziennikarka \u2013 absolwentka socjologii, studium dziennikarskiego oraz studi\u00f3w podyplomowych na Europejskim Uniwersytecie Viadrina. Pracowa\u0142a w TVN24, a p\u00f3\u017aniej w Polsacie, gdzie prowadzi\u0142a m.in. programy &#8222;To by\u0142 dzie\u0144&#8221; i &#8222;Go\u015b\u0107 Wydarze\u0144&#8221; oraz by\u0142a prezenterk\u0105 g\u0142\u00f3wnego wydania &#8222;Wydarze\u0144&#8221;. W latach 2016-2025 pe\u0142ni\u0142a funkcj\u0119 korespondentki Polsatu w Stanach Zjednoczonych, relacjonuj\u0105c kluczowe wydarzenia zza oceanu.<\/p>\n<p><img decoding=\"async\" src=\"https:\/\/www.europesays.com\/pl\/wp-content\/uploads\/2026\/01\/l33k9lBaHR0cHM6Ly9vY2RuLmV1L3B1bHNjbXMvTURBXy81OTdhNzJmODk4NTlhODM2ZDliMTBjMDhmNTQyYThlZi5qcGeRlQLNB.jpeg\" height=\"626\" width=\"940\" alt=\"Magda Sakowska\" loading=\"lazy\" class=\"ods-c-image__img ods-c-image__img--viewport-width\"\/><\/p>\n<p>Magda SakowskaJaros\u0142aw Antoniak \/ MW Media<\/p>\n<p class=\"ods-c-paragraph \">Tym samym Magda Sakowska wraca do krajowej publicystyki i jasno zapowiada, jakie rozmowy chce prowadzi\u0107:<\/p>\n<blockquote class=\"ods-o-quota\">\n<p class=\"ods-o-quota__paragraph\">Prowadzenie Popo\u0142udniowej rozmowy w RMF FM to dla mnie zadawanie politykom najwa\u017cniejszych, tak\u017ce niewygodnych dla nich pyta\u0144 i oczekiwanie od moich rozm\u00f3wc\u00f3w konkretnych odpowiedzi oraz pilnowanie, aby nie zas\u0142aniali si\u0119 partyjnymi formu\u0142kami i d\u0142ugimi odpowiedziami, w kt\u00f3rych brak konkret\u00f3w<\/p>\n<\/blockquote>\n<p class=\"ods-c-paragraph \">\u2014 podkre\u015bla.<\/p>\n<p class=\"ods-c-paragraph \">Dodaje r\u00f3wnie\u017c, \u017ce to dla niej wa\u017cny zawodowy powr\u00f3t:<\/p>\n<blockquote class=\"ods-o-quota\">\n<p class=\"ods-o-quota__paragraph\">To tak\u017ce pewien powr\u00f3t do moich dziennikarskich korzeni sprzed wyjazdu do Stan\u00f3w Zjednoczonych, kiedy zajmowa\u0142am si\u0119 przede wszystkim polityk\u0105 krajow\u0105 i ka\u017cdego niemal dnia prowadzi\u0142am rozmowy z politykami<\/p>\n<\/blockquote>\n<p class=\"ods-c-paragraph \">Magda Sakowska zapewnia, \u017ce s\u0142uchacze mog\u0105 liczy\u0107 na konkret, merytoryk\u0119 i szerok\u0105 perspektyw\u0119. M\u00f3wi wprost:<\/p>\n<blockquote class=\"ods-o-quota\">\n<p class=\"ods-o-quota__paragraph\">Zale\u017cy mi na rozmowach, kt\u00f3re odpowiadaj\u0105 na najwa\u017cniejsze pytania i z kt\u00f3rych s\u0142uchacze b\u0119d\u0105 mogli si\u0119 wiele dowiedzie\u0107 o bie\u017c\u0105cych wydarzeniach, tak\u017ce tych poza naszymi granicami, bo sprawy krajowe i mi\u0119dzynarodowe coraz cz\u0119\u015bciej i coraz trudniej od siebie oddzieli\u0107<\/p>\n<\/blockquote>\n<p class=\"ods-c-paragraph \">W\u015br\u00f3d prowadz\u0105cych &#8222;Popo\u0142udniow\u0105 rozmow\u0119 w RMF FM&#8221; s\u0105 ju\u017c Piotr Salak i Grzegorz Sroczy\u0144ski.<\/p>\n<p><img decoding=\"async\" src=\"https:\/\/www.europesays.com\/pl\/wp-content\/uploads\/2026\/01\/75vk9lBaHR0cHM6Ly9vY2RuLmV1L3B1bHNjbXMvTURBXy80Y2M5YWQ3ZDU5NDYwMDQ1ZWIyMGU5NjI4OGQ1MDBmYS5qcGeRlQLNA.jpeg\" height=\"529\" width=\"940\" alt=\"Magda Sakowska\" loading=\"lazy\" class=\"ods-c-image__img ods-c-image__img--vertical\"\/><\/p>\n<p>Magda SakowskaAndras Szilagyi \/ MW Media<\/p>\n<p class=\"ods-c-paragraph \">Dzi\u0119kujemy, \u017ce przeczyta\u0142a\u015b\/e\u015b nasz artyku\u0142 do ko\u0144ca. W serwisie Plejada.pl ka\u017cdego dnia piszemy o najwa\u017cniejszych wydarzeniach show-biznesowych. B\u0105d\u017a na bie\u017c\u0105co! <a rel=\"nofollow noopener\" href=\"https:\/\/profile.google.com\/cp\/Cg0vZy8xMWJ6X19wdHBx\" id=\"fced186b-6e5b-4bfd-9f8c-44b5375afee3\" target=\"_blank\">Obserwuj<\/a> Plejad\u0119 w Google. Odwied\u017a nas tak\u017ce na <a rel=\"nofollow noopener\" href=\"https:\/\/www.facebook.com\/plejadapl\" id=\"a623f14a-ca66-4089-b473-3c905b6169c1\" target=\"_blank\">Facebooku<\/a>, <a rel=\"nofollow noopener\" href=\"https:\/\/www.instagram.com\/plejadapl\/\" id=\"dac06449-115b-48c1-a6fc-eccc8f56dc71\" target=\"_blank\">Instagramie<\/a>, <a rel=\"nofollow noopener\" href=\"https:\/\/www.youtube.com\/c\/plejada\" id=\"bbf59882-fa1e-4f47-b03f-c294605cd670\" target=\"_blank\">YouTubie<\/a> oraz <a rel=\"nofollow noopener\" href=\"https:\/\/www.tiktok.com\/@plejada_pl\" id=\"b4a9a027-7552-40e0-b3eb-c7b9d85b6f3f\" target=\"_blank\">TikToku<\/a>.<\/p>\n<p class=\"ods-c-paragraph \">Chcesz podzieli\u0107 si\u0119 ciekawym newsem lub zaproponowa\u0107 temat? Skontaktuj si\u0119 z nami, pisz\u0105c maila na adres: <a rel=\"nofollow noopener\" href=\"https:\/\/plejada.pl\/newsy\/znana-dziennikarka-polsatu-trafila-do-rmf-fm-powrot-do-moich-korzeni\/mailto:plejada@redakcjaonet.pl\" id=\"3f842db0-4f89-4c60-803b-43b11163658e\" target=\"_blank\">plejada@redakcjaon<\/a><a href=\"https:\/\/et.pl\" id=\"461e954a-02ce-4cbe-89c4-295cb58fa710\" rel=\"nofollow noopener\" target=\"_blank\">et.pl<\/a>.<\/p>\n<p><script async src=\"\/\/www.instagram.com\/embed.js\"><\/script><script async src=\"\/\/www.tiktok.com\/embed.js\"><\/script><\/p>\n","protected":false},"excerpt":{"rendered":"Magda Sakowska, dotychczas zwi\u0105zana z Polsat News, do\u0142\u0105cza do zespo\u0142u prowadz\u0105cych &#8222;Popo\u0142udniow\u0105 rozmow\u0119 w RMF FM&#8221; \u2014 og\u0142osi\u0142a&hellip;\n","protected":false},"author":2,"featured_media":193801,"comment_status":"","ping_status":"","sticky":false,"template":"","format":"standard","meta":{"footnotes":""},"categories":[14],"tags":[32,33,27,34,35,37619,28,31,48,25,125,46,40,263,12742,41,18723,47,80,29,30,26,82,83,84],"class_list":{"0":"post-193800","1":"post","2":"type-post","3":"status-publish","4":"format-standard","5":"has-post-thumbnail","7":"category-swiat","8":"tag-breaking-news","9":"tag-breakingnews","10":"tag-headlines","11":"tag-latest-news","12":"tag-latestnews","13":"tag-magda_sakowska","14":"tag-naglowki","15":"tag-najwazniejsze-artykuly","16":"tag-nat_styl","17":"tag-news","18":"tag-newsy","19":"tag-omp","20":"tag-polish","21":"tag-polsat","22":"tag-polsat_news","23":"tag-polski","24":"tag-rmf_fm","25":"tag-screening_general","26":"tag-swiat","27":"tag-top-stories","28":"tag-topstories","29":"tag-wiadomosci","30":"tag-world","31":"tag-world-news","32":"tag-worldnews"},"share_on_mastodon":{"url":"https:\/\/pubeurope.com\/@pl\/115859588788938194","error":""},"_links":{"self":[{"href":"https:\/\/www.europesays.com\/pl\/wp-json\/wp\/v2\/posts\/193800","targetHints":{"allow":["GET"]}}],"collection":[{"href":"https:\/\/www.europesays.com\/pl\/wp-json\/wp\/v2\/posts"}],"about":[{"href":"https:\/\/www.europesays.com\/pl\/wp-json\/wp\/v2\/types\/post"}],"author":[{"embeddable":true,"href":"https:\/\/www.europesays.com\/pl\/wp-json\/wp\/v2\/users\/2"}],"replies":[{"embeddable":true,"href":"https:\/\/www.europesays.com\/pl\/wp-json\/wp\/v2\/comments?post=193800"}],"version-history":[{"count":0,"href":"https:\/\/www.europesays.com\/pl\/wp-json\/wp\/v2\/posts\/193800\/revisions"}],"wp:featuredmedia":[{"embeddable":true,"href":"https:\/\/www.europesays.com\/pl\/wp-json\/wp\/v2\/media\/193801"}],"wp:attachment":[{"href":"https:\/\/www.europesays.com\/pl\/wp-json\/wp\/v2\/media?parent=193800"}],"wp:term":[{"taxonomy":"category","embeddable":true,"href":"https:\/\/www.europesays.com\/pl\/wp-json\/wp\/v2\/categories?post=193800"},{"taxonomy":"post_tag","embeddable":true,"href":"https:\/\/www.europesays.com\/pl\/wp-json\/wp\/v2\/tags?post=193800"}],"curies":[{"name":"wp","href":"https:\/\/api.w.org\/{rel}","templated":true}]}}