{"id":193805,"date":"2026-01-08T12:58:07","date_gmt":"2026-01-08T12:58:07","guid":{"rendered":"https:\/\/www.europesays.com\/pl\/193805\/"},"modified":"2026-01-08T12:58:07","modified_gmt":"2026-01-08T12:58:07","slug":"olbrzymia-sensacja-trzecia-rakieta-swiata-wyrzucona-w-brisbane-przeglad-sportowy-onet","status":"publish","type":"post","link":"https:\/\/www.europesays.com\/pl\/193805\/","title":{"rendered":"Olbrzymia sensacja! Trzecia rakieta \u015bwiata wyrzucona w Brisbane! &#8211; Przegl\u0105d Sportowy Onet"},"content":{"rendered":"<ol>\n<li><a href=\"https:\/\/news.google.com\/rss\/articles\/CBMirgFBVV95cUxOWlZGelFLd2FaOFFDbVY1NGpRMDN1azBtb0xfcG91WGdLQmF5VmpKNG54UWtFN2FEa2dkU2pCNmE4TWswZ3U3bFh6V1FwdHY4Rm96cTlCcU0wbWtJdHBNSDg1TldtSFlxN1dWQTJKS2h2cVFzQzl5Zk5PZHdBTWFFZHpUVVFlZzFzZW14MEd6X3BUUUVFQ1hmenBYaTU0V3lTTFc5dWxfajVMZUI3TEE?oc=5\" target=\"_blank\" rel=\"nofollow noopener\">Olbrzymia sensacja! Trzecia rakieta \u015bwiata wyrzucona w Brisbane!<\/a>&nbsp;&nbsp;Przegl\u0105d Sportowy Onet<\/li>\n<li><a href=\"https:\/\/news.google.com\/rss\/articles\/CBMirgFBVV95cUxOZDB4X0VvdnJuVkg2azBEMmF3Skp6RUZRdGswZWYxeE9jMnVIcmItSTFTM2YwS2hUd2tJRnVCUXJMdWs1VGdkZE5udXlHa1MzUXJIVk0yNGJEMzRUcndKODJDOGowWVNrR00tLWl6VWRwYkdMSEw0ZU14X2RTS0Y3V21VLWhKcjZiQm5XdDBaM2Y0NzkzNUUtZGY4a1ZsaWowQ3ZsNlR3dV9MMkpPVWc?oc=5\" target=\"_blank\" rel=\"nofollow noopener\">Sensacja w Brisbane. Trzecia rakieta \u015bwiata za burt\u0105. Wielki triumf podopiecznej Polki<\/a>&nbsp;&nbsp;Sport w INTERIA.PL<\/li>\n<li><a href=\"https:\/\/news.google.com\/rss\/articles\/CBMiqwFBVV95cUxNZEl3bUxKTUprSEJaSjlKU3NLaDB0Njk4eUVERTBQOFpWMGlPcWlWUi1URzZWeHZnQ1lQS3ZNUmI3Nm52LWRBck94enZEMDlxNjJEdDJVQkZELUVLdzRHd2M5MURoMzZnXy1oM29QU04yNHZLWlNQeWdOdm9Zc1FZUEFhSUQyX3lvRlYzUnMxcmZyVWFJRXlFSW01RjBKc0FiX2cxanR4dmx1cVU?oc=5\" target=\"_blank\" rel=\"nofollow noopener\">Anisimova dopiero co odtr\u0105bi\u0142a wielki sukces, a teraz takie wie\u015bci. Sensacja Tenis<\/a>&nbsp;&nbsp;Sport.pl<\/li>\n<li><a href=\"https:\/\/news.google.com\/rss\/articles\/CBMilgFBVV95cUxQUzhpd000b2Z1c0g5a3hnWnNnUkdNWkR6UmF0X3pnVEM1bkRLSnBveldUSXh6ZEt2eUZzUFl4VFFJNUczdDRhdlJIZDF4bndSRmdlODJ4VUpPUFFrMDVnX3NURzJaenY4T2dNR0p1SG5yQi0wQXVQd2k0THpFd194QXU4LTlleDRfR3NEd2dCSWVlV0x0X3c?oc=5\" target=\"_blank\" rel=\"nofollow noopener\">Amanda Anisimova zdmuchn\u0119\u0142a przeciwniczk\u0119 z kortu<\/a>&nbsp;&nbsp;SportoweFakty<\/li>\n<li><a href=\"https:\/\/news.google.com\/rss\/articles\/CBMilAFBVV95cUxNZjg3eTV6T2hHNXNDbVJNNU1OeEJwU2tHLTNCRkk4ekJxSUtEQWl4T0tkcmxqWTE1bHVhZzQ4YWF5TDlwYi01VzlhdG1oZVB3eUlFeVIyV3VpdkRidXZsTnd1ajZlR2VzU19CZVlOTkhWOGN4Rm4xdGRmcHZXS1dqcHBib0pUcTctM1F3NmtRZzl1ZkIx?oc=5\" target=\"_blank\" rel=\"nofollow noopener\">Wta Brisbane: Anisimova pewnie, Pegula wygrywa w napi\u0119tej potyczce<\/a>&nbsp;&nbsp;Tenis NET<\/li>\n<\/ol>\n","protected":false},"excerpt":{"rendered":"Olbrzymia sensacja! Trzecia rakieta \u015bwiata wyrzucona w Brisbane!&nbsp;&nbsp;Przegl\u0105d Sportowy Onet Sensacja w Brisbane. Trzecia rakieta \u015bwiata za burt\u0105.&hellip;\n","protected":false},"author":2,"featured_media":193806,"comment_status":"","ping_status":"","sticky":false,"template":"","format":"standard","meta":{"footnotes":""},"categories":[24],"tags":[7544,67,5217,929,42,38,40,39,41,136,128,47,127,135,126,156,130,36070,36832],"class_list":{"0":"post-193805","1":"post","2":"type-post","3":"status-publish","4":"format-standard","5":"has-post-thumbnail","7":"category-sport","8":"tag-amanda_anisimova","9":"tag-intextvideo_splayer","10":"tag-marta_kostiuk","11":"tag-pawb","12":"tag-pl","13":"tag-poland","14":"tag-polish","15":"tag-polska","16":"tag-polski","17":"tag-ps_detal_new","18":"tag-psv2","19":"tag-screening_general","20":"tag-sport","21":"tag-sport_sport","22":"tag-sports","23":"tag-tenis","24":"tag-wiadomosci_sportowe","25":"tag-wta_500_w_brisbane","26":"tag-wta_w_brisbane"},"share_on_mastodon":{"url":"https:\/\/pubeurope.com\/@pl\/115859600562936665","error":""},"_links":{"self":[{"href":"https:\/\/www.europesays.com\/pl\/wp-json\/wp\/v2\/posts\/193805","targetHints":{"allow":["GET"]}}],"collection":[{"href":"https:\/\/www.europesays.com\/pl\/wp-json\/wp\/v2\/posts"}],"about":[{"href":"https:\/\/www.europesays.com\/pl\/wp-json\/wp\/v2\/types\/post"}],"author":[{"embeddable":true,"href":"https:\/\/www.europesays.com\/pl\/wp-json\/wp\/v2\/users\/2"}],"replies":[{"embeddable":true,"href":"https:\/\/www.europesays.com\/pl\/wp-json\/wp\/v2\/comments?post=193805"}],"version-history":[{"count":0,"href":"https:\/\/www.europesays.com\/pl\/wp-json\/wp\/v2\/posts\/193805\/revisions"}],"wp:featuredmedia":[{"embeddable":true,"href":"https:\/\/www.europesays.com\/pl\/wp-json\/wp\/v2\/media\/193806"}],"wp:attachment":[{"href":"https:\/\/www.europesays.com\/pl\/wp-json\/wp\/v2\/media?parent=193805"}],"wp:term":[{"taxonomy":"category","embeddable":true,"href":"https:\/\/www.europesays.com\/pl\/wp-json\/wp\/v2\/categories?post=193805"},{"taxonomy":"post_tag","embeddable":true,"href":"https:\/\/www.europesays.com\/pl\/wp-json\/wp\/v2\/tags?post=193805"}],"curies":[{"name":"wp","href":"https:\/\/api.w.org\/{rel}","templated":true}]}}