{"id":193807,"date":"2026-01-08T12:59:07","date_gmt":"2026-01-08T12:59:07","guid":{"rendered":"https:\/\/www.europesays.com\/pl\/193807\/"},"modified":"2026-01-08T12:59:07","modified_gmt":"2026-01-08T12:59:07","slug":"daniel-olbrychski-uderza-w-karola-nawrockiego-to-jest-grzech-smiertelny","status":"publish","type":"post","link":"https:\/\/www.europesays.com\/pl\/193807\/","title":{"rendered":"Daniel Olbrychski uderza w Karola Nawrockiego. &#8222;To jest grzech \u015bmiertelny&#8221;"},"content":{"rendered":"<p class=\"ods-c-paragraph \">Daniel Olbrychski by\u0142 go\u015bciem \u015brodowego wydania programu &#8222;Pytanie dnia&#8221; w TVP Info. W rozmowie z Dorot\u0105 Wysock\u0105-Schnepf aktor otwarcie m\u00f3wi\u0142 o swoim niepokoju zwi\u0105zanym z rosn\u0105cym poparciem dla skrajnie prawicowych ugrupowa\u0144. Zapytany, czy obawia si\u0119 przej\u0119cia w\u0142adzy przez \u015brodowiska faszystowskie, przyzna\u0142, \u017ce taki scenariusz budzi w nim powa\u017cne obawy.<\/p>\n<blockquote class=\"ods-o-quota\">\n<p class=\"ods-o-quota__paragraph\">Ja nie lubi\u0119 u\u017cywa\u0107 s\u0142\u00f3w &#8222;przera\u017caj\u0105cy&#8221;, bo mnie ma\u0142o rzeczy przera\u017ca, ale to jest bardzo przygn\u0119biaj\u0105ce, zdumiewaj\u0105ce i wymagaj\u0105ce czujno\u015bci i bezwzgl\u0119dnej walki z tym, jak si\u0119 da<\/p>\n<\/blockquote>\n<p class=\"ods-c-paragraph \">\u2014 zaznaczy\u0142. <\/p>\n<p class=\"ods-c-paragraph \">Olbrychski odni\u00f3s\u0142 si\u0119 tak\u017ce do postawy Moniki Braun, siostry Grzegorza Brauna. Podkre\u015bli\u0142, \u017ce z du\u017cym szacunkiem obserwuje jej jednoznaczne i publiczne odci\u0119cie si\u0119 od dzia\u0142a\u0144 brata, kt\u00f3re okre\u015bli\u0142 jako &#8222;karygodne&#8221; i &#8222;obrzydliwe&#8221;.<\/p>\n<blockquote class=\"ods-o-quota\">\n<p class=\"ods-o-quota__paragraph\">Podziwiam pani\u0105 Monik\u0119, \u017ce w spos\u00f3b tak dramatyczny dla niej samej jednak odcina si\u0119 kategorycznie od wyczyn\u00f3w karygodnych, obrzydliwych swojego brata. A cieszy si\u0119 z tego powodu tylko Moskwa, jak zwykle <\/p>\n<\/blockquote>\n<p class=\"ods-c-paragraph \">\u2014 stwierdzi\u0142. <\/p>\n<p>Dalszy ci\u0105g artyku\u0142u pod materia\u0142em wideo<\/p>\n<p> Co Daniel Olbrychski my\u015bli o skrajnej prawicy? <\/p>\n<p> Jakie s\u0142owa pad\u0142y pod adresem prezydenta Karola Nawrockiego? <\/p>\n<p> Czego dotyczy\u0142 apel Daniela Olbrychskiego do Polak\u00f3w? <\/p>\n<p> Jak Olbrychski oceni\u0142 postaw\u0119 Moniki Braun? <\/p>\n<p>  Mocne s\u0142owa Daniela Olbrychskiego w TVP Info. Pad\u0142 apel do Polak\u00f3w<\/p>\n<p class=\"ods-c-paragraph \">W ko\u0144cowej cz\u0119\u015bci programu <a href=\"https:\/\/plejada.pl\/temat\/daniel-olbrychski-aktor\/jfw2f7r\" id=\"ed5f20fd-f606-4395-bbc8-d534cfd7448d\" rel=\"nofollow noopener\" target=\"_blank\">Daniel Olbrychski<\/a> zwr\u00f3ci\u0142 si\u0119 bezpo\u015brednio do widz\u00f3w, formu\u0142uj\u0105c przy tym ostr\u0105 krytyk\u0119 pod adresem Karola Nawrockiego. 80-latek zarzuci\u0142 prezydentowi, \u017ce jego dzia\u0142ania nie s\u0142u\u017c\u0105 interesowi pa\u0144stwa i pog\u0142\u0119biaj\u0105 polityczne napi\u0119cia.<\/p>\n<p class=\"ods-c-paragraph \">\u2014 Pr\u00f3bujemy apelowa\u0107 \u2014 my, arty\u015bci, ludzie tacy jak pani \u2014 zwraca\u0107 si\u0119 do spo\u0142ecze\u0144stwa: opanujcie si\u0119, zastan\u00f3wcie si\u0119, na kogo i w jakiej sprawie g\u0142osujecie. Przecie\u017c to jest wszystko przeciwko naszej ukochanej ojczy\u017anie \u2014 wezwa\u0142. <\/p>\n<blockquote class=\"ods-o-quota\">\n<p class=\"ods-o-quota__paragraph\">Je\u017celi prezydent, wybrany naprawd\u0119 niewielkim procentem g\u0142os\u00f3w, robi wszystko, \u017ceby przeszkadza\u0107 rz\u0105dowi w niemal ka\u017cdej wa\u017cnej dla Polski sprawie, to nie my\u015bli o dobru w\u0142asnej ojczyzny, do czego zosta\u0142 powo\u0142any i na co przysi\u0119ga\u0142. My\u015bli tylko o tym, \u017ceby w Polsce by\u0142o jak najgorzej i \u017ceby odsun\u0105\u0107 obecn\u0105 w\u0142adz\u0119. To jest grzech \u015bmiertelny cz\u0142owieka na tym stanowisku<\/p>\n<\/blockquote>\n<p class=\"ods-c-paragraph \">\u2014 doda\u0142. <\/p>\n<p class=\"ods-c-paragraph \">Dzi\u0119kujemy, \u017ce przeczyta\u0142a\u015b\/e\u015b nasz artyku\u0142 do ko\u0144ca. W serwisie Plejada.pl ka\u017cdego dnia piszemy o najwa\u017cniejszych wydarzeniach show-biznesowych. B\u0105d\u017a na bie\u017c\u0105co! <a rel=\"nofollow noopener\" href=\"https:\/\/profile.google.com\/cp\/Cg0vZy8xMWJ6X19wdHBx\" id=\"969ffd50-7fc9-4cb5-a529-7efdb0e66a60\" target=\"_blank\">Obserwuj<\/a> Plejad\u0119 w Wiadomo\u015bciach Google. Odwied\u017a nas tak\u017ce na <a rel=\"nofollow noopener\" href=\"https:\/\/www.facebook.com\/plejadapl\" id=\"891616ab-bbf3-4fc4-bd94-9ed73d9f3501\" target=\"_blank\">Facebooku<\/a>, <a rel=\"nofollow noopener\" href=\"https:\/\/www.instagram.com\/plejadapl\/\" id=\"688d8f20-d3d8-4e68-b976-1257fc42a9fe\" target=\"_blank\">Instagramie<\/a>, <a rel=\"nofollow noopener\" href=\"https:\/\/www.youtube.com\/c\/plejada\" id=\"4d99f00c-0622-4ecd-b770-3e321afdad9a\" target=\"_blank\">YouTube<\/a> oraz <a rel=\"nofollow noopener\" href=\"https:\/\/www.tiktok.com\/@plejada_pl\" id=\"20b8acad-1934-4c02-a105-5b6a478c7b82\" target=\"_blank\">TikToku<\/a>.<\/p>\n<p class=\"ods-c-paragraph \">Chcesz podzieli\u0107 si\u0119 ciekawym newsem lub zaproponowa\u0107 temat? Skontaktuj si\u0119 z nami, pisz\u0105c e-maila na adres: <a rel=\"nofollow noopener\" href=\"https:\/\/plejada.pl\/newsy\/daniel-olbrychski-uderza-w-karola-nawrockiego-to-jest-grzech-smiertelny\/mailto:plejada@redakcjaonet.pl\" id=\"aa45673f-05d5-43c1-b18f-7f03fd5d5497\" target=\"_blank\">plejada@redakcjaonet.pl<\/a>.<\/p>\n<p><script async src=\"\/\/www.instagram.com\/embed.js\"><\/script><script async src=\"\/\/www.tiktok.com\/embed.js\"><\/script><\/p>\n","protected":false},"excerpt":{"rendered":"Daniel Olbrychski by\u0142 go\u015bciem \u015brodowego wydania programu &#8222;Pytanie dnia&#8221; w TVP Info. W rozmowie z Dorot\u0105 Wysock\u0105-Schnepf aktor&hellip;\n","protected":false},"author":2,"featured_media":193808,"comment_status":"","ping_status":"","sticky":false,"template":"","format":"standard","meta":{"footnotes":""},"categories":[22],"tags":[4691,4374,122,1008,43,48,125,46,42,38,40,39,41,123,47],"class_list":{"0":"post-193807","1":"post","2":"type-post","3":"status-publish","4":"format-standard","5":"has-post-thumbnail","7":"category-rozrywka","8":"tag-daniel_olbrychski","9":"tag-dorota_wysocka_schnepf","10":"tag-entertainment","11":"tag-grzegorz_braun","12":"tag-karol_nawrocki","13":"tag-nat_styl","14":"tag-newsy","15":"tag-omp","16":"tag-pl","17":"tag-poland","18":"tag-polish","19":"tag-polska","20":"tag-polski","21":"tag-rozrywka","22":"tag-screening_general"},"share_on_mastodon":{"url":"https:\/\/pubeurope.com\/@pl\/115859604283735044","error":""},"_links":{"self":[{"href":"https:\/\/www.europesays.com\/pl\/wp-json\/wp\/v2\/posts\/193807","targetHints":{"allow":["GET"]}}],"collection":[{"href":"https:\/\/www.europesays.com\/pl\/wp-json\/wp\/v2\/posts"}],"about":[{"href":"https:\/\/www.europesays.com\/pl\/wp-json\/wp\/v2\/types\/post"}],"author":[{"embeddable":true,"href":"https:\/\/www.europesays.com\/pl\/wp-json\/wp\/v2\/users\/2"}],"replies":[{"embeddable":true,"href":"https:\/\/www.europesays.com\/pl\/wp-json\/wp\/v2\/comments?post=193807"}],"version-history":[{"count":0,"href":"https:\/\/www.europesays.com\/pl\/wp-json\/wp\/v2\/posts\/193807\/revisions"}],"wp:featuredmedia":[{"embeddable":true,"href":"https:\/\/www.europesays.com\/pl\/wp-json\/wp\/v2\/media\/193808"}],"wp:attachment":[{"href":"https:\/\/www.europesays.com\/pl\/wp-json\/wp\/v2\/media?parent=193807"}],"wp:term":[{"taxonomy":"category","embeddable":true,"href":"https:\/\/www.europesays.com\/pl\/wp-json\/wp\/v2\/categories?post=193807"},{"taxonomy":"post_tag","embeddable":true,"href":"https:\/\/www.europesays.com\/pl\/wp-json\/wp\/v2\/tags?post=193807"}],"curies":[{"name":"wp","href":"https:\/\/api.w.org\/{rel}","templated":true}]}}