{"id":193878,"date":"2026-01-08T13:41:11","date_gmt":"2026-01-08T13:41:11","guid":{"rendered":"https:\/\/www.europesays.com\/pl\/193878\/"},"modified":"2026-01-08T13:41:11","modified_gmt":"2026-01-08T13:41:11","slug":"transplciowa-corka-muska-zostala-modelka-z-ojcem-nie-szuka-kontaktu","status":"publish","type":"post","link":"https:\/\/www.europesays.com\/pl\/193878\/","title":{"rendered":"Transp\u0142ciowa c\u00f3rka Muska zosta\u0142a modelk\u0105. Z ojcem nie szuka kontaktu"},"content":{"rendered":"<p>Wygl\u0105da na to, \u017ce Vivian Wilson wyrasta na kolejn\u0105 gwiazd\u0119 medi\u00f3w. Jeszcze niedawno portale rozpisywa\u0142y si\u0119 o\u00a0jej tyradach pod adresem Elona Muska, prywatnie jej ojca, z\u00a0kt\u00f3rym nie ma i\u00a0nie chce mie\u0107 kontaktu. Jak sama wspomina\u0142a, odcina si\u0119 od niego zar\u00f3wno wizerunkowo, jak i\u00a0finansowo.<\/p>\n<p>Nie jest tajemnic\u0105, \u017ce ojciec-miliarder i\u00a0jego transp\u0142ciowa c\u00f3rka nie szukaj\u0105 kontaktu i\u00a0nic nie wskazuje, \u017ceby wkr\u00f3tce mia\u0142o si\u0119 to zmieni\u0107. Tymczasem Vivian wytrwale pracuje na w\u0142asne nazwisko i\u00a0to bez wsparcia maj\u0119tnego biznesmena. Tym razem do wsp\u00f3\u0142pracy zaprosi\u0142a j\u0105 sama Rihanna, a\u00a0to ju\u017c przecie\u017c co\u015b znaczy.<\/p>\n<p>Elon Musk chce podbi\u0107 Marsa. Kogo nasi politycy wys\u0142aliby tam? <\/p>\n<p>Vivian jest jedn\u0105 z\u00a0modelek, kt\u00f3re zaprezentowa\u0142y si\u0119 w\u00a0walentynkowej kampanii Savage x\u00a0Fenty. Na jednym uj\u0119\u0107, do kt\u00f3rego pozowa\u0142y r\u00f3wnie\u017c Lovie Simone oraz Emma Arletta, Wilson pokaza\u0142a si\u0119 w\u00a0bieli\u017anie z\u00a0najnowszej kolekcji gwiazdy i\u00a0czerwonych rajstopach.<\/p>\n<p>Walentynki to czas na celebrowanie mi\u0142o\u015bci we wszystkich z jej form. W Savage x Fenty stoimy murem za ka\u017cd\u0105 mi\u0142o\u015bci\u0105 i tworzymy produkty, kt\u00f3re pomagaj\u0105 poczu\u0107 si\u0119 pewnie we w\u0142asnej sk\u00f3rze<\/p>\n<p>\u00a0&#8211; przekaza\u0142a Rihanna w sprawie kampanii, cytowana przez WWD.<\/p>\n<p>Przypomnijmy, \u017ce Vivian wcze\u015bniej pozowa\u0142a ju\u017c na ok\u0142adce &#8222;Teen Vogue&#8221;, wi\u0119c ma w\u00a0tej dziedzinie coraz wi\u0119ksze do\u015bwiadczenie. W\u00a0tym czasie Elon wsp\u00f3\u0142pracowa\u0142 z\u00a0administracj\u0105 <a href=\"https:\/\/www.pudelek.pl\/tag\/donald+trump\/\" rel=\"noopener noreferrer nofollow\" target=\"_blank\">Donalda Trumpa<\/a>, kt\u00f3ra m.in. wielokrotnie marginalizowa\u0142a osoby transp\u0142ciowe. Miliarder konsekwentnie nie akceptuje c\u00f3rki i\u00a0na ka\u017cdym kroku pokazuje, \u017ce \u017cyciowo i\u00a0\u015bwiatopogl\u0105dowo s\u0105 sobie zupe\u0142nie obcy.<\/p>\n","protected":false},"excerpt":{"rendered":"Wygl\u0105da na to, \u017ce Vivian Wilson wyrasta na kolejn\u0105 gwiazd\u0119 medi\u00f3w. Jeszcze niedawno portale rozpisywa\u0142y si\u0119 o\u00a0jej tyradach&hellip;\n","protected":false},"author":2,"featured_media":193879,"comment_status":"","ping_status":"","sticky":false,"template":"","format":"standard","meta":{"footnotes":""},"categories":[22],"tags":[122,42,38,40,39,41,123],"class_list":{"0":"post-193878","1":"post","2":"type-post","3":"status-publish","4":"format-standard","5":"has-post-thumbnail","7":"category-rozrywka","8":"tag-entertainment","9":"tag-pl","10":"tag-poland","11":"tag-polish","12":"tag-polska","13":"tag-polski","14":"tag-rozrywka"},"share_on_mastodon":{"url":"https:\/\/pubeurope.com\/@pl\/115859769428910977","error":""},"_links":{"self":[{"href":"https:\/\/www.europesays.com\/pl\/wp-json\/wp\/v2\/posts\/193878","targetHints":{"allow":["GET"]}}],"collection":[{"href":"https:\/\/www.europesays.com\/pl\/wp-json\/wp\/v2\/posts"}],"about":[{"href":"https:\/\/www.europesays.com\/pl\/wp-json\/wp\/v2\/types\/post"}],"author":[{"embeddable":true,"href":"https:\/\/www.europesays.com\/pl\/wp-json\/wp\/v2\/users\/2"}],"replies":[{"embeddable":true,"href":"https:\/\/www.europesays.com\/pl\/wp-json\/wp\/v2\/comments?post=193878"}],"version-history":[{"count":0,"href":"https:\/\/www.europesays.com\/pl\/wp-json\/wp\/v2\/posts\/193878\/revisions"}],"wp:featuredmedia":[{"embeddable":true,"href":"https:\/\/www.europesays.com\/pl\/wp-json\/wp\/v2\/media\/193879"}],"wp:attachment":[{"href":"https:\/\/www.europesays.com\/pl\/wp-json\/wp\/v2\/media?parent=193878"}],"wp:term":[{"taxonomy":"category","embeddable":true,"href":"https:\/\/www.europesays.com\/pl\/wp-json\/wp\/v2\/categories?post=193878"},{"taxonomy":"post_tag","embeddable":true,"href":"https:\/\/www.europesays.com\/pl\/wp-json\/wp\/v2\/tags?post=193878"}],"curies":[{"name":"wp","href":"https:\/\/api.w.org\/{rel}","templated":true}]}}