{"id":193939,"date":"2026-01-08T14:16:10","date_gmt":"2026-01-08T14:16:10","guid":{"rendered":"https:\/\/www.europesays.com\/pl\/193939\/"},"modified":"2026-01-08T14:16:10","modified_gmt":"2026-01-08T14:16:10","slug":"malgorzata-foremniak-zatrzymala-czas-jej-sekretem-jest-ocet","status":"publish","type":"post","link":"https:\/\/www.europesays.com\/pl\/193939\/","title":{"rendered":"Ma\u0142gorzata Foremniak zatrzyma\u0142a czas! Jej sekretem jest&#8230; ocet"},"content":{"rendered":"<p>Ma\u0142gorzata Foremniak urodzi\u0142a si\u0119 8\u00a0stycznia 1967 roku. Jako aktorka zadebiutowa\u0142a w\u00a0Teatrze im. Jana Kochanowskiego w\u00a0Radomiu, a\u00a0nast\u0119pnie zacz\u0119\u0142a gra\u0107 w\u00a0Teatrze Kwadrat w\u00a0Warszawie. W\u00a0mi\u0119dzyczasie trafi\u0142a na ekran, a\u00a0telewidzowie pokochali j\u0105 za rol\u0119 Zofii Burskiej w &#8222;<a href=\"https:\/\/jastrzabpost.pl\/na-dobre-i-na-zle,temat,6008953673766017\" rel=\"noopener noreferrer nofollow\" target=\"_blank\">Na dobre i\u00a0na z\u0142e<\/a>&#8222;. Przez wszystkie lata kariery zachwyca\u0142a urod\u0105, a\u00a0mimo up\u0142ywu lat wci\u0105\u017c zaliczana jest w\u00a0gronie najpi\u0119kniejszych polskich aktorek.<\/p>\n<p><a href=\"https:\/\/jastrzabpost.pl\/malgorzata-foremniak-zdradzila-sekret-mlodego-wygladu-chodzi-o-jeden-produkt,6997394575809440a\" rel=\"noopener noreferrer nofollow\" target=\"_blank\">Ma\u0142gorzata Foremniak czasem pytana jest w\u00a0wywiadach<\/a> o\u00a0sekret swojej urody. W\u00a0wywiadzie dla &#8222;InStyle&#8221; zdradzi\u0142a, \u017ce stosuje ocet jab\u0142kowy, kt\u00f3ry nie tylko pije z\u00a0wod\u0105 i\u00a0miodem, ale te\u017c wciera w\u00a0sk\u00f3r\u0119. Kiedy indziej wskaza\u0142a, \u017ce zwraca szczeg\u00f3ln\u0105 uwag\u0119 na to, co je, bo \u2013\u00a0jak twierdzi \u2013\u00a0&#8222;w\u0142a\u015bciwa dieta to podstawa&#8221;, bo &#8222;od jedzenia zale\u017cy jako\u015b\u0107 naszej sk\u00f3ry i\u00a0nasz wygl\u0105d&#8221;.<\/p>\n<p>Aktorka pozostaje te\u017c aktywna fizycznie, o\u00a0czym kiedy\u015b opowiedzia\u0142a w\u00a0rozmowie z\u00a0redakcj\u0105 czasopisma &#8222;Show&#8221;. Wyliczy\u0142a:<\/p>\n<p>Ma\u0142gorzata Foremniak lata temu zapewni\u0142a w\u00a0jednym z\u00a0wywiad\u00f3w, \u017ce stara si\u0119 du\u017co \u015bmia\u0107, co tak\u017ce pomaga jej w\u00a0zachowaniu m\u0142odzie\u0144czej energii i\u00a0dobrego wygl\u0105du. Odnios\u0142a si\u0119 te\u017c do kwestii poprawiania urody medycyn\u0105 estetyczn\u0105, m\u00f3wi\u0105c:<\/p>\n","protected":false},"excerpt":{"rendered":"Ma\u0142gorzata Foremniak urodzi\u0142a si\u0119 8\u00a0stycznia 1967 roku. Jako aktorka zadebiutowa\u0142a w\u00a0Teatrze im. Jana Kochanowskiego w\u00a0Radomiu, a\u00a0nast\u0119pnie zacz\u0119\u0142a gra\u0107&hellip;\n","protected":false},"author":2,"featured_media":193940,"comment_status":"","ping_status":"","sticky":false,"template":"","format":"standard","meta":{"footnotes":""},"categories":[22],"tags":[122,42,38,40,39,41,123],"class_list":{"0":"post-193939","1":"post","2":"type-post","3":"status-publish","4":"format-standard","5":"has-post-thumbnail","7":"category-rozrywka","8":"tag-entertainment","9":"tag-pl","10":"tag-poland","11":"tag-polish","12":"tag-polska","13":"tag-polski","14":"tag-rozrywka"},"share_on_mastodon":{"url":"https:\/\/pubeurope.com\/@pl\/115859907353710621","error":""},"_links":{"self":[{"href":"https:\/\/www.europesays.com\/pl\/wp-json\/wp\/v2\/posts\/193939","targetHints":{"allow":["GET"]}}],"collection":[{"href":"https:\/\/www.europesays.com\/pl\/wp-json\/wp\/v2\/posts"}],"about":[{"href":"https:\/\/www.europesays.com\/pl\/wp-json\/wp\/v2\/types\/post"}],"author":[{"embeddable":true,"href":"https:\/\/www.europesays.com\/pl\/wp-json\/wp\/v2\/users\/2"}],"replies":[{"embeddable":true,"href":"https:\/\/www.europesays.com\/pl\/wp-json\/wp\/v2\/comments?post=193939"}],"version-history":[{"count":0,"href":"https:\/\/www.europesays.com\/pl\/wp-json\/wp\/v2\/posts\/193939\/revisions"}],"wp:featuredmedia":[{"embeddable":true,"href":"https:\/\/www.europesays.com\/pl\/wp-json\/wp\/v2\/media\/193940"}],"wp:attachment":[{"href":"https:\/\/www.europesays.com\/pl\/wp-json\/wp\/v2\/media?parent=193939"}],"wp:term":[{"taxonomy":"category","embeddable":true,"href":"https:\/\/www.europesays.com\/pl\/wp-json\/wp\/v2\/categories?post=193939"},{"taxonomy":"post_tag","embeddable":true,"href":"https:\/\/www.europesays.com\/pl\/wp-json\/wp\/v2\/tags?post=193939"}],"curies":[{"name":"wp","href":"https:\/\/api.w.org\/{rel}","templated":true}]}}