{"id":194010,"date":"2026-01-08T14:55:11","date_gmt":"2026-01-08T14:55:11","guid":{"rendered":"https:\/\/www.europesays.com\/pl\/194010\/"},"modified":"2026-01-08T14:55:11","modified_gmt":"2026-01-08T14:55:11","slug":"nawrocki-szykuje-sie-na-szusowanie-z-duda-nikt-nie-potrafi-okreslic","status":"publish","type":"post","link":"https:\/\/www.europesays.com\/pl\/194010\/","title":{"rendered":"Nawrocki &#8222;szykuje si\u0119&#8221; na szusowanie z Dud\u0105? &#8222;Nikt nie potrafi okre\u015bli\u0107&#8221;"},"content":{"rendered":"<p class=\"ods-c-paragraph \">Karol Nawrocki obj\u0105\u0142 patronatem charytatywne zawody narciarskie organizowane przez <a href=\"https:\/\/wiadomosci.onet.pl\/kraj\/dworek-daniela-obajtka-w-borkowie-fundacja-handicap-dostala-pieniadze-od-orlenu\/kvtpf2x\" id=\"40b83cda-ebfc-4c66-bc53-605ae87fb7cd\" rel=\"nofollow noopener\" target=\"_blank\">fundacj\u0119 Handicap<\/a> oraz zawody Pucharu \u015awiata w skokach narciarskich. Oba wydarzenia odb\u0119d\u0105 si\u0119 w ten weekend w Zakopanem. Nawrocki b\u0119dzie mia\u0142 okazj\u0119 do poszusowania na nartach z by\u0142ym prezydentem Andrzejem Dud\u0105.<\/p>\n<p>Dalszy ci\u0105g artyku\u0142u pod materia\u0142em wideo<\/p>\n<p> Kiedy odb\u0119d\u0105 si\u0119 zawody charytatywne w Zakopanem? <\/p>\n<p> Jakie wydarzenie ma obj\u0105\u0107 patronatem Karol Nawrocki? <\/p>\n<p> Czy Andrzej Duda we\u017amie udzia\u0142 w zawodach charytatywnych? <\/p>\n<p> Jakie trasy narciarskie b\u0119d\u0105 dost\u0119pne w Zakopanem? <\/p>\n<p>  Karol Nawrocki zaproszony na narty z Andrzejem Dud\u0105.<\/p>\n<p class=\"ods-c-paragraph \">Przez 10 lat prezydentury Duda, zapalony narciarz, bra\u0142 regularny udzia\u0142 w zawodach organizowanych przez Handicap. Mimo ust\u0105pienia z urz\u0119du Duda zosta\u0142 zaproszony do udzia\u0142u tak\u017ce w tegorocznej edycji \u2014 informuje &#8222;Gazeta Wyborcza&#8221;.<\/p>\n<p class=\"ods-c-paragraph \">&#8222;Powiedziano nam, \u017ce Karol Nawrocki szykuje si\u0119 na narty z Andrzejem Dud\u0105. Tylko nikt nie potrafi okre\u015bli\u0107, jaki jest stopie\u0144 zaawansowania obecnego prezydenta w szusowaniu. Cho\u0107 wiadomo, \u017ce kondycj\u0119 ma dosy\u0107 dobr\u0105&#8221; \u2014 przekaza\u0142a dziennikowi obs\u0142uga stacji narciarskiej Polana Szymoszkowa w Zakopanem, gdzie zostan\u0105 rozegrane zawody.<\/p>\n<p class=\"ods-c-paragraph \">Kancelaria prezydenta na razie milczy w sprawie patronatu Nawrockiego nad zawodami w Zakopanem. Nie jest te\u017c jasne, jakie umiej\u0119tno\u015bci narciarskie ma Nawrocki, kt\u00f3ry jest wielkim fanem sportu. Obs\u0142uga stacji zaznacza, \u017ce ma do dyspozycji tak\u017ce \u0142agodne trasy, na kt\u00f3rych radz\u0105 sobie nawet pocz\u0105tkuj\u0105cy.<\/p>\n","protected":false},"excerpt":{"rendered":"Karol Nawrocki obj\u0105\u0142 patronatem charytatywne zawody narciarskie organizowane przez fundacj\u0119 Handicap oraz zawody Pucharu \u015awiata w skokach narciarskich.&hellip;\n","protected":false},"author":2,"featured_media":194011,"comment_status":"","ping_status":"","sticky":false,"template":"","format":"standard","meta":{"footnotes":""},"categories":[12],"tags":[2159,32,33,36,37,27,43,49,34,35,28,31,48,25,46,42,38,40,6571,39,41,47,29,30,26],"class_list":{"0":"post-194010","1":"post","2":"type-post","3":"status-publish","4":"format-standard","5":"has-post-thumbnail","7":"category-polska","8":"tag-andrzej_duda","9":"tag-breaking-news","10":"tag-breakingnews","11":"tag-featured-news","12":"tag-featurednews","13":"tag-headlines","14":"tag-karol_nawrocki","15":"tag-kraj","16":"tag-latest-news","17":"tag-latestnews","18":"tag-naglowki","19":"tag-najwazniejsze-artykuly","20":"tag-nat_styl","21":"tag-news","22":"tag-omp","23":"tag-pl","24":"tag-poland","25":"tag-polish","26":"tag-polityka_politycy","27":"tag-polska","28":"tag-polski","29":"tag-screening_general","30":"tag-top-stories","31":"tag-topstories","32":"tag-wiadomosci"},"share_on_mastodon":{"url":"https:\/\/pubeurope.com\/@pl\/115860060497028723","error":""},"_links":{"self":[{"href":"https:\/\/www.europesays.com\/pl\/wp-json\/wp\/v2\/posts\/194010","targetHints":{"allow":["GET"]}}],"collection":[{"href":"https:\/\/www.europesays.com\/pl\/wp-json\/wp\/v2\/posts"}],"about":[{"href":"https:\/\/www.europesays.com\/pl\/wp-json\/wp\/v2\/types\/post"}],"author":[{"embeddable":true,"href":"https:\/\/www.europesays.com\/pl\/wp-json\/wp\/v2\/users\/2"}],"replies":[{"embeddable":true,"href":"https:\/\/www.europesays.com\/pl\/wp-json\/wp\/v2\/comments?post=194010"}],"version-history":[{"count":0,"href":"https:\/\/www.europesays.com\/pl\/wp-json\/wp\/v2\/posts\/194010\/revisions"}],"wp:featuredmedia":[{"embeddable":true,"href":"https:\/\/www.europesays.com\/pl\/wp-json\/wp\/v2\/media\/194011"}],"wp:attachment":[{"href":"https:\/\/www.europesays.com\/pl\/wp-json\/wp\/v2\/media?parent=194010"}],"wp:term":[{"taxonomy":"category","embeddable":true,"href":"https:\/\/www.europesays.com\/pl\/wp-json\/wp\/v2\/categories?post=194010"},{"taxonomy":"post_tag","embeddable":true,"href":"https:\/\/www.europesays.com\/pl\/wp-json\/wp\/v2\/tags?post=194010"}],"curies":[{"name":"wp","href":"https:\/\/api.w.org\/{rel}","templated":true}]}}