{"id":194095,"date":"2026-01-08T15:39:09","date_gmt":"2026-01-08T15:39:09","guid":{"rendered":"https:\/\/www.europesays.com\/pl\/194095\/"},"modified":"2026-01-08T15:39:09","modified_gmt":"2026-01-08T15:39:09","slug":"rekord-transferowy-radomiaka-kolejna-oferta-odrzucona","status":"publish","type":"post","link":"https:\/\/www.europesays.com\/pl\/194095\/","title":{"rendered":"Rekord transferowy Radomiaka? Kolejna oferta odrzucona"},"content":{"rendered":"<p>W\u00a0Radomiu zn\u00f3w zmagaj\u0105 si\u0119 z\u00a0przyjemnym problemem \u2014\u00a0odganiania si\u0119 od\u00a0ofert transferowych za\u00a0Capit\u0119. Jak wynika z\u00a0informacji Wesz\u0142o, Radomiak otrzyma\u0142 kolejne propozycje za\u00a0reprezentanta Angoli, ale\u00a0wci\u0105\u017c pozostaje niewzruszony.<\/p>\n<p>Grecki dziennikarz George Tsarouchas poinformowa\u0142 o\u00a0zaawansowanych rozmowach Samsunsporu z\u00a0Radomiakiem w\u00a0sprawie transferu Capity. To\u00a0jednak nie\u00a0do\u00a0ko\u0144ca prawdziwe informacje, bo\u00a0rozmowy zaawansowane nie\u00a0s\u0105. Jak wynika z\u00a0ustale\u0144 Wesz\u0142o, Turcy po\u00a0prostu z\u0142o\u017cyli ofert\u0119, kt\u00f3ra\u00a0zosta\u0142a odrzucona. W\u00a0Radomiu nie\u00a0zamierzaj\u0105 prowadzi\u0107 negocjacji, dop\u00f3ki proponowana kwota nie\u00a0si\u0119gnie ich oczekiwa\u0144.<\/p>\n<p style=\"text-align: center;\"><a href=\"https:\/\/weszlo.com\/luquinhas-znow-zagra-w-ekstraklasie-znamy-jego-nowy-klub\/\" rel=\"nofollow noopener\" target=\"_blank\">Luquinhas blisko transferu do\u00a0Radomiaka! Oto szczeg\u00f3\u0142y<\/a><\/p>\n<p>Transfery. Radomiak odrzuca kolejne oferty za\u00a0Capit\u0119<\/p>\n<p>Oczekiwania Radomiaka s\u0105\u00a0natomiast niezmienne.\u00a0Cena, od\u00a0kt\u00f3rej\u00a0w\u00a0Radomiu zaczynaj\u0105 rozmowy, to\u00a02,5 miliona euro. Ju\u017c latem z\u00a0klubu p\u0142yn\u0119\u0142y sygna\u0142y, \u017ce\u00a0dwa miliony euro to\u00a0absolutne minimum, \u017ceby\u00a0siada\u0107 do\u00a0sto\u0142u. Cena utrzymuje si\u0119 w\u00a0tych okolicach, nawet wzros\u0142a, po\u00a0kolejnych udanych wyst\u0119pach Angolczyka w\u00a0Ekstraklasie. W\u00a0minionej rundzie wed\u0142ug danych Hudl StatsBomb by\u0142 on:<\/p>\n<ul>\n<li>3. najlepszym skrzyd\u0142owym ligi pod\u00a0wzgl\u0119dem xG \u2013 0,32\/90 minut;<\/li>\n<li>6. najlepszym skrzyd\u0142owym ligi pod\u00a0wzgl\u0119dem udanych drybling\u00f3w \u2013 2,21\/90 minut;<\/li>\n<li>3. najlepszym skrzyd\u0142owym ligi pod\u00a0wzgl\u0119dem strza\u0142\u00f3w \u2013 3,41\/90 minut.<\/li>\n<\/ul>\n<p>Capita pojawia si\u0119 w\u00a0jeszcze kilku rubrykach, wi\u0119c\u00a0mo\u017cna by\u0142oby tak\u00a0wymienia\u0107 i\u00a0wymienia\u0107. Przede wszystkim ka\u017cdemu imponuje jego szybko\u015b\u0107, bo\u00a0pi\u0142karz Radomiaka regularnie \u0142amie barier\u0119 35 km\/h, jest te\u017c pod\u00a0tym wzgl\u0119dem bardzo powtarzalny. Tak\u00a0charakteryzowa\u0142 go\u00a0Dawid Musia\u0142, trener przygotowania fizycznego:<\/p>\n<p>\u2013 Capita to\u00a0miks wielu rzeczy. Predyspozycje genetyczne, czyli bardzo szybkie w\u0142\u00f3kna mi\u0119\u015bniowe, niska tkanka t\u0142uszczowa i\u00a0waga. Dlatego przy\u015bpieszenie jest u\u00a0niego b\u0142yskawiczne, po\u00a0pi\u0119tnastu, dwudziestu metrach jest ju\u017c w\u00a0sprincie. Po\u00a0trzydziestu, czterdziestu metrach \u0142amie 30 km\/h. Na\u00a0treningu w\u00a0trzydziestopi\u0119ciometrowym sprincie potrafi z\u00a0\u0142atwo\u015bci\u0105 przekroczy\u0107 33 km\/h. Ci\u0119\u017cko co\u015b takiego znale\u017a\u0107.<\/p>\n<p style=\"text-align: center;\"><a href=\"https:\/\/weszlo.com\/jak-biega-ekstraklasa-europa-top5-analiza-porownanie\/\" rel=\"nofollow noopener\" target=\"_blank\">Czy\u00a0w\u00a0Ekstraklasie b\u0119dziemy biega\u0107 jak w\u00a0Premier League?<\/a><\/p>\n<p>Wszystko to\u00a0sk\u0142ada si\u0119 na\u00a0mas\u0119 zapyta\u0144 i\u00a0nieoficjalnych rozm\u00f3w ze\u00a0strony r\u00f3\u017cnych klub\u00f3w. Capita wzbudza zainteresowanie w\u00a0MLS i\u00a0w\u00a0ligach TOP5. Je\u015bli natomiast chodzi o\u00a0ofert\u0119 Samsunsporu, to\u00a0wed\u0142ug informacji Wesz\u0142o wynosi ona 1,5 mln euro. Dla Radomiaka to\u00a0stanowczo poni\u017cej oczekiwa\u0144, wi\u0119c\u00a0na\u00a0ten moment odpowied\u017a jest prosta: wr\u00f3\u0107cie, je\u015bli oferta b\u0119dzie powa\u017cniejsza, bo\u00a0p\u00f3ki co\u00a0nie\u00a0mamy o\u00a0czym rozmawia\u0107.<\/p>\n<p>Warto podkre\u015bli\u0107, \u017ce\u00a0gdyby\u00a0taka oferta zosta\u0142a zaakceptowana, to\u00a0Capita zosta\u0142by najdro\u017cej sprzedanym przez\u00a0Radomiaka pi\u0142karzem w\u00a0historii klubu. To\u00a0jednak ju\u017c klubu z\u00a0Radomia nie\u00a0zadowala. Dzia\u0142acze zdaj\u0105 sobie spraw\u0119 z\u00a0potencja\u0142u i\u00a0mo\u017cliwo\u015bci Angolczyka, wi\u0119c\u00a0jego cena jest adekwatna to\u00a0umiej\u0119tno\u015bci.<\/p>\n<p>WI\u0118CEJ O\u00a0TRANSFERACH NA\u00a0WESZ\u0141O:<\/p>\n<p>SZYMON JANCZYK<\/p>\n<p>fot.\u00a0400mm.pl<\/p>\n","protected":false},"excerpt":{"rendered":"W\u00a0Radomiu zn\u00f3w zmagaj\u0105 si\u0119 z\u00a0przyjemnym problemem \u2014\u00a0odganiania si\u0119 od\u00a0ofert transferowych za\u00a0Capit\u0119. Jak wynika z\u00a0informacji Wesz\u0142o, Radomiak otrzyma\u0142 kolejne&hellip;\n","protected":false},"author":2,"featured_media":194096,"comment_status":"","ping_status":"","sticky":false,"template":"","format":"standard","meta":{"footnotes":"","_share_on_mastodon":"0"},"categories":[24],"tags":[28171,42,38,40,39,41,2167,127,126],"class_list":["post-194095","post","type-post","status-publish","format-standard","has-post-thumbnail","category-sport","tag-capita","tag-pl","tag-poland","tag-polish","tag-polska","tag-polski","tag-radomiak-radom","tag-sport","tag-sports"],"share_on_mastodon":{"url":"https:\/\/pubeurope.com\/@pl\/115860233586420931","error":""},"_links":{"self":[{"href":"https:\/\/www.europesays.com\/pl\/wp-json\/wp\/v2\/posts\/194095","targetHints":{"allow":["GET"]}}],"collection":[{"href":"https:\/\/www.europesays.com\/pl\/wp-json\/wp\/v2\/posts"}],"about":[{"href":"https:\/\/www.europesays.com\/pl\/wp-json\/wp\/v2\/types\/post"}],"author":[{"embeddable":true,"href":"https:\/\/www.europesays.com\/pl\/wp-json\/wp\/v2\/users\/2"}],"replies":[{"embeddable":true,"href":"https:\/\/www.europesays.com\/pl\/wp-json\/wp\/v2\/comments?post=194095"}],"version-history":[{"count":0,"href":"https:\/\/www.europesays.com\/pl\/wp-json\/wp\/v2\/posts\/194095\/revisions"}],"wp:featuredmedia":[{"embeddable":true,"href":"https:\/\/www.europesays.com\/pl\/wp-json\/wp\/v2\/media\/194096"}],"wp:attachment":[{"href":"https:\/\/www.europesays.com\/pl\/wp-json\/wp\/v2\/media?parent=194095"}],"wp:term":[{"taxonomy":"category","embeddable":true,"href":"https:\/\/www.europesays.com\/pl\/wp-json\/wp\/v2\/categories?post=194095"},{"taxonomy":"post_tag","embeddable":true,"href":"https:\/\/www.europesays.com\/pl\/wp-json\/wp\/v2\/tags?post=194095"}],"curies":[{"name":"wp","href":"https:\/\/api.w.org\/{rel}","templated":true}]}}