{"id":194107,"date":"2026-01-08T15:45:13","date_gmt":"2026-01-08T15:45:13","guid":{"rendered":"https:\/\/www.europesays.com\/pl\/194107\/"},"modified":"2026-01-08T15:45:13","modified_gmt":"2026-01-08T15:45:13","slug":"pieklo-jest-puste-remigiusza-mroza-trafi-na-ekran-jako-serial","status":"publish","type":"post","link":"https:\/\/www.europesays.com\/pl\/194107\/","title":{"rendered":"&#8222;Piek\u0142o jest puste&#8221; Remigiusza Mroza trafi na ekran jako serial"},"content":{"rendered":"<p>Kolejna ksi\u0105\u017cka\u00a0<a class=\"internal\" href=\"https:\/\/www.filmweb.pl\/person\/Remigiusz+Mr%C3%B3z-2630558\" title=\"Remigiusza Mroza\" rel=\"nofollow noopener\" target=\"_blank\">Remigiusza Mroza<\/a>\u00a0zostanie zaadaptowana na potrzeby ma\u0142ego ekranu. Realizacj\u0105 serialu &#8222;Piek\u0142o jest puste&#8221; zajmuje si\u0119 ATM Grupa. Powie\u015b\u0107 otwiera cykl &#8222;Raport&#8221;, czyli seri\u0119 thriller\u00f3w osadzonych w \u015bwiecie dziennikarstwa \u015bledczego. Obecnie projekt rozwijany jest jako sze\u015bcioodcinkowy serial sensacyjny.\u00a0 &#8222;Piek\u0142o jest puste&#8221; \u2013 fabu\u0142a<\/p>\n<p>&#8222;Piek\u0142o jest puste&#8221; to thriller, kt\u00f3rego osi\u0105 jest dziennikarskie \u015bledztwo dotycz\u0105ce g\u0142o\u015bnego zagini\u0119cia m\u0142odej dziewczyny. Akcja rozgrywa si\u0119 wsp\u00f3\u0142cze\u015bnie, ale prowadzi wstecz do wydarze\u0144 z 2015 roku, kt\u00f3re nigdy nie zosta\u0142y wyja\u015bnione. W miar\u0119 odkrywania nowych fakt\u00f3w na jaw wychodz\u0105 mroczne powi\u0105zania, uk\u0142ady i tajemnice, a pr\u00f3ba dotarcia do prawdy szybko okazuje si\u0119 \u015bmiertelnie niebezpieczna.\u00a0 <\/p>\n<p>To opowie\u015b\u0107 o \u015bwiecie medi\u00f3w, w kt\u00f3rym informacja bywa broni\u0105, a prawda ma swoj\u0105 wysok\u0105 cen\u0119.\u00a0 <\/p>\n<p><a class=\"markupPhoto\" href=\"https:\/\/fwcdn.pl\/nph\/1032473\/2026\/69207.7.jpg\" data-lightbox=\"true\" data-li=\"\" rel=\"lightbox[photos] nofollow noopener\" data-photo=\"https:\/\/www.europesays.com\/pl\/wp-content\/uploads\/2026\/01\/69207.6.jpg\" target=\"photo-69207\" data-id=\"69207\" data-index=\"69207\"> <img decoding=\"async\" src=\"https:\/\/www.europesays.com\/pl\/wp-content\/uploads\/2026\/01\/69207.6.jpg\" alt=\"mroz_atm6.jpeg\" class=\"MarkupPhotoHTML-6\" loading=\"lazy\" data-light-box=\"{ &quot;group&quot;: true, &quot;photo&quot;: { &quot;id&quot;: &quot;69207&quot;, &quot;src&quot;: &quot;https:\/\/fwcdn.pl\/nph\/1032473\/2026\/69207.7.jpg&quot;, &quot;thumb&quot;: &quot;https:\/\/fwcdn.pl\/nph\/1032473\/2026\/69207.2.jpg&quot; } }\"\/> <\/a><br \/>Rozwojem projektu zajmuje si\u0119 ju\u017c\u00a0<a class=\"internal\" href=\"https:\/\/www.filmweb.pl\/person\/Anna+Nagler-874016\" title=\"Anna Nagler\" rel=\"nofollow noopener\" target=\"_blank\">Anna Nagler<\/a>, producentka kreatywna, zwi\u0105zana dot\u0105d m.in. z HBO i Netflix, odpowiedzialna m.in. za realizacj\u0119 serialu &#8222;<a class=\"internal\" href=\"https:\/\/www.filmweb.pl\/serial\/W+g%C5%82%C4%99bi+lasu-2020-839661\" title=\"W g\u0142\u0119bi lasu\" rel=\"nofollow noopener\" target=\"_blank\">W g\u0142\u0119bi lasu<\/a>&#8222;.\u00a0 <\/p>\n<p>Projekt \u0142\u0105czy intensywno\u015b\u0107 gatunku z bardzo wsp\u00f3\u0142czesnym, niepokoj\u0105cym komentarzem spo\u0142ecznym\u00a0\u2013 t\u0142umaczy Anna Nagler. \u2013\u00a0To dynamiczny thriller sensacyjny oparty na silnej historii i narastaj\u0105cym napi\u0119ciu, a jednocze\u015bnie skierowany do szerokiej widowni. Atrakcyjna forma i tempo id\u0105 tu w parze z tematem, kt\u00f3ry dotyka naszej codzienno\u015bci. Serial zadaje fundamentalne pytania o odpowiedzialno\u015b\u0107 medi\u00f3w, pot\u0119g\u0119 opowie\u015bci oraz o to, czy w epoce dezinformacji i plotek prawda wci\u0105\u017c potrafi co\u015b zmieni\u0107.\u00a0 <\/p>\n<p>Remigiusz Mr\u00f3z nale\u017cy do grona najpoczytniejszych autor\u00f3w w Polsce \u2013 od sze\u015bciu lat zajmuje pierwsze miejsce w zestawieniach Biblioteki Narodowej. Jego ksi\u0105\u017cki sprzeda\u0142y si\u0119 w ponad 11 milionach egzemplarzy, a tw\u00f3rczo\u015b\u0107 przyci\u0105ga miliony czytelnik\u00f3w dzi\u0119ki charakterystycznemu stylowi i umiej\u0119tno\u015bci opowiadania historii w spos\u00f3b bliski serialowej narracji. Rozpoznawalne \u015bwiaty oraz bohaterowie budowani tom po tomie sprawiaj\u0105, \u017ce proza Mroza wyj\u0105tkowo dobrze przek\u0142ada si\u0119 na ekran, a ekranizacje jego ksi\u0105\u017cek (m.in. &#8222;<a class=\"internal\" href=\"https:\/\/www.filmweb.pl\/serial\/Chy%C5%82ka-2018-812539\" title=\"Chy\u0142ka\" rel=\"nofollow noopener\" target=\"_blank\">Chy\u0142ka<\/a>&#8222;, &#8222;<a class=\"internal\" href=\"https:\/\/www.filmweb.pl\/serial\/Behawiorysta-2022-875837\" title=\"Behawiorysta\" rel=\"nofollow noopener\" target=\"_blank\">Behawiorysta<\/a>&#8222;, &#8222;<a class=\"internal\" href=\"https:\/\/www.filmweb.pl\/serial\/Forst-2024-10011886\" title=\"Forst\" rel=\"nofollow noopener\" target=\"_blank\">Forst<\/a>&#8222;) nale\u017c\u0105 do najch\u0119tniej ogl\u0105danych polskich seriali ostatnich lat. <\/p>\n<p>Serial &#8222;Forst&#8221; \u2013 zobacz zwiastun<\/p>\n","protected":false},"excerpt":{"rendered":"Kolejna ksi\u0105\u017cka\u00a0Remigiusza Mroza\u00a0zostanie zaadaptowana na potrzeby ma\u0142ego ekranu. Realizacj\u0105 serialu &#8222;Piek\u0142o jest puste&#8221; zajmuje si\u0119 ATM Grupa. Powie\u015b\u0107&hellip;\n","protected":false},"author":2,"featured_media":194108,"comment_status":"","ping_status":"","sticky":false,"template":"","format":"standard","meta":{"footnotes":""},"categories":[5],"tags":[32,33,36,37,27,34,35,28,31,25,42,38,40,39,41,29,30,26],"class_list":{"0":"post-194107","1":"post","2":"type-post","3":"status-publish","4":"format-standard","5":"has-post-thumbnail","7":"category-naglowki","8":"tag-breaking-news","9":"tag-breakingnews","10":"tag-featured-news","11":"tag-featurednews","12":"tag-headlines","13":"tag-latest-news","14":"tag-latestnews","15":"tag-naglowki","16":"tag-najwazniejsze-artykuly","17":"tag-news","18":"tag-pl","19":"tag-poland","20":"tag-polish","21":"tag-polska","22":"tag-polski","23":"tag-top-stories","24":"tag-topstories","25":"tag-wiadomosci"},"share_on_mastodon":{"url":"https:\/\/pubeurope.com\/@pl\/115860257592401664","error":""},"_links":{"self":[{"href":"https:\/\/www.europesays.com\/pl\/wp-json\/wp\/v2\/posts\/194107","targetHints":{"allow":["GET"]}}],"collection":[{"href":"https:\/\/www.europesays.com\/pl\/wp-json\/wp\/v2\/posts"}],"about":[{"href":"https:\/\/www.europesays.com\/pl\/wp-json\/wp\/v2\/types\/post"}],"author":[{"embeddable":true,"href":"https:\/\/www.europesays.com\/pl\/wp-json\/wp\/v2\/users\/2"}],"replies":[{"embeddable":true,"href":"https:\/\/www.europesays.com\/pl\/wp-json\/wp\/v2\/comments?post=194107"}],"version-history":[{"count":0,"href":"https:\/\/www.europesays.com\/pl\/wp-json\/wp\/v2\/posts\/194107\/revisions"}],"wp:featuredmedia":[{"embeddable":true,"href":"https:\/\/www.europesays.com\/pl\/wp-json\/wp\/v2\/media\/194108"}],"wp:attachment":[{"href":"https:\/\/www.europesays.com\/pl\/wp-json\/wp\/v2\/media?parent=194107"}],"wp:term":[{"taxonomy":"category","embeddable":true,"href":"https:\/\/www.europesays.com\/pl\/wp-json\/wp\/v2\/categories?post=194107"},{"taxonomy":"post_tag","embeddable":true,"href":"https:\/\/www.europesays.com\/pl\/wp-json\/wp\/v2\/tags?post=194107"}],"curies":[{"name":"wp","href":"https:\/\/api.w.org\/{rel}","templated":true}]}}