{"id":194118,"date":"2026-01-08T15:51:07","date_gmt":"2026-01-08T15:51:07","guid":{"rendered":"https:\/\/www.europesays.com\/pl\/194118\/"},"modified":"2026-01-08T15:51:07","modified_gmt":"2026-01-08T15:51:07","slug":"zabojca-pershinga-wyszedl-na-wolnosc-ryszard-bogucki-zabral-glos-onet-wiadomosci","status":"publish","type":"post","link":"https:\/\/www.europesays.com\/pl\/194118\/","title":{"rendered":"Zab\u00f3jca &quot;Pershinga&quot; wyszed\u0142 na wolno\u015b\u0107. Ryszard Bogucki zabra\u0142 g\u0142os &#8211; Onet Wiadomo\u015bci"},"content":{"rendered":"<ol>\n<li><a href=\"https:\/\/news.google.com\/rss\/articles\/CBMipwFBVV95cUxNajNuX24tZnpXRlliUDJGMjlTa1JEaFM0TGNiNFJ3bTA0WHhRUDBvdlJhdTFXM1dtMkJDSXZhazNnN21Wb0JyWWFhN09XZzdSRzlydnh0eG5sQWRQQWI0UG0xREpaS0dkWWhHS1dNT3JUMjN0Z3lDWHNlZGY3bGQ2N1h3NzY2bXFTQlVZbGR3SVVVLVRobzNqVHR5NXBEcHpfaFdManFkcw?oc=5\" target=\"_blank\" rel=\"nofollow noopener\">Zab\u00f3jca &#8222;Pershinga&#8221; wyszed\u0142 na wolno\u015b\u0107. Ryszard Bogucki zabra\u0142 g\u0142os<\/a>&nbsp;&nbsp;Onet Wiadomo\u015bci<\/li>\n<li><a href=\"https:\/\/news.google.com\/rss\/articles\/CBMiswFBVV95cUxOUzFCcDBFMUxKMWJFSUs4dnVJaWxhMlI4YlFpRHBMZVNNZ05RbUsxc1Z0c0I3UE5zV3JONHdKN1VjMGQxTFJTT3BYZFpucllYSmVIaVFFaEtIREt4azhtTUdrWFFUZDhJUnBtaTlYeVNKSktxUUZnbS15WFB2NFNvc1VvbWV2d0l1MDFkYTBPb1BtSktSV3FjbXAzRlhyd1Fnd3pjNlkxY25wWElmaWVjeHNJOA?oc=5\" target=\"_blank\" rel=\"nofollow noopener\">By\u0142 jednym z najbogatszych Polak\u00f3w, w wi\u0119zieniu sp\u0119dzi\u0142 25 lat. Ryszard Bogucki wyszed\u0142 na wolno\u015b\u0107<\/a>&nbsp;&nbsp;Wydarzenia w INTERIA.PL<\/li>\n<li><a href=\"https:\/\/news.google.com\/rss\/articles\/CBMixAFBVV95cUxPaFZRMzJ6a19OU0RQNXVDTm03bU02OENpaGhVQm52anozWW15YVhJaE02S0RsWE95ZjN2WnV5N3llR29VZVBGRXF0UVlqM0R2SERCYlhsVGlNeWNXM1lZcXdqV3AtMlVhRDN0RWg4enFzNm5jckF5Yldfa0JZM0JHdHhqbFRENE9OY0xhMzc2ejJ6LXVvR1ljWGlpNHhVUjBTblpKM284Si02ZEZNOW1TMlZoenVoQVZNZU81dE9ST3ZUc1cx?oc=5\" target=\"_blank\" rel=\"nofollow noopener\">Ryszard Linard-Bogucki opu\u015bci\u0142 areszt. &#8222;To pierwszy dzie\u0144 reszty mojego \u017cycia&#8221;<\/a>&nbsp;&nbsp;Fakt<\/li>\n<li><a href=\"https:\/\/news.google.com\/rss\/articles\/CBMiyAFBVV95cUxNTW52X0dZdjJOLTNYOVM0R2tfcVFsdXd2bWZiTzl5ejlfb2pQUE5Hdi1DbWtmem5KQnZPV3otcHRLUUpqUUlFSWhyUEVjUWFiZHdkdWxyUWpiNWdWR2RiS1NPWUxVd2V2SExNQTVzOEM2aHhkbVktLUlhRXFybThyekJ6Y0Z1NnZ5Ui1Ed3dvYzhYSEp2NUdTS3hsT2EyeDlKTkt5d3dHZEFMWE5ZaERvY3dWN1JoYWwwWDVpU2NsM08yUXpHSFlpbg?oc=5\" target=\"_blank\" rel=\"nofollow noopener\">Biznes, mafia i sp\u00f3r o niewinno\u015b\u0107. Skazany za zab\u00f3jstwo &#8222;Pershinga&#8221; po 25 latach wychodzi na wolno\u015b\u0107<\/a>&nbsp;&nbsp;czestochowa.wyborcza.pl<\/li>\n<li><a href=\"https:\/\/news.google.com\/rss\/articles\/CBMixgFBVV95cUxQZC1vMnFGX1VQWXVFUG45R1hDcXJvYTBpQ1BRTXhjd19TNFJkN1ZTNGRBYnAtN3BPY19FcjVmS2kxVzVmdnFMT0wyeHRDUmR4Y2RaajhUekhaazM0ZUxZV1B0Qm42SFZZLXdSdlh4YWVMeHZLeGoxUGUyenREdjZjRHowNXJvaWxXdmRlNktxVXRfNTJJQ0ZuX1hpMkNYLXJrN1FjaEtkbTFTejF6ZnJjM1kyWktOSnRzMUFQLUkxSDM2Y09wZ3c?oc=5\" target=\"_blank\" rel=\"nofollow noopener\">Zab\u00f3jca &#8222;Pershinga&#8221; wyszed\u0142 na wolno\u015b\u0107. Pierwsze s\u0142owa Ryszarda Boguckiego<\/a>&nbsp;&nbsp;Onet<\/li>\n<\/ol>\n","protected":false},"excerpt":{"rendered":"Zab\u00f3jca &#8222;Pershinga&#8221; wyszed\u0142 na wolno\u015b\u0107. Ryszard Bogucki zabra\u0142 g\u0142os&nbsp;&nbsp;Onet Wiadomo\u015bci By\u0142 jednym z najbogatszych Polak\u00f3w, w wi\u0119zieniu sp\u0119dzi\u0142&hellip;\n","protected":false},"author":2,"featured_media":194119,"comment_status":"","ping_status":"","sticky":false,"template":"","format":"standard","meta":{"footnotes":""},"categories":[12],"tags":[34506,32,33,36,37,27,49,34,35,28,31,48,25,46,42,38,40,39,41,412,34504,47,29,30,26,411],"class_list":{"0":"post-194118","1":"post","2":"type-post","3":"status-publish","4":"format-standard","5":"has-post-thumbnail","7":"category-polska","8":"tag-andrzej_kolikowski_ps_pershing_","9":"tag-breaking-news","10":"tag-breakingnews","11":"tag-featured-news","12":"tag-featurednews","13":"tag-headlines","14":"tag-kraj","15":"tag-latest-news","16":"tag-latestnews","17":"tag-naglowki","18":"tag-najwazniejsze-artykuly","19":"tag-nat_styl","20":"tag-news","21":"tag-omp","22":"tag-pl","23":"tag-poland","24":"tag-polish","25":"tag-polska","26":"tag-polski","27":"tag-prawo_sady_prawnicy","28":"tag-ryszard_bogucki","29":"tag-screening_general","30":"tag-top-stories","31":"tag-topstories","32":"tag-wiadomosci","33":"tag-zabojstwo"},"share_on_mastodon":{"url":"https:\/\/pubeurope.com\/@pl\/115860280777824296","error":""},"_links":{"self":[{"href":"https:\/\/www.europesays.com\/pl\/wp-json\/wp\/v2\/posts\/194118","targetHints":{"allow":["GET"]}}],"collection":[{"href":"https:\/\/www.europesays.com\/pl\/wp-json\/wp\/v2\/posts"}],"about":[{"href":"https:\/\/www.europesays.com\/pl\/wp-json\/wp\/v2\/types\/post"}],"author":[{"embeddable":true,"href":"https:\/\/www.europesays.com\/pl\/wp-json\/wp\/v2\/users\/2"}],"replies":[{"embeddable":true,"href":"https:\/\/www.europesays.com\/pl\/wp-json\/wp\/v2\/comments?post=194118"}],"version-history":[{"count":0,"href":"https:\/\/www.europesays.com\/pl\/wp-json\/wp\/v2\/posts\/194118\/revisions"}],"wp:featuredmedia":[{"embeddable":true,"href":"https:\/\/www.europesays.com\/pl\/wp-json\/wp\/v2\/media\/194119"}],"wp:attachment":[{"href":"https:\/\/www.europesays.com\/pl\/wp-json\/wp\/v2\/media?parent=194118"}],"wp:term":[{"taxonomy":"category","embeddable":true,"href":"https:\/\/www.europesays.com\/pl\/wp-json\/wp\/v2\/categories?post=194118"},{"taxonomy":"post_tag","embeddable":true,"href":"https:\/\/www.europesays.com\/pl\/wp-json\/wp\/v2\/tags?post=194118"}],"curies":[{"name":"wp","href":"https:\/\/api.w.org\/{rel}","templated":true}]}}