{"id":194120,"date":"2026-01-08T15:52:11","date_gmt":"2026-01-08T15:52:11","guid":{"rendered":"https:\/\/www.europesays.com\/pl\/194120\/"},"modified":"2026-01-08T15:52:11","modified_gmt":"2026-01-08T15:52:11","slug":"zla-wiadomosc-dla-politykow-pis-to-jest-ich-najwiekszy-problem","status":"publish","type":"post","link":"https:\/\/www.europesays.com\/pl\/194120\/","title":{"rendered":"Z\u0142a wiadomo\u015b\u0107 dla polityk\u00f3w PiS. &#8222;To jest ich najwi\u0119kszy problem&#8221;"},"content":{"rendered":"<p class=\"article-p\" data-section=\"detail-body\">W \u015brod\u0119 (7 stycznia) w siedzibie PiS na Nowogrodzkiej w Warszawie odby\u0142o si\u0119 spotkanie kierownictwa partii. Tu\u017c po nim Jaros\u0142aw Kaczy\u0144ski spotka\u0142 si\u0119 z mediami. Towarzyszy\u0142a mu grupa polityk\u00f3w. Prezes PiS przekonywa\u0142, \u017ce partia &#8222;z pe\u0142nym programem, odwo\u0142uj\u0105c si\u0119 do r\u00f3\u017cnych grup spo\u0142ecznych, r\u00f3\u017cnych potrzeb, ale przede wszystkim do narodu jako ca\u0142o\u015bci, p\u00f3jdzie t\u0105 prost\u0105 drog\u0105&#8221;. \u2014 Drog\u0105 odmowy zgody na to, \u017ceby Polska by\u0142a duszona i w wymiarze gospodarczym, w wymiarze spo\u0142ecznym i w tym wymiarze najbardziej podstawowym, to znaczy dotycz\u0105cym naszej suwerenno\u015bci \u2014 m\u00f3wi\u0142.<\/p>\n<p>        Ekspert o kondycji Prawa i Sprawiedliwo\u015bci. &#8222;Partia jest bardzo zm\u0119czona&#8221;<\/p>\n<p class=\"article-p\" data-section=\"detail-body\">Zdaniem Kaczy\u0144skiego, aby Polska by\u0142a &#8222;suwerenna, maj\u0105ca warunki do szybkiego rozwoju, do pe\u0142nego zr\u00f3wnania si\u0119 gospodarczo z najbogatszymi pa\u0144stwami Europy&#8221;, do w\u0142adzy musz\u0105 wr\u00f3ci\u0107 ci, &#8222;kt\u00f3rzy ju\u017c si\u0119 sprawdzili&#8221;. Doda\u0142, \u017ce musz\u0105 uczestniczy\u0107 w tym tak\u017ce ludzie &#8222;m\u0142odszego, cz\u0119sto znacznie m\u0142odszego pokolenia&#8221;.<\/p>\n<p class=\"article-p\" data-section=\"detail-body\">\u2014 Z ca\u0142\u0105 pewno\u015bci\u0105 w trakcie tego wszystkiego, co poka\u017cemy przed wyborami, pa\u0144stwo si\u0119 przekonaj\u0105, \u017ce tak w\u0142a\u015bnie b\u0119dzie \u2014 zapewni\u0142 Kaczy\u0144ski.<\/p>\n<p class=\"article-p\" data-section=\"detail-body\">Prezes PiS podczas konferencji sta\u0142 w otoczeniu mi\u0119dzy innymi Joachima Brudzi\u0144skiego, Mateusza Morawieckiego oraz Przemys\u0142awa Czarnka, pr\u00f3buj\u0105c da\u0107 jasny sygna\u0142, \u017ce wszelkie konflikty w partii zosta\u0142y za\u017cegnane i politycy skoncentrowani s\u0105 na przysz\u0142o\u015bci.<\/p>\n<p class=\"article-p\" data-section=\"detail-body\">O tym, czy uda\u0142o si\u0119 osi\u0105gn\u0105\u0107 ten efekt, &#8222;Fakt&#8221; rozmawia\u0142 z dr Sergiuszem Trzeciakiem. Politolog i ekspert od marketingu politycznego, autor ksi\u0105\u017cki &#8222;Drzewo kampanii wyborczej 2.0, czyli jak wygra\u0107 wybory&#8221;, zauwa\u017ca na wst\u0119pie: &#8222;PiS-owi bardzo zaszkodzi\u0142o, \u017ce \u015bwiat\u0142o dzienne ujrza\u0142y jego wewn\u0119trzne konflikty&#8221;.<\/p>\n<p class=\"article-p\" data-section=\"detail-body\">W polityce tak zwane walki buldog\u00f3w pod dywanem nie s\u0105 niczym nowym, ale tutaj dosz\u0142o do eskalacji, kt\u00f3ra przebi\u0142a si\u0119 do \u015bwiadomo\u015bci spo\u0142ecznej<\/p>\n<p class=\"article-p\" data-section=\"detail-body\">\u2014 m\u00f3wi ekspert.<\/p>\n<p class=\"article-p\" data-section=\"detail-body\">Zaznacza, \u017ce &#8222;\u015brodowa konferencja by\u0142a na sw\u00f3j spos\u00f3b symboliczna&#8221;. \u2014 Politycy starali si\u0119 za wszelk\u0105 cen\u0119 pokaza\u0107 jedno\u015b\u0107, ale nie uda\u0142o to si\u0119 w pe\u0142ni. Obraz to za ma\u0142o. Potrzebne s\u0105 zapowiedzi wsp\u00f3lnych prac, kt\u00f3re by\u0142yby sygna\u0142em lepszej atmosfery w partii. Tego nie by\u0142o. Mo\u017cna powiedzie\u0107, \u017ce zabrak\u0142o drugiej cz\u0119\u015bci konferencji, czego\u015b, co by\u0142oby zar\u00f3wno ofensywne, jak i pozytywne w przekazie. Tylko tak mo\u017cna skutecznie pokaza\u0107 zwarte szeregi \u2014 ocenia dr Trzeciak.<\/p>\n<p class=\"article-p\" data-section=\"detail-body\">Wskazuje przy tym, \u017ce &#8222;na obecnym etapie w partii przebija si\u0119 brak jednolitej wizji&#8221;. \u2014 Wynika to z wojny frakcji. Niekt\u00f3rzy politycy, jak Jaki czy Czarnek, ci\u0105gn\u0105 parti\u0119 w prawo. Natomiast Morawiecki i jego ludzie do centrum. Ten rozjazd nie jest dobry dla ugrupowania i jego przysz\u0142o\u015bci \u2014 stwierdza ekspert.<\/p>\n<p class=\"article-p\" data-section=\"detail-body\">Pami\u0119tajmy te\u017c, \u017ce PiS ma dzisiaj najwi\u0119kszy problem z Konfederacj\u0105 Korony Polskiej, a nie parti\u0105 Mentzena i Bosaka czy Koalicj\u0105 Obywatelsk\u0105. Pow\u00f3d jest prosty. Partia Brauna w przeciwie\u0144stwie do Konfederacji uwa\u017cana jest na obecnym etapie za formacj\u0119 antysystemow\u0105<\/p>\n<p class=\"article-p\" data-section=\"detail-body\">\u2014 s\u0142yszymy.<\/p>\n<p class=\"article-p\" data-section=\"detail-body\">Zdaniem dr Trzeciaka &#8222;PiS znajduje si\u0119 w bardzo trudnym po\u0142o\u017ceniu przez rosn\u0105c\u0105 mu konkurencj\u0119 po prawej stronie&#8221;. \u2014 Czas jego hegemonii ju\u017c nie wr\u00f3ci. Ewentualne rz\u0105dy b\u0119d\u0105 w ramach koalicji \u2014 prognozuje politolog.<\/p>\n<p class=\"article-p\" data-section=\"detail-body\">\u2014 Podczas wczorajszej konferencji zabrak\u0142o wielu element\u00f3w. Deklaracje typu &#8222;musimy wr\u00f3ci\u0107 do w\u0142adzy, bo gdy rz\u0105dzili\u015bmy by\u0142o lepiej&#8221;, to pustka emocjonalna dla wyborc\u00f3w. Brakuje koncepcji. Samo stanie w jednym szeregu nie jest dowodem na zjednoczenie \u2014 m\u00f3wi dr Trzeciak.<\/p>\n<p class=\"article-p\" data-section=\"detail-body\">Dodaje, \u017ce &#8222;PiS jest bardzo mocno zm\u0119czony&#8221;. \u2014 Doprowadzi\u0142o do tego osiem lat rz\u0105d\u00f3w oraz dwa lata w opozycji. Obecnie partia jest w nieustannej defensywie. Najbardziej szkodzi jej \u015brodowisko by\u0142ej Suwerennej Polski. Jaros\u0142aw Kaczy\u0144ski i jego ludzie musz\u0105 si\u0119 ci\u0105gle t\u0142umaczy\u0107 za tych polityk\u00f3w z Ziobr\u0105 na czele \u2014 podsumowuje ekspert.<\/p>\n<p class=\"article-p\" data-section=\"detail-body\"><a href=\"https:\/\/www.fakt.pl\/polityka\/prokuratura-chce-przesluchac-grzegorza-brauna-chodzi-o-glosna-sprawe\/r2vnevv\" id=\"ce224e20-b488-4b49-a01f-6c489aa04fe0\" rel=\"nofollow noopener\" target=\"_blank\">Prokuratura chce przes\u0142ucha\u0107 Brauna. Chodzi o g\u0142o\u015bn\u0105 spraw\u0119<\/a><\/p>\n<p class=\"article-p\" data-section=\"detail-body\"><a href=\"https:\/\/www.fakt.pl\/polityka\/pis-atakuje-policje-po-gwalcie-w-piasecznie-ostra-odpowiedz-szefa-zwiazkow\/n91lfvq\" id=\"4ba184c5-baa9-40bd-a244-d52823b2e301\" rel=\"nofollow noopener\" target=\"_blank\">PiS atakuje policj\u0119 po gwa\u0142cie w Piasecznie. Szef zwi\u0105zk\u00f3w ostro odpowiada<\/a><\/p>\n<p class=\"article-p\" data-section=\"detail-body\"><a href=\"https:\/\/www.fakt.pl\/polityka\/poslanka-pis-narazila-sie-na-klopoty-taka-moze-grozic-jej-kara\/63gzgd2\" id=\"f44a5edf-4e4d-4797-8d2b-5866ee5736ad\" rel=\"nofollow noopener\" target=\"_blank\">Pos\u0142anka PiS narazi\u0142a si\u0119 na powa\u017cne k\u0142opoty. Taka mo\u017ce grozi\u0107 jej kara<\/a><\/p>\n<p class=\"article-p\" data-section=\"detail-body\">(Fakt, X, PAP)<\/p>\n<p>        \/3<\/p>\n<p>                    <img decoding=\"async\" class=\"article-image-img\" loading=\"lazy\" alt=\"\" src=\"https:\/\/www.europesays.com\/pl\/wp-content\/uploads\/2026\/01\/8KPk9kuTURBXy82MGU1ZTY1Zi1hOWVjLTQ3ZmEtYWIzZS1jZmY0ZGJhYWMzMjQuanBlZ5GTAs0DSM0CL94AAqEwAaExAQ.jpeg\" width=\"840\" height=\"559\"\/><\/p>\n<p>                  Pawe\u0142 Supernak \/ PAP<\/p>\n<p class=\"article-gallery-p\">\n        Konferencja PiS 7 stycznia.\n    <\/p>\n<p>        \/3<\/p>\n<p>                    <img decoding=\"async\" class=\"article-image-img\" loading=\"lazy\" alt=\"\" src=\"https:\/\/www.europesays.com\/pl\/wp-content\/uploads\/2026\/01\/CTmk9kuTURBXy9kNDk5ZGVhNC0wNzA4LTQxNTQtOWI3ZC0xMTgwZDlkZmFmZGUuanBlZ5GTAs0DSM0CMN4AAqEwAaExAQ.jpeg\" width=\"840\" height=\"560\"\/><\/p>\n<p>                  pis \/ Facebook<\/p>\n<p class=\"article-gallery-p\">\n        Konferencja polityk\u00f3w PiS.\n    <\/p>\n","protected":false},"excerpt":{"rendered":"W \u015brod\u0119 (7 stycznia) w siedzibie PiS na Nowogrodzkiej w Warszawie odby\u0142o si\u0119 spotkanie kierownictwa partii. Tu\u017c po&hellip;\n","protected":false},"author":2,"featured_media":194121,"comment_status":"","ping_status":"","sticky":false,"template":"","format":"standard","meta":{"footnotes":""},"categories":[5],"tags":[32,33,36,37,27,34,35,28,31,25,42,38,40,39,41,29,30,26],"class_list":{"0":"post-194120","1":"post","2":"type-post","3":"status-publish","4":"format-standard","5":"has-post-thumbnail","7":"category-naglowki","8":"tag-breaking-news","9":"tag-breakingnews","10":"tag-featured-news","11":"tag-featurednews","12":"tag-headlines","13":"tag-latest-news","14":"tag-latestnews","15":"tag-naglowki","16":"tag-najwazniejsze-artykuly","17":"tag-news","18":"tag-pl","19":"tag-poland","20":"tag-polish","21":"tag-polska","22":"tag-polski","23":"tag-top-stories","24":"tag-topstories","25":"tag-wiadomosci"},"share_on_mastodon":{"url":"https:\/\/pubeurope.com\/@pl\/115860284726753225","error":""},"_links":{"self":[{"href":"https:\/\/www.europesays.com\/pl\/wp-json\/wp\/v2\/posts\/194120","targetHints":{"allow":["GET"]}}],"collection":[{"href":"https:\/\/www.europesays.com\/pl\/wp-json\/wp\/v2\/posts"}],"about":[{"href":"https:\/\/www.europesays.com\/pl\/wp-json\/wp\/v2\/types\/post"}],"author":[{"embeddable":true,"href":"https:\/\/www.europesays.com\/pl\/wp-json\/wp\/v2\/users\/2"}],"replies":[{"embeddable":true,"href":"https:\/\/www.europesays.com\/pl\/wp-json\/wp\/v2\/comments?post=194120"}],"version-history":[{"count":0,"href":"https:\/\/www.europesays.com\/pl\/wp-json\/wp\/v2\/posts\/194120\/revisions"}],"wp:featuredmedia":[{"embeddable":true,"href":"https:\/\/www.europesays.com\/pl\/wp-json\/wp\/v2\/media\/194121"}],"wp:attachment":[{"href":"https:\/\/www.europesays.com\/pl\/wp-json\/wp\/v2\/media?parent=194120"}],"wp:term":[{"taxonomy":"category","embeddable":true,"href":"https:\/\/www.europesays.com\/pl\/wp-json\/wp\/v2\/categories?post=194120"},{"taxonomy":"post_tag","embeddable":true,"href":"https:\/\/www.europesays.com\/pl\/wp-json\/wp\/v2\/tags?post=194120"}],"curies":[{"name":"wp","href":"https:\/\/api.w.org\/{rel}","templated":true}]}}