{"id":194143,"date":"2026-01-08T16:04:17","date_gmt":"2026-01-08T16:04:17","guid":{"rendered":"https:\/\/www.europesays.com\/pl\/194143\/"},"modified":"2026-01-08T16:04:17","modified_gmt":"2026-01-08T16:04:17","slug":"interwencja-zagraniczna-rosja-reaguje-na-deklaracje-pokojowa-dla-ukrainy-onet","status":"publish","type":"post","link":"https:\/\/www.europesays.com\/pl\/194143\/","title":{"rendered":"&quot;Interwencja zagraniczna&quot;. Rosja reaguje na deklaracj\u0119 pokojow\u0105 dla Ukrainy &#8211; Onet"},"content":{"rendered":"<ol>\n<li><a href=\"https:\/\/news.google.com\/rss\/articles\/CBMizAFBVV95cUxON3BPbXVPRkp1ZTVNZURoa2F2cS1pMkpCWWtPNDA0dkduMTZxWVEtWXctdVZ0bWd5X1pIMUVVM0FhMnpxcC1fU1dBRWNMYU9QTTNOdGpTblBlUDVQWXRmX18xVkNEcWV5NlYzYXF3MlFiWGhnZXZaM0pXdXFJSlp6ZTZZbEZobUh5N1BjR0xaaW9XQWE5TVNmQVVNMmlLUFpkbXRQM3ZPbkV5MU81Um1XRzg1TEFDRVBOX3ZPek9MYWdBLWdIRnBOQ09qR0g?oc=5\" target=\"_blank\" rel=\"nofollow noopener\">&#8222;Interwencja zagraniczna&#8221;. Rosja reaguje na deklaracj\u0119 pokojow\u0105 dla Ukrainy<\/a>&nbsp;&nbsp;Onet<\/li>\n<li><a href=\"https:\/\/news.google.com\/rss\/articles\/CBMivwFBVV95cUxNY3gxNjREc0l4NGUtM1ZXOEhYeG03RVltX0wwRThLUkxGX0xHZEFsUnFzMFAxYW9zb2JyeDlCOXppd0FrUDVpcUhRZGZBc2w4NHcySGx4dVpLTThCM24tczlqMkU5dUM5SlJTUm1RaXI4VFJhUGZJM0JRdkVnZk13MGIwVmNkazRzSEVScl9pUjBoR0JqLWwwNFlwc2w3WFdWekNyM2E5dGoza0s3b3h2cXJnUENmNXR1YXRqaHdwVQ?oc=5\" target=\"_blank\" rel=\"nofollow noopener\">Rosja odgra\u017ca si\u0119 &#8222;koalicji ch\u0119tnych&#8221;. Zacharowa grzmi: B\u0119d\u0105 uznane za cele bojowe<\/a>&nbsp;&nbsp;Wydarzenia w INTERIA.PL<\/li>\n<li><a href=\"https:\/\/news.google.com\/rss\/articles\/CBMiwwFBVV95cUxPYmFXR2xzSHNpQWVSMW1zWnk1UkQ5OVZSa3BydVMyOUtrRm9JRjN5SmwwamVIeGxJb1oxNnpWNXhia1VNM3FjQTdGYjh3a1FUcGFZWmIwaDFZbDh6bnJFQ1k4OF9xV2JYZXBWd3dvVVZGQTVSa1RHX3VGUlRqWWkyYnhMc3dxV1V0V0J3Y3czRU5oMThqekJZWjdQMzlPb2I1UDhvVEl3eW1nX08zMHdIcGppajJwaGRyZFItd3Z5aEtUdDg?oc=5\" target=\"_blank\" rel=\"nofollow noopener\">Sprytny manewr USA w sprawie Ukrainy. Europa dr\u017cy ze strachu<\/a>&nbsp;&nbsp;Onet Wiadomo\u015bci<\/li>\n<li><a href=\"https:\/\/news.google.com\/rss\/articles\/CBMizgFBVV95cUxNXzVSeHc3c0dIYWs5Z01sdVJhay1qWmdkQm1tbGxXV1VOSHBya2pOVHZRSFg1UWU3OU9ibWlmY2pneWhybGtKak16LWxkQlZZcnNoWjhPa2J1OVhCN2FIcTBCU0tQS193bnVHb0k0VDBmV0hKbFJZczFPOUFyUW9Oc3NGakd3TW1ha29IdWFlZHlmc0pHRk44VEx0RHZxMHc4c2FKTHpXN0JZZUZHemh0V0xvODFMNFBOenE1TW9hellhaTRRLUwxTVZVTWIyZw?oc=5\" target=\"_blank\" rel=\"nofollow noopener\">Rosja zapowiedzia\u0142a srog\u0105 zemst\u0119. Polska i Europa nadepn\u0119\u0142y jej na odcisk<\/a>&nbsp;&nbsp;Forsal<\/li>\n<li><a href=\"https:\/\/news.google.com\/rss\/articles\/CBMipwFBVV95cUxNSlFVZWg5NU9QTEZxZE80azdNYjZHZVhsY3IzZlBERmJfU21IbFoxT18zMDVNUUpEb0FNM1p3N19zUUVQZDBnbm9yQUIzTl9tN2xrVG40anExUE1uVkRZYUxuNGZPZlJSTkZfR3JDOXNZSFk3R0lXQW90enF2QVFTX09PanRnNU1tNVZBSEVKVTNGSERySkliLXBuXy01MENfYUJveXlNTQ?oc=5\" target=\"_blank\" rel=\"nofollow noopener\">Moskwa reaguje po szczycie w Pary\u017cu. \u017bo\u0142nierze &#8222;celami bojowymi&#8221;?<\/a>&nbsp;&nbsp;WP Wiadomo\u015bci<\/li>\n<\/ol>\n","protected":false},"excerpt":{"rendered":"&#8222;Interwencja zagraniczna&#8221;. Rosja reaguje na deklaracj\u0119 pokojow\u0105 dla Ukrainy&nbsp;&nbsp;Onet Rosja odgra\u017ca si\u0119 &#8222;koalicji ch\u0119tnych&#8221;. Zacharowa grzmi: B\u0119d\u0105 uznane&hellip;\n","protected":false},"author":2,"featured_media":194144,"comment_status":"","ping_status":"","sticky":false,"template":"","format":"standard","meta":{"footnotes":""},"categories":[14],"tags":[32,33,1670,27,67,64,1107,34,35,2165,4349,28,31,53,25,52,68,51,55,40,41,62,47,80,29,30,390,65,50,26,264,418,82,83,84],"class_list":{"0":"post-194143","1":"post","2":"type-post","3":"status-publish","4":"format-standard","5":"has-post-thumbnail","7":"category-swiat","8":"tag-breaking-news","9":"tag-breakingnews","10":"tag-francja_francuz_francuzka_francuzi","11":"tag-headlines","12":"tag-intextvideo_splayer","13":"tag-inwazja_rosji_na_ukraine_2014_","14":"tag-kijow_miasto","15":"tag-latest-news","16":"tag-latestnews","17":"tag-maria_zacharowa","18":"tag-moskwa_miasto","19":"tag-naglowki","20":"tag-najwazniejsze-artykuly","21":"tag-new_header","22":"tag-news","23":"tag-onet3","24":"tag-onet3d","25":"tag-onet3d_2i","26":"tag-phx","27":"tag-polish","28":"tag-polski","29":"tag-rosja_kraj_rosjanin_rosjanie_rosjanka_rosjanki","30":"tag-screening_general","31":"tag-swiat","32":"tag-top-stories","33":"tag-topstories","34":"tag-ukraina_ukrainiec_ukrainka_ukraincy_ukrainki","35":"tag-update_me","36":"tag-v2021","37":"tag-wiadomosci","38":"tag-wielka_brytania_kraj","39":"tag-wladimir_putin_rosyjski_prezydent","40":"tag-world","41":"tag-world-news","42":"tag-worldnews"},"share_on_mastodon":{"url":"","error":"Validation failed: Text character limit of 500 exceeded"},"_links":{"self":[{"href":"https:\/\/www.europesays.com\/pl\/wp-json\/wp\/v2\/posts\/194143","targetHints":{"allow":["GET"]}}],"collection":[{"href":"https:\/\/www.europesays.com\/pl\/wp-json\/wp\/v2\/posts"}],"about":[{"href":"https:\/\/www.europesays.com\/pl\/wp-json\/wp\/v2\/types\/post"}],"author":[{"embeddable":true,"href":"https:\/\/www.europesays.com\/pl\/wp-json\/wp\/v2\/users\/2"}],"replies":[{"embeddable":true,"href":"https:\/\/www.europesays.com\/pl\/wp-json\/wp\/v2\/comments?post=194143"}],"version-history":[{"count":0,"href":"https:\/\/www.europesays.com\/pl\/wp-json\/wp\/v2\/posts\/194143\/revisions"}],"wp:featuredmedia":[{"embeddable":true,"href":"https:\/\/www.europesays.com\/pl\/wp-json\/wp\/v2\/media\/194144"}],"wp:attachment":[{"href":"https:\/\/www.europesays.com\/pl\/wp-json\/wp\/v2\/media?parent=194143"}],"wp:term":[{"taxonomy":"category","embeddable":true,"href":"https:\/\/www.europesays.com\/pl\/wp-json\/wp\/v2\/categories?post=194143"},{"taxonomy":"post_tag","embeddable":true,"href":"https:\/\/www.europesays.com\/pl\/wp-json\/wp\/v2\/tags?post=194143"}],"curies":[{"name":"wp","href":"https:\/\/api.w.org\/{rel}","templated":true}]}}