{"id":194158,"date":"2026-01-08T16:12:10","date_gmt":"2026-01-08T16:12:10","guid":{"rendered":"https:\/\/www.europesays.com\/pl\/194158\/"},"modified":"2026-01-08T16:12:10","modified_gmt":"2026-01-08T16:12:10","slug":"wosp-2026-medialna-machina-hejtu-wobec-owsiaka-ruszyla-analiza-jest-jednoznaczna","status":"publish","type":"post","link":"https:\/\/www.europesays.com\/pl\/194158\/","title":{"rendered":"WO\u015aP 2026. Medialna machina hejtu wobec Owsiaka ruszy\u0142a. Analiza jest jednoznaczna"},"content":{"rendered":"<p>WO\u015aP 2026. Machina nap\u0119dzaj\u0105ca negatywne emocje ponownie ruszy\u0142a <\/p>\n<p class=\"Paragraph_desktopParagraph__U31Gm\">Instytut Monitorowania Medi\u00f3w przeanalizowa\u0142 liczb\u0119 interakcji (komentarze, reakcje, udost\u0119pnienia) pod wpisami dotycz\u0105cymi Jerzego Owsiaka w okresie od 15 grudnia 2025 r. do 5 stycznia 2026 r. Zestawienie 20 kont z najwi\u0119kszym zaanga\u017cowaniem w mediach spo\u0142eczno\u015bciowych nie pozostawia z\u0142udze\u0144 co do temperatury sporu.<\/p>\n<p class=\"Paragraph_desktopParagraph__U31Gm\">\u2014 Dynamika wzrostu interakcji pod negatywnymi wpisami przywo\u0142uj\u0105cymi Jerzego Owsiaka ju\u017c na pocz\u0105tku stycznia sugeruje, \u017ce media spo\u0142eczno\u015bciowe ponownie b\u0119d\u0105 poligonem walki ideologicznej, a nie tylko miejscem dyskusji o dzia\u0142alno\u015bci charytatywnej&#8221; \u2014 m\u00f3wi Tomasz Lubieniecki, Kierownik Dzia\u0142u Raport\u00f3w Medialnych w IMM.<\/p>\n<ul class=\"OchatFollowUps_wrapper__1ry7X\">\n<li class=\"OchatFollowUps_item__Dhyly OchatFollowUps_itemDesktop__R6aBv\">Jakie s\u0105 g\u0142\u00f3wne zarzuty wobec Jerzego Owsiaka?<\/li>\n<li class=\"OchatFollowUps_item__Dhyly OchatFollowUps_itemDesktop__R6aBv\">Ile profili wspiera Owsiaka w mediach spo\u0142eczno\u015bciowych?<\/li>\n<li class=\"OchatFollowUps_item__Dhyly OchatFollowUps_itemDesktop__R6aBv\">Jak zmienia\u0142a si\u0119 dyskusja na temat Owsiaka w ostatnich latach?<\/li>\n<li class=\"OchatFollowUps_item__Dhyly OchatFollowUps_itemDesktop__R6aBv\">Co pokazuje analiza Instytutu Monitorowania Medi\u00f3w na temat hejtu wok\u00f3\u0142 WO\u015aP?<\/li>\n<\/ul>\n<p class=\"Paragraph_desktopParagraph__U31Gm\">A\u017c 85 proc. lider\u00f3w opinii w tym zestawieniu to profile nastawione krytycznie lub otwarcie niech\u0119tne inicjatywie. W\u015br\u00f3d 20 kont jedynie pos\u0142anka Anna Sobolak oraz dziennikarze Bartosz T. Wieli\u0144ski i Tomasz Lis reprezentuj\u0105 stron\u0119 wspieraj\u0105c\u0105 Owsiaka.<\/p>\n<p><img decoding=\"async\" class=\"Image_image__0tuHp Image_autoHeight__f2n87 \" height=\"587\" width=\"469\" src=\"https:\/\/www.europesays.com\/pl\/wp-content\/uploads\/2026\/01\/Vdbk9kpTURBXy8zZGEyYzUzZGZkZmZhMWIwNDQxZTBhZWU1M2JkZWU5OC5wbmeSlQLNA6wAwsOVAgDNAkvCw94AA6EwAaExAaEzw.jpeg\" alt=\"IMM Dyskusja wok\u00f3\u0142 J Owsiaka - TOP 20 autor\u00f3w\" loading=\"lazy\" \/>IMM. Dyskusja wok\u00f3\u0142 J. Owsiaka &#8211; TOP 20 autor\u00f3w<\/p>\n<p>IMM Dyskusja wok\u00f3\u0142 J Owsiaka &#8211; TOP 20 autor\u00f3w<\/p>\n<p>G\u0142\u00f3wne zarzuty: brak przejrzysto\u015bci, polityka i &#8222;styl \u017cycia&#8221; <\/p>\n<p class=\"Paragraph_desktopParagraph__U31Gm\">Analiza jako\u015bciowa wpis\u00f3w negatywnych przeprowadzona przez ekspert\u00f3w IMM pozwala na wyodr\u0119bnienie najcz\u0119\u015bciej powtarzaj\u0105cych si\u0119 narracji uderzaj\u0105cych w wizerunek Jerzego Owsiaka:<\/p>\n<ul class=\"UnorderedList_container__nmfSl\">\n<li class=\"UnorderedList_listElement__Py7xi UnorderedList_listElementDefault__oEOOV\">brak transparentno\u015bci finansowej: cz\u0119ste pytania o\u00a0faktyczne koszty organizacji fina\u0142\u00f3w oraz\u00a0rozliczanie \u015brodk\u00f3w z\u00a0tzw. odsetek;<\/li>\n<li class=\"UnorderedList_listElement__Py7xi UnorderedList_listElementDefault__oEOOV\">uwik\u0142anie polityczne: zarzuty dotycz\u0105ce jednoznacznego opowiadania si\u0119 lidera WO\u015aP po\u00a0jednej ze\u00a0stron sporu politycznego w\u00a0Polsce;<\/li>\n<li class=\"UnorderedList_listElement__Py7xi UnorderedList_listElementDefault__oEOOV\">krytyka stylu bycia: personalne ataki na\u00a0Jerzego Owsiaka, kwestionowanie jego motywacji oraz\u00a0emocjonalnego sposobu komunikacji;<\/li>\n<li class=\"UnorderedList_listElement__Py7xi UnorderedList_listElementDefault__oEOOV\">konfrontacja z\u00a0innymi potrzebami: zestawianie dzia\u0142a\u0144 WO\u015aP z\u00a0wydatkami pa\u0144stwa lub innymi fundacjami w\u00a0celu deprecjonowania skali pomocy Orkiestry.<\/li>\n<\/ul>\n<p class=\"Paragraph_desktopParagraph__U31Gm\">\u2014 Uwag\u0119 zwraca fakt, \u017ce negatywne tre\u015bci rozprzestrzeniaj\u0105 si\u0119 znacznie szybciej i buduj\u0105 wy\u017csze zaanga\u017cowanie ni\u017c komunikaty pozytywne. Przewaga przeciwnik\u00f3w WO\u015aP w Top 20 najaktywniejszych kont wynika z wysokiej mobilizacji \u015brodowisk krytycznych, kt\u00f3re wykorzystuj\u0105 mechanizmy platform takich jak X, czy TikTok do budowania szerokich zasi\u0119g\u00f3w opartych na silnych, cz\u0119sto negatywnych emocjach. Wspieraj\u0105cy WO\u015aP, cho\u0107 liczni w \u015bwiecie rzeczywistym \u2014 co widzimy po kolejnych rekordach zbi\u00f3rek \u2014 w badanej pr\u00f3bie cyfrowej wykazuj\u0105 mniejsz\u0105 aktywno\u015b\u0107 wchodzenia w bezpo\u015brednie polemiki \u2014 komentuje Tomasz Lubieniecki z IMM.<\/p>\n<p>Dyskusja z roku na rok przybiera na sile <\/p>\n<p class=\"Paragraph_desktopParagraph__U31Gm\">Instytut Monitorowania Medi\u00f3w ju\u017c po raz drugi przyjrza\u0142 si\u0119 internetowemu hejtowi wok\u00f3\u0142 Jerzego Owsiaka. W ubieg\u0142ym roku eksperci IMM por\u00f3wnali, jak na przestrzeni lat zmieni\u0142a si\u0119 skala i temperatura tej dyskusji. Podczas gdy w 2024 r. w debacie wok\u00f3\u0142 lidera WO\u015aP dominowa\u0142y frazy nacechowane pozytywnie, takie jak: &#8222;honorowy obywatel&#8221;, &#8222;leczenie chor\u00f3b p\u0142uc&#8221; czy &#8222;akcja charytatywna&#8221;, ju\u017c w 2025 roku dominowa\u0142y sformu\u0142owania o wyd\u017awi\u0119ku negatywnym: &#8222;kryzys wizerunkowy&#8221; &#8222;festiwal k\u0142amstw&#8221;, &#8222;kierowanie gr\u00f3\u017ab karalnych&#8221;.<\/p>\n<p class=\"Paragraph_desktopParagraph__U31Gm\">Analiza ukaza\u0142a tak\u017ce gwa\u0142townie rosn\u0105c\u0105 dynamik\u0119 dyskusji wok\u00f3\u0142 WO\u015aP, co by\u0142o szczeg\u00f3lnie widoczne w mediach publicznych. Podczas gdy w latach 2020-2023 TVP Info publikowa\u0142o zaledwie kilka-kilkadziesi\u0105t przekaz\u00f3w na temat akcji Owsiaka rocznie, w 2024 roku by\u0142o to ju\u017c 240 materia\u0142\u00f3w, a tylko w styczniu 2025 roku odnotowano a\u017c 728 publikacji.<\/p>\n<p class=\"Paragraph_desktopParagraph__U31Gm\">Analiz\u0119 na temat Jerzego Owsiaka przeprowadzono na podstawie wpis\u00f3w w mediach spo\u0142eczno\u015bciowych w dniach 15 grudnia 2025 r. \u2014 5 stycznia 2026 r. (stan interakcji na godz. 20.00 06.01.2026). W TOP 20 nie uwzgl\u0119dniono facebookowych profili \u015awiat Gwiazd, Sensacje oraz Onet, kt\u00f3re znalaz\u0142y si\u0119 pod wzgl\u0119dem liczby interakcji w dwudziestce, ale nie wyra\u017ca\u0142y opinii o Jerzym Owsiaku. By\u0142y to jedynie wpisy zapowiadaj\u0105ce artyku\u0142y na stronie internetowej lub pytaj\u0105ce internaut\u00f3w co s\u0105dz\u0105 o dzia\u0142alno\u015bci Jerzego Owsiaka.<\/p>\n","protected":false},"excerpt":{"rendered":"WO\u015aP 2026. Machina nap\u0119dzaj\u0105ca negatywne emocje ponownie ruszy\u0142a Instytut Monitorowania Medi\u00f3w przeanalizowa\u0142 liczb\u0119 interakcji (komentarze, reakcje, udost\u0119pnienia) pod&hellip;\n","protected":false},"author":2,"featured_media":194159,"comment_status":"","ping_status":"","sticky":false,"template":"","format":"standard","meta":{"footnotes":""},"categories":[12],"tags":[32,33,244,36,37,27,31520,6821,34,35,28,31,53,25,52,68,51,55,42,38,40,39,41,47,196,29,30,50,26],"class_list":{"0":"post-194158","1":"post","2":"type-post","3":"status-publish","4":"format-standard","5":"has-post-thumbnail","7":"category-polska","8":"tag-breaking-news","9":"tag-breakingnews","10":"tag-ctr_tst","11":"tag-featured-news","12":"tag-featurednews","13":"tag-headlines","14":"tag-instytut_monitorowania_mediow","15":"tag-job","16":"tag-latest-news","17":"tag-latestnews","18":"tag-naglowki","19":"tag-najwazniejsze-artykuly","20":"tag-new_header","21":"tag-news","22":"tag-onet3","23":"tag-onet3d","24":"tag-onet3d_2i","25":"tag-phx","26":"tag-pl","27":"tag-poland","28":"tag-polish","29":"tag-polska","30":"tag-polski","31":"tag-screening_general","32":"tag-styl_zycia","33":"tag-top-stories","34":"tag-topstories","35":"tag-v2021","36":"tag-wiadomosci"},"share_on_mastodon":{"url":"https:\/\/pubeurope.com\/@pl\/115860363316638582","error":""},"_links":{"self":[{"href":"https:\/\/www.europesays.com\/pl\/wp-json\/wp\/v2\/posts\/194158","targetHints":{"allow":["GET"]}}],"collection":[{"href":"https:\/\/www.europesays.com\/pl\/wp-json\/wp\/v2\/posts"}],"about":[{"href":"https:\/\/www.europesays.com\/pl\/wp-json\/wp\/v2\/types\/post"}],"author":[{"embeddable":true,"href":"https:\/\/www.europesays.com\/pl\/wp-json\/wp\/v2\/users\/2"}],"replies":[{"embeddable":true,"href":"https:\/\/www.europesays.com\/pl\/wp-json\/wp\/v2\/comments?post=194158"}],"version-history":[{"count":0,"href":"https:\/\/www.europesays.com\/pl\/wp-json\/wp\/v2\/posts\/194158\/revisions"}],"wp:featuredmedia":[{"embeddable":true,"href":"https:\/\/www.europesays.com\/pl\/wp-json\/wp\/v2\/media\/194159"}],"wp:attachment":[{"href":"https:\/\/www.europesays.com\/pl\/wp-json\/wp\/v2\/media?parent=194158"}],"wp:term":[{"taxonomy":"category","embeddable":true,"href":"https:\/\/www.europesays.com\/pl\/wp-json\/wp\/v2\/categories?post=194158"},{"taxonomy":"post_tag","embeddable":true,"href":"https:\/\/www.europesays.com\/pl\/wp-json\/wp\/v2\/tags?post=194158"}],"curies":[{"name":"wp","href":"https:\/\/api.w.org\/{rel}","templated":true}]}}