{"id":194185,"date":"2026-01-08T16:27:09","date_gmt":"2026-01-08T16:27:09","guid":{"rendered":"https:\/\/www.europesays.com\/pl\/194185\/"},"modified":"2026-01-08T16:27:09","modified_gmt":"2026-01-08T16:27:09","slug":"ice-zastrzelilo-kobiete-w-minneapolis-ekspert-zwraca-uwage-na-jeden-szczegol","status":"publish","type":"post","link":"https:\/\/www.europesays.com\/pl\/194185\/","title":{"rendered":"ICE zastrzeli\u0142o kobiet\u0119 w Minneapolis. Ekspert zwraca uwag\u0119 na jeden szczeg\u00f3\u0142"},"content":{"rendered":"\n<p><a href=\"https:\/\/wiadomosci.wp.pl\/agent-ice-zastrzelil-kobiete-chaos-na-ulicach-minneapolis-7240954229885920a\" rel=\"noopener noreferrer nofollow\" target=\"_blank\">W Minneapolis, w\u00a0ameryka\u0144skim stanie Minnesota, zgin\u0119\u0142a w\u00a0\u015brod\u0119 37-letnia kobieta, gdy funkcjonariusz urz\u0119du ds. imigracji i\u00a0egzekwowania ce\u0142 (ICE) otworzy\u0142 ogie\u0144 podczas szeroko zakrojonej operacji deportacyjnej.<\/a> Strzelanina wywo\u0142a\u0142a fal\u0119 protest\u00f3w i\u00a0ostr\u0105 krytyk\u0119 w\u0142adz miasta pod adresem administracji federalnej.<\/p>\n<p><a href=\"https:\/\/wiadomosci.wp.pl\/zastrzelil-ja-agent-ice-kim-byla-37-letnia-renee-nicole-good-7241216113625600a\" rel=\"noopener noreferrer nofollow\" target=\"_blank\">Ofiara to 37-letnia Renee Nicole Good,\u00a0obywatelka USA i\u00a0matka tr\u00f3jki dzieci.<\/a><\/p>\n<p>Sceny na\u00a0S19. Za\u00a0kierownic\u0105 20-letni Ukrainiec. Nagle wysiad\u0142 z\u00a0auta <\/p>\n<p>Szef policji w\u00a0Minneapolis Brian O\u2019Hara poinformowa\u0142, \u017ce zgin\u0119\u0142a 37-letnia bia\u0142a kobieta, wobec kt\u00f3rej nie by\u0142o prowadzone \u017cadne post\u0119powanie imigracyjne. Zosta\u0142a postrzelona w\u00a0g\u0142ow\u0119 i\u00a0zmar\u0142a po przewiezieniu do szpitala. Spraw\u0119 przej\u0119\u0142o FBI oraz stanowe organy \u015bledcze.<\/p>\n<p> <img role=\"presentation\" class=\"absolute left-1\/2 top-1\/2 max-h-[80%] max-w-[100px] -translate-x-1\/2 -translate-y-1\/2\" src=\"https:\/\/v.wpimg.pl\/ZXJfd3AudTkrBBIAbg54LGhcRlAxHQUrPgJGH2MAeGJoSQ1eIBI_K2UHAEVuBTY5KQMMXC0RPyoVERQdMgM9ejc\" loading=\"lazy\" decoding=\"async\"\/> <\/p>\n<p>Wed\u0142ug Ministerstwa Bezpiecze\u0144stwa Krajowego (DHS) funkcjonariusz ICE odda\u0142 strza\u0142y &#8222;w obawie o\u00a0w\u0142asne \u017cycie oraz bezpiecze\u0144stwo innych&#8221;, gdy kobieta mia\u0142a &#8222;u\u017cy\u0107 pojazdu jako broni&#8221; i\u00a0pr\u00f3bowa\u0107 potr\u0105ci\u0107 agent\u00f3w.<\/p>\n<p>\u2013 Broni\u0105c si\u0119, funkcjonariusz odda\u0142 strza\u0142y &#8211;\u00a0oznajmi\u0142a rzeczniczka DHS Tricia McLaughlin, cytowana przez agencj\u0119 Reutera. Z\u00a0kolei szefowa DHS Kristi Noem okre\u015bli\u0142a dzia\u0142ania kobiety jako &#8222;akt terroryzmu domowego&#8221; i\u00a0zapowiedzia\u0142a dalsz\u0105 ochron\u0119 agent\u00f3w federalnych.<\/p>\n<p>Burmistrz Minneapolis Jacob Frey stanowczo odrzuci\u0142 wersj\u0119 o\u00a0samoobronie, kt\u00f3r\u0105 forsuj\u0105 organy federalne.<\/p>\n<p> <img role=\"presentation\" class=\"absolute left-1\/2 top-1\/2 max-h-[80%] max-w-[100px] -translate-x-1\/2 -translate-y-1\/2\" src=\"https:\/\/v.wpimg.pl\/ZXJfd3AudTkrBBIAbg54LGhcRlAxHQUrPgJGH2MAeGJoSQ1eIBI_K2UHAEVuBTY5KQMMXC0RPyoVERQdMgM9ejc\" loading=\"lazy\" decoding=\"async\"\/> <\/p>\n<p> Nagranie przeanalizowa\u0142 tak\u017ce Andrzej Mroczek, by\u0142y funkcjonariusz i\u00a0ekspert ds. przest\u0119pczo\u015bci zorganizowanej i\u00a0kryminalnej, terroryzmu i\u00a0terroru kryminalnego z\u00a0Uniwersytetu Civitas.<\/p>\n<p> <a href=\"https:\/\/wiadomosci.wp.pl\/szokujaca-reakcja-agentow-ice-po-strzalach-do-kobiety-w-minneapolis-7241100430498784a\" class=\"teaser-inline\" rel=\"nofollow noopener\" target=\"_blank\">  <img decoding=\"async\" src=\"https:\/\/www.europesays.com\/pl\/wp-content\/uploads\/2026\/01\/MWI1YjgwYjYoUy9ZSAxvI2sLewMOVWF1PBNjSEhGf295SXYMDhsoJSxBNkQABTgnKEYpRBcbYjY5WHYcVlgpPjpBNQseWCg6K1Q9.jpeg\" width=\"0\" height=\"0\" loading=\"lazy\" class=\"wp-media-image cropped\" alt=\"Szokuj\u0105ca reakcja agent\u00f3w ICE po strza\u0142ach do kobiety w Minneapolis\"\/><\/p>\n<p>Szokuj\u0105ca reakcja agent\u00f3w ICE po strza\u0142ach do kobiety w Minneapolis<\/p>\n<p><\/a><\/p>\n<p>Taktyczne b\u0142\u0119dy i\u00a0przekroczenie uprawnie\u0144 <\/p>\n<p>Ekspert zaznacza na wst\u0119pie, \u017ce &#8222;taktyka interwencji w\u00a0USA nieco si\u0119 r\u00f3\u017cni od tej polskiej&#8221;. Ameryka\u0144skie s\u0142u\u017cby, niezale\u017cnie od ich specyfiki, maj\u0105 &#8222;wi\u0119ksz\u0105 tolerancj\u0119 prawn\u0105 na u\u017cycie broni&#8221; ni\u017c polskie s\u0142u\u017cby.<\/p>\n<p> <img role=\"presentation\" class=\"absolute left-1\/2 top-1\/2 max-h-[80%] max-w-[100px] -translate-x-1\/2 -translate-y-1\/2\" src=\"https:\/\/v.wpimg.pl\/ZXJfd3AudTkrBBIAbg54LGhcRlAxHQUrPgJGH2MAeGJoSQ1eIBI_K2UHAEVuBTY5KQMMXC0RPyoVERQdMgM9ejc\" loading=\"lazy\" decoding=\"async\"\/> <\/p>\n<p>Sytuacja ta ma zwi\u0105zek oczywi\u015bcie z\u00a0ameryka\u0144skim prawodawstwem, jak i\u00a0praktyk\u0105, wynikaj\u0105c\u0105 z\u00a0dost\u0119pno\u015bci broni. Sprawa jednak nie ma wp\u0142ywu na to, \u017ce w\u00a0ocenie Mroczka w\u00a0przypadku interwencji w\u00a0Minneapolis, &#8222;dosz\u0142o do przekroczenia uprawnie\u0144 tego funkcjonariusza ICE&#8221;.<\/p>\n<p>By\u0142y funkcjonariusz ocenia sekwencje zdarze\u0144 sekunda po sekundzie. &#8211;\u00a0Prowadz\u0105ca ten samoch\u00f3d istotnie ruszy\u0142a. Natomiast ona nie skierowa\u0142a tego samochodu bezpo\u015brednio na tego, kt\u00f3ry sta\u0142 z\u00a0przodu, tylko skr\u0119ci\u0142a ko\u0142ami. Czyli tak jakby chcia\u0142a po prostu go omin\u0105\u0107, a\u00a0nie staranowa\u0107 &#8211;\u00a0m\u00f3wi w\u00a0rozmowie z\u00a0Wirtualn\u0105 Polsk\u0105. <\/p>\n<p>Zachowanie funkcjonariusza, kt\u00f3ry w\u00a0momencie interwencji zastawi\u0142 drog\u0119 pojazdowi swoim cia\u0142em, ocenia jednoznacznie. &#8211;\u00a0To g\u0142upota &#8211;\u00a0m\u00f3wi. Mroczek podkre\u015bla przy tym stanowczo, \u017ce &#8222;nie zostawia si\u0119 pojazdu w\u00a0ruchu swoim cia\u0142em&#8221;, wskazuj\u0105c na fundamentalny b\u0142\u0105d taktyczny funkcjonariusza.<\/p>\n<p> <img role=\"presentation\" class=\"absolute left-1\/2 top-1\/2 max-h-[80%] max-w-[100px] -translate-x-1\/2 -translate-y-1\/2\" src=\"https:\/\/v.wpimg.pl\/ZXJfd3AudTkrBBIAbg54LGhcRlAxHQUrPgJGH2MAeGJoSQ1eIBI_K2UHAEVuBTY5KQMMXC0RPyoVERQdMgM9ejc\" loading=\"lazy\" decoding=\"async\"\/><\/p>\n<p>Funkcjonariusz ICE si\u0119ga po\u00a0bro\u0144 <\/p>\n<p>Kolejnym aspektem, na kt\u00f3ry zwraca uwag\u0119 Mroczek, jest spos\u00f3b u\u017cycia broni. Na nagraniu widzimy, jak funkcjonariusz oddaje trzy strza\u0142y. &#8211;\u00a0Przynajmniej pierwszy strza\u0142 pada przez przedni\u0105 szyb\u0119 &#8211;\u00a0podkre\u015bla ekspert. W\u00a0tym momencie pojawia si\u0119 jedyna w\u0105tpliwo\u015b\u0107, kt\u00f3ra w\u00a0og\u00f3lnej ocenie zaj\u015bcia nie ma jednak znaczenia. Kolejne strza\u0142y padaj\u0105 albo przez przedni\u0105, albo boczn\u0105 szyb\u0119 pojazdu.<\/p>\n<p>Tutaj nale\u017cy zwr\u00f3ci\u0107 uwag\u0119 na r\u00f3\u017cnic\u0119 mi\u0119dzy USA a\u00a0Polsk\u0105. Nad Wis\u0142\u0105 mamy rozgraniczenie mi\u0119dzy &#8222;u\u017cyciem&#8221; a\u00a0&#8222;wykorzystaniem&#8221; broni palnej. &#8211;\u00a0W\u00a0polskim prawie u\u017cycie broni to jest bezpo\u015brednio w\u00a0cz\u0142owieka, a\u00a0wykorzystanie to &#8211;\u00a0powiedzmy &#8211;\u00a0jest w\u00a0pojazd, maj\u0105ce na celu udaremnienie ucieczki. Przek\u0142adaj\u0105c to na polskie realia, w\u00a0tej sytuacji nale\u017ca\u0142oby wykorzysta\u0107 bro\u0144, a\u00a0nie u\u017cy\u0107. Polski standard zak\u0142ada oddawanie strza\u0142\u00f3w w\u00a0pojazd, gdy zagro\u017cenie dla funkcjonariuszy ustaje, co pozwala na wykorzystanie broni, a\u00a0nie jej u\u017cycie przeciwko osobie &#8211;\u00a0t\u0142umaczy Mroczek. <\/p>\n<p>Funkcjonariusz sam sprowadzi\u0142 na\u00a0siebie zagro\u017cenie <\/p>\n<p>Mroczek krytykuje postaw\u0119 funkcjonariusza, kt\u00f3ry &#8222;sam stworzy\u0142 zagro\u017cenie dla siebie&#8221;. W ocenie eksperta wynika to z\u00a0tego, \u017ce oficer stan\u0105\u0142 bezpo\u015brednio przed mask\u0105 samochodu. Zdaniem rozm\u00f3wcy WP funkcjonariusz powinien by\u0142 przewidzie\u0107 takie zagro\u017cenie i\u00a0unikn\u0105\u0107 sytuacji, w\u00a0kt\u00f3rej sam sta\u0142 si\u0119 potencjaln\u0105 ofiar\u0105. &#8211;\u00a0Pomimo obecno\u015bci na miejscu innych si\u0142 i\u00a0\u015brodk\u00f3w s\u0142u\u017cb, kt\u00f3re pozwala\u0142y na to, aby szybko i\u00a0skutecznie zareagowa\u0107, podj\u0105\u0142 on decyzj\u0119 o\u00a0bezpo\u015brednim strzale &#8211;\u00a0podkre\u015bla.<\/p>\n<p> <img role=\"presentation\" class=\"absolute left-1\/2 top-1\/2 max-h-[80%] max-w-[100px] -translate-x-1\/2 -translate-y-1\/2\" src=\"https:\/\/v.wpimg.pl\/ZXJfd3AudTkrBBIAbg54LGhcRlAxHQUrPgJGH2MAeGJoSQ1eIBI_K2UHAEVuBTY5KQMMXC0RPyoVERQdMgM9ejc\" loading=\"lazy\" decoding=\"async\"\/> <a href=\"https:\/\/wiadomosci.wp.pl\/to-kwestia-czasu-analityk-pism-o-przejeciu-przez-usa-grenlandii-7241191165316064a\" class=\"teaser-inline\" rel=\"nofollow noopener\" target=\"_blank\">  <img decoding=\"async\" src=\"https:\/\/www.europesays.com\/pl\/wp-content\/uploads\/2026\/01\/NmRlZWE4YQwzDixkak9sGXBWeD4sFmJPJ05gdWoFfFViFHUxLFgrHzccNXkiRjsdMxsqeTVYYQwiBXUhdBsqBCEcNjY8GysAMAk-.jpeg\" width=\"0\" height=\"0\" loading=\"lazy\" class=\"wp-media-image cropped\" alt=\"&quot;To kwestia czasu&quot;. Analityk PISM o przej\u0119ciu przez USA Grenlandii\"\/><\/p>\n<p>&#8222;To kwestia czasu&#8221;. Analityk PISM o przej\u0119ciu przez USA Grenlandii<\/p>\n<p><\/a> <\/p>\n<p>Wyk\u0142adowca wskazuje na jeszcze jeden aspekt, kt\u00f3ry niejako przemawia na korzy\u015b\u0107 funkcjonariusza. &#8211;\u00a0Musia\u0142 podj\u0105\u0107 decyzj\u0119 w\u00a0u\u0142amku sekundy &#8211;\u00a0m\u00f3wi. Oficer nie ma czasu na analizy wsteczne, decyzja musi by\u0107 podejmowana b\u0142yskawicznie. &#8211;\u00a0M\u00f3g\u0142 to zinterpretowa\u0107 tak, \u017ce istnieje dla niego zagro\u017cenie, \u017ce ta kobieta atakuje go tym pojazdem &#8211;\u00a0podkre\u015bla Mroczek. <\/p>\n<p>&#8211; Jest jednak tak, jak powiedzia\u0142em wcze\u015bniej. On sam stworzy\u0142 tak\u0105 sytuacj\u0119 &#8211;\u00a0zaznacza. <\/p>\n<p> <img role=\"presentation\" class=\"absolute left-1\/2 top-1\/2 max-h-[80%] max-w-[100px] -translate-x-1\/2 -translate-y-1\/2\" src=\"https:\/\/v.wpimg.pl\/ZXJfd3AudTkrBBIAbg54LGhcRlAxHQUrPgJGH2MAeGJoSQ1eIBI_K2UHAEVuBTY5KQMMXC0RPyoVERQdMgM9ejc\" loading=\"lazy\" decoding=\"async\"\/> <\/p>\n<p>Tomasz Wale\u0144ski, dziennikarz Wirtualnej Polski<\/p>\n","protected":false},"excerpt":{"rendered":"W Minneapolis, w\u00a0ameryka\u0144skim stanie Minnesota, zgin\u0119\u0142a w\u00a0\u015brod\u0119 37-letnia kobieta, gdy funkcjonariusz urz\u0119du ds. imigracji i\u00a0egzekwowania ce\u0142 (ICE) otworzy\u0142&hellip;\n","protected":false},"author":2,"featured_media":194186,"comment_status":"","ping_status":"","sticky":false,"template":"","format":"standard","meta":{"footnotes":""},"categories":[5],"tags":[32,33,36,37,27,34,35,28,31,25,42,38,40,39,41,29,30,26],"class_list":{"0":"post-194185","1":"post","2":"type-post","3":"status-publish","4":"format-standard","5":"has-post-thumbnail","7":"category-naglowki","8":"tag-breaking-news","9":"tag-breakingnews","10":"tag-featured-news","11":"tag-featurednews","12":"tag-headlines","13":"tag-latest-news","14":"tag-latestnews","15":"tag-naglowki","16":"tag-najwazniejsze-artykuly","17":"tag-news","18":"tag-pl","19":"tag-poland","20":"tag-polish","21":"tag-polska","22":"tag-polski","23":"tag-top-stories","24":"tag-topstories","25":"tag-wiadomosci"},"share_on_mastodon":{"url":"https:\/\/pubeurope.com\/@pl\/115860422364019848","error":""},"_links":{"self":[{"href":"https:\/\/www.europesays.com\/pl\/wp-json\/wp\/v2\/posts\/194185","targetHints":{"allow":["GET"]}}],"collection":[{"href":"https:\/\/www.europesays.com\/pl\/wp-json\/wp\/v2\/posts"}],"about":[{"href":"https:\/\/www.europesays.com\/pl\/wp-json\/wp\/v2\/types\/post"}],"author":[{"embeddable":true,"href":"https:\/\/www.europesays.com\/pl\/wp-json\/wp\/v2\/users\/2"}],"replies":[{"embeddable":true,"href":"https:\/\/www.europesays.com\/pl\/wp-json\/wp\/v2\/comments?post=194185"}],"version-history":[{"count":0,"href":"https:\/\/www.europesays.com\/pl\/wp-json\/wp\/v2\/posts\/194185\/revisions"}],"wp:featuredmedia":[{"embeddable":true,"href":"https:\/\/www.europesays.com\/pl\/wp-json\/wp\/v2\/media\/194186"}],"wp:attachment":[{"href":"https:\/\/www.europesays.com\/pl\/wp-json\/wp\/v2\/media?parent=194185"}],"wp:term":[{"taxonomy":"category","embeddable":true,"href":"https:\/\/www.europesays.com\/pl\/wp-json\/wp\/v2\/categories?post=194185"},{"taxonomy":"post_tag","embeddable":true,"href":"https:\/\/www.europesays.com\/pl\/wp-json\/wp\/v2\/tags?post=194185"}],"curies":[{"name":"wp","href":"https:\/\/api.w.org\/{rel}","templated":true}]}}