{"id":194195,"date":"2026-01-08T16:36:13","date_gmt":"2026-01-08T16:36:13","guid":{"rendered":"https:\/\/www.europesays.com\/pl\/194195\/"},"modified":"2026-01-08T16:36:13","modified_gmt":"2026-01-08T16:36:13","slug":"corka-klaudii-el-dursi-zachorowala-serce-mi-peklo-na-milion-kawalkow","status":"publish","type":"post","link":"https:\/\/www.europesays.com\/pl\/194195\/","title":{"rendered":"C\u00f3rka Klaudii El Dursi zachorowa\u0142a. &#8222;Serce mi p\u0119k\u0142o na milion kawa\u0142k\u00f3w&#8221;"},"content":{"rendered":"<p class=\"Paragraph_desktopParagraph__U31Gm\">Klaudia El Dursi jest dumn\u0105 mam\u0105 tr\u00f3jki dzieci \u2014 dw\u00f3ch syn\u00f3w oraz c\u00f3rki, Carmen, kt\u00f3ra przysz\u0142a na \u015bwiat w lipcu 2025 r. Gwiazda nie kry\u0142a rado\u015bci z narodzin dziewczynki i od tamtej pory ch\u0119tnie dzieli si\u0119 swoimi przemy\u015bleniami oraz do\u015bwiadczeniami zwi\u0105zanymi z macierzy\u0144stwem. Niedawno opowiedzia\u0142a tak\u017ce o <a href=\"https:\/\/plejada.pl\/newsy\/klaudia-el-dursi-o-kryzysie-sennym-corki-w-dzien-wcale-nie-jest-lepiej\/n6skdmc?utm_source=plejada.pl_viasg_plejada&amp;utm_medium=referal&amp;utm_campaign=leo_automatic&amp;srcc=undefined&amp;utm_v=2\" id=\"b1eee165-c54b-49f0-b327-496cdfb4a29e\" rel=\"nofollow noopener\" target=\"_blank\">trudno\u015bciach, z jakimi przysz\u0142o jej si\u0119 zmierzy\u0107.<\/a><\/p>\n<p class=\"Paragraph_desktopParagraph__U31Gm\">&#8222;Od kilku tygodni mamy kryzys senny. Nie pami\u0119tam, kiedy ma\u0142a spala d\u0142u\u017cej ni\u017c 1,5 godziny ci\u0105giem&#8230; Pobudki co 20-30 minut maks. godzina, to nasza codzienno\u015b\u0107. Bywa te\u017c i tak, \u017ce godzink\u0119 w nocy sp\u0119dzamy na gadaniu. Jeszcze troszk\u0119 si\u0142y mam, ale nie powiem&#8230; lekko nie jest. Ka\u017cdego dnia sobie powtarzam, \u017ce ko\u0144cu kiedy\u015b zacznie spa\u0107, bo zacznie, prawda?&#8221; \u2014 napisa\u0142a.<\/p>\n<ul class=\"OchatFollowUps_wrapper__1ry7X\">\n<li class=\"OchatFollowUps_item__Dhyly OchatFollowUps_itemDesktop__R6aBv\">Jakie objawy mia\u0142a c\u00f3rka Klaudii El Dursi?<\/li>\n<li class=\"OchatFollowUps_item__Dhyly OchatFollowUps_itemDesktop__R6aBv\">Kiedy urodzi\u0142a si\u0119 c\u00f3rka Klaudii El Dursi?<\/li>\n<li class=\"OchatFollowUps_item__Dhyly OchatFollowUps_itemDesktop__R6aBv\">Jak d\u0142ugo trwa kryzys senny, o kt\u00f3rym pisa\u0142a Klaudia?<\/li>\n<li class=\"OchatFollowUps_item__Dhyly OchatFollowUps_itemDesktop__R6aBv\">Jak Klaudia El Dursi zareagowa\u0142a na chorob\u0119 c\u00f3rki?<\/li>\n<\/ul>\n<p>C\u00f3rka Klaudii El Dursi zachorowa\u0142a. &#8222;Serce mi p\u0119k\u0142o na milion kawa\u0142k\u00f3w&#8221; <\/p>\n<p class=\"Paragraph_desktopParagraph__U31Gm\">Teraz Klaudia El Dursi poinformowa\u0142a o okresie chorobowym panuj\u0105cym w jej domu. Cho\u0107 w ostatnim czasie celebrytka stara\u0142a si\u0119 unika\u0107 spotka\u0144 z przyjaci\u00f3\u0142mi, to nie uda\u0142o jej si\u0119 unikn\u0105\u0107 z\u0142ego samopoczucia.<\/p>\n<p class=\"Paragraph_desktopParagraph__U31Gm\">&#8222;Choroba jako\u015b sama przysz\u0142a do nas. Choruj\u0119 \u015brednio raz na kilka lat i w\u0142a\u015bnie przyszed\u0142 ten moment. Cho\u0107 ja udawa\u0142am, \u017ce si\u0119 \u015bwietnie czuj\u0119, to nie uchroni\u0142o Carmen od zara\u017cenia&#8221; \u2014 napisa\u0142a na InstaStory, informuj\u0105c, \u017ce zachorowa\u0142\u0105 r\u00f3wnie\u017c jej c\u00f3rka.<\/p>\n<blockquote>\n<p class=\"Paragraph_desktopParagraph__U31Gm\">Dzi\u015b w nocy 40 stopni temperatury i totalne przera\u017cenie. Ma\u0142a patrzy\u0142a na mnie swoimi malutkimi oczami, kt\u00f3re m\u00f3wi\u0142y: &#8222;Mamo, pom\u00f3\u017c&#8221;. Serce mi p\u0119k\u0142o na milion kawa\u0142k\u00f3w<\/p>\n<\/blockquote>\n<p class=\"Paragraph_desktopParagraph__U31Gm\">\u2014 przekaza\u0142a.<\/p>\n<p><img decoding=\"async\" class=\"Image_image__0tuHp Image_autoHeight__f2n87 \" height=\"587\" width=\"325\" src=\"https:\/\/www.europesays.com\/pl\/wp-content\/uploads\/2026\/01\/ngtk9kpTURBXy85Yzg2ZGU5MjY3NDc3NWVhYWNmMGE3NWRjODZjNzQ5Yi5wbmeSlQLNA6wAwsOVAgDNAkvCw94AA6EwAaExAaEzw.jpeg\" alt=\"Klaudia El Dursi na Instagramie \" loading=\"lazy\" \/>Instagram<\/p>\n<p>Klaudia El Dursi na Instagramie <\/p>\n<p><img decoding=\"async\" class=\"Image_image__0tuHp Image_autoHeight__f2n87 \" height=\"587\" width=\"391\" src=\"https:\/\/www.europesays.com\/pl\/wp-content\/uploads\/2026\/01\/ewqk9kpTURBXy83YWY0Njg0ZmQwZDc4ZTI3NzAxYzMxNTc2Y2I3NmJjNi5qcGeSlQLNA6wAwsOVAgDNAkvCw94AA6EwAaExAaEzw.jpeg\" alt=\"Klaudia El Dursi (2024 r.)\" loading=\"lazy\" \/>Andras Szylagyi \/ MW Media<\/p>\n<p>Klaudia El Dursi (2024 r.)<\/p>\n<p class=\"Paragraph_desktopParagraph__U31Gm\">Dzi\u0119kujemy, \u017ce przeczyta\u0142a\u015b\/e\u015b nasz artyku\u0142 do ko\u0144ca. W serwisie Plejada.pl ka\u017cdego dnia piszemy o najwa\u017cniejszych wydarzeniach show-biznesowych. B\u0105d\u017a na bie\u017c\u0105co! <a rel=\"nofollow noopener\" href=\"https:\/\/news.google.com\/publications\/CAAiEF0PeAlb7W1llpV_mwV2rL4qFAgKIhBdD3gJW-1tZZaVf5sFdqy-?hl=pl&amp;gl=PL&amp;ceid=PL%3Apl\" id=\"f8bd564c-bf8b-47d0-b395-e182c6b6f8db\" target=\"_blank\">Obserwuj<\/a> Plejad\u0119 w Google. Odwied\u017a nas tak\u017ce na <a rel=\"nofollow noopener\" href=\"https:\/\/www.facebook.com\/plejadapl\" id=\"f2990262-783d-457e-a8b5-45233fc54a71\" target=\"_blank\">Facebooku<\/a>, <a rel=\"nofollow noopener\" href=\"https:\/\/www.instagram.com\/plejadapl\/\" id=\"e9511455-3862-432b-899f-3a0a764fa7e1\" target=\"_blank\">Instagramie<\/a>, <a rel=\"nofollow noopener\" href=\"https:\/\/www.youtube.com\/c\/plejada\" id=\"5fb68dcb-e73f-4ff1-90b3-7ae1b38bc4d4\" target=\"_blank\">YouTubie<\/a> oraz <a rel=\"nofollow noopener\" href=\"https:\/\/www.tiktok.com\/@plejada_pl\" id=\"d12e691d-5526-4e25-946b-360b67c1b70c\" target=\"_blank\">TikToku<\/a>.<\/p>\n<p class=\"Paragraph_desktopParagraph__U31Gm\">Chcesz podzieli\u0107 si\u0119 ciekawym newsem lub zaproponowa\u0107 temat? Skontaktuj si\u0119 z nami, pisz\u0105c maila na adres: plejada@redakcjaonet.pl.<\/p>\n<p><script async src=\"\/\/www.instagram.com\/embed.js\"><\/script><script async src=\"\/\/www.tiktok.com\/embed.js\"><\/script><\/p>\n","protected":false},"excerpt":{"rendered":"Klaudia El Dursi jest dumn\u0105 mam\u0105 tr\u00f3jki dzieci \u2014 dw\u00f3ch syn\u00f3w oraz c\u00f3rki, Carmen, kt\u00f3ra przysz\u0142a na \u015bwiat&hellip;\n","protected":false},"author":2,"featured_media":194196,"comment_status":"","ping_status":"","sticky":false,"template":"","format":"standard","meta":{"footnotes":""},"categories":[22],"tags":[244,122,67,314,53,52,68,51,55,42,38,40,39,41,123,47,196,65,50],"class_list":{"0":"post-194195","1":"post","2":"type-post","3":"status-publish","4":"format-standard","5":"has-post-thumbnail","7":"category-rozrywka","8":"tag-ctr_tst","9":"tag-entertainment","10":"tag-intextvideo_splayer","11":"tag-klaudia_el_dursi","12":"tag-new_header","13":"tag-onet3","14":"tag-onet3d","15":"tag-onet3d_2i","16":"tag-phx","17":"tag-pl","18":"tag-poland","19":"tag-polish","20":"tag-polska","21":"tag-polski","22":"tag-rozrywka","23":"tag-screening_general","24":"tag-styl_zycia","25":"tag-update_me","26":"tag-v2021"},"share_on_mastodon":{"url":"https:\/\/pubeurope.com\/@pl\/115860457670125718","error":""},"_links":{"self":[{"href":"https:\/\/www.europesays.com\/pl\/wp-json\/wp\/v2\/posts\/194195","targetHints":{"allow":["GET"]}}],"collection":[{"href":"https:\/\/www.europesays.com\/pl\/wp-json\/wp\/v2\/posts"}],"about":[{"href":"https:\/\/www.europesays.com\/pl\/wp-json\/wp\/v2\/types\/post"}],"author":[{"embeddable":true,"href":"https:\/\/www.europesays.com\/pl\/wp-json\/wp\/v2\/users\/2"}],"replies":[{"embeddable":true,"href":"https:\/\/www.europesays.com\/pl\/wp-json\/wp\/v2\/comments?post=194195"}],"version-history":[{"count":0,"href":"https:\/\/www.europesays.com\/pl\/wp-json\/wp\/v2\/posts\/194195\/revisions"}],"wp:featuredmedia":[{"embeddable":true,"href":"https:\/\/www.europesays.com\/pl\/wp-json\/wp\/v2\/media\/194196"}],"wp:attachment":[{"href":"https:\/\/www.europesays.com\/pl\/wp-json\/wp\/v2\/media?parent=194195"}],"wp:term":[{"taxonomy":"category","embeddable":true,"href":"https:\/\/www.europesays.com\/pl\/wp-json\/wp\/v2\/categories?post=194195"},{"taxonomy":"post_tag","embeddable":true,"href":"https:\/\/www.europesays.com\/pl\/wp-json\/wp\/v2\/tags?post=194195"}],"curies":[{"name":"wp","href":"https:\/\/api.w.org\/{rel}","templated":true}]}}