{"id":194267,"date":"2026-01-08T17:29:08","date_gmt":"2026-01-08T17:29:08","guid":{"rendered":"https:\/\/www.europesays.com\/pl\/194267\/"},"modified":"2026-01-08T17:29:08","modified_gmt":"2026-01-08T17:29:08","slug":"nie-zyje-syn-pisarki-chimamandy-ngozi-adichie","status":"publish","type":"post","link":"https:\/\/www.europesays.com\/pl\/194267\/","title":{"rendered":"Nie \u017cyje syn pisarki Chimamandy Ngozi Adichie"},"content":{"rendered":"<p><img decoding=\"async\" src=\"https:\/\/www.europesays.com\/pl\/wp-content\/uploads\/2026\/01\/1767893348_664_WEBP_LANDSCAPE_320.webp\"   alt=\"Chimamanda Ngozi Adichie\" loading=\"eager\" class=\"sc-eqUAAyy sc-fqkvVRy rseJJy gAuUMIy Picture Picture--16x9\" part=\"Picture Picture--16x9\"\/><\/p>\n<p>Chimamanda Ngozi Adichie<\/p>\n<p>\u0179r\u00f3d\u0142o: Elmar Kremser\/SVEN SIMON\/EPA\/PAP<\/p>\n<p>Rodzina znanej pisarki i feministki Chimamandy Ngozi Adichie poinformowa\u0142a o \u015bmierci jednego z jej syn\u00f3w bli\u017aniak\u00f3w. Nkanu Nnamdi mia\u0142 21 miesi\u0119cy. &#8222;Jeste\u015bmy zdruzgotani&#8221; &#8211; napisano w o\u015bwiadczeniu.<\/p>\n<p class=\"sc-aXZVgy sc-gEvEery ldavXXy dUmtgUy sc-gHCuMny sc-dkkA-Dcy chcjuDy iqYeLUy Paragraph TextBox\" part=\"Paragraph TextBox\" data-paragraph=\"\">Niespe\u0142na dwuletni Nkanu Nnamdi, jeden z bli\u017aniak\u00f3w pisarki Chimamandy Ngozi Adichie i jej m\u0119\u017ca doktora Ivary Esege, zmar\u0142 w \u015brod\u0119 po kr\u00f3tkiej chorobie. Tragiczn\u0105 wiadomo\u015b\u0107 potwierdzili w \u015brod\u0119 wsp\u00f3\u0142pracownicy pisarki. <\/p>\n<p class=\"sc-aXZVgy sc-gEvEery ldavXXy dUmtgUy sc-gHCuMny sc-dkkA-Dcy chcjuDy iqYeLUy Paragraph TextBox\" part=\"Paragraph TextBox\" data-paragraph=\"\">Rodzina okre\u015bli\u0142a strat\u0119 jako &#8222;druzgoc\u0105c\u0105&#8221;. W o\u015bwiadczeniu zaapelowa\u0142a o uszanowanie prywatno\u015bci w tym &#8222;niezwykle trudnym okresie&#8221;. Poprosi\u0142a r\u00f3wnie\u017c o modlitw\u0119 i zrozumienie, gdy op\u0142akuj\u0105 \u015bmier\u0107 dziecka.\u00a0<\/p>\n<p>Kim jest Chimamanda Ngozi Adichie?<\/p>\n<p class=\"sc-aXZVgy sc-gEvEery ldavXXy dUmtgUy sc-gHCuMny sc-dkkA-Dcy chcjuDy iqYeLUy Paragraph TextBox\" part=\"Paragraph TextBox\" data-paragraph=\"\">Pochodz\u0105ca z Nigerii, a mieszkaj\u0105ca w USA Chimamanda Ngozi Adichie zyska\u0142a \u015bwiatow\u0105 s\u0142aw\u0119. Wiele jej ksi\u0105\u017cek ukaza\u0142o si\u0119 r\u00f3wnie\u017c w Polsce, mi\u0119dzy innymi &#8222;Fioletowy hibiskus&#8221;, &#8222;Po\u0142\u00f3wka \u017c\u00f3\u0142tego s\u0142o\u0144ca&#8221;, &#8222;To co\u015b na twojej szyi&#8221; oraz &#8222;Amerykaana&#8221;. Za swoje dzie\u0142a by\u0142a wielokrotnie nagradzana. <\/p>\n<p class=\"sc-aXZVgy sc-gEvEery ldavXXy dUmtgUy sc-gHCuMny sc-dkkA-Dcy chcjuDy iqYeLUy Paragraph TextBox\" part=\"Paragraph TextBox\" data-paragraph=\"\">S\u0142aw\u0119 przynios\u0142o jej r\u00f3wnie\u017c wyst\u0105pienie pod has\u0142em &#8222;Wszyscy powinni\u015bmy by\u0107 feministami&#8221; z 2012 roku. Wyg\u0142osi\u0142a je w ramach ciesz\u0105cych si\u0119 wielk\u0105 popularno\u015bci\u0105 konferencji TED, organizowanych przez fundacj\u0119\u00a0Sapling Foundation, a popularyzuj\u0105cych &#8222;idee warte propagowania&#8221;. Esej Chimamandy Ngozi Adichie pod tym samym tytu\u0142em sta\u0142 si\u0119 kultowy. Cytaty z niego pojawi\u0142y si\u0119 w 2013 roku jako sample w utworze  Beyonce &#8211; &#8222;Flawless&#8221; i na kolekcji ubra\u0144 domu mody Dior.<\/p>\n<p class=\"sc-aXZVgy sc-gEvEery ldavXXy dUmtgUy sc-gHCuMny sc-dkkA-Dcy chcjuDy iqYeLUy Paragraph TextBox\" part=\"Paragraph TextBox\" data-paragraph=\"\">48-letnia Adichie jest kluczow\u0105 postaci\u0105 postkolonialnej literatury feministycznej, a w swojej tw\u00f3rczo\u015bci podejmuje tematy zwi\u0105zane z p\u0142ci\u0105 i imigracj\u0105 &#8211; pisze BBC. W 2015 roku trafi\u0142a na list\u0119 100 najbardziej wp\u0142ywowych os\u00f3b wed\u0142ug magazynu &#8222;Time&#8221;. <\/p>\n<p class=\"sc-aXZVgy sc-gEvEery ldavXXy dUmtgUy sc-gHCuMny sc-dkkA-Dcy chcjuDy iqYeLUy Paragraph TextBox\" part=\"Paragraph TextBox\" data-paragraph=\"\">Swoje pierwsze dziecko, c\u00f3rk\u0119, urodzi\u0142a w 2016 roku. Jej synowie przyszli na \u015bwiat w 2024 roku. <\/p>\n<p class=\"sc-aXZVgy sc-gEvEery ldavXXy dUmtgUy sc-gHCuMny sc-dkkA-Dcy chcjuDy iqYeLUy sc-eRdibty sc-dTciy iXTDvxy bKTejPy ArticleMetaItem Paragraph TextBox\" part=\"ArticleMetaItem Paragraph TextBox\">Autorka\/Autor: mart\/\/az<\/p>\n<p class=\"sc-aXZVgy sc-gEvEery ldavXXy dUmtgUy sc-gHCuMny sc-dkkA-Dcy chcjuDy iqYeLUy sc-eRdibty sc-dTciy iXTDvxy bKTejPy ArticleMetaItem Paragraph TextBox\" part=\"ArticleMetaItem Paragraph TextBox\">\u0179r\u00f3d\u0142o: BBC<\/p>\n<p class=\"sc-aXZVgy sc-gEvEery ldavXXy dUmtgUy sc-gHCuMny sc-dkkA-Dcy chcjuDy iqYeLUy sc-eRdibty sc-dTciy iXTDvxy bKTejPy ArticleMetaItem Paragraph TextBox\" part=\"ArticleMetaItem Paragraph TextBox\">\u0179r\u00f3d\u0142o zdj\u0119cia g\u0142\u00f3wnego: Elmar Kremser\/SVEN SIMON\/EPA\/PAP<\/p>\n","protected":false},"excerpt":{"rendered":"Chimamanda Ngozi Adichie \u0179r\u00f3d\u0142o: Elmar Kremser\/SVEN SIMON\/EPA\/PAP Rodzina znanej pisarki i feministki Chimamandy Ngozi Adichie poinformowa\u0142a o \u015bmierci&hellip;\n","protected":false},"author":2,"featured_media":194268,"comment_status":"","ping_status":"","sticky":false,"template":"","format":"standard","meta":{"footnotes":""},"categories":[12],"tags":[37677,37673,37676,37674,37672,37675,1403,7057,32,33,36,37,27,34,35,1369,28,31,25,42,38,40,39,41,29,30,26],"class_list":{"0":"post-194267","1":"post","2":"type-post","3":"status-publish","4":"format-standard","5":"has-post-thumbnail","7":"category-polska","8":"tag-keywordadichie","9":"tag-keywordchimamanda-ngozi-adichie","10":"tag-keywordchimamandy-ngozi-adichie","11":"tag-keywordngozi","12":"tag-keywordngozi-adichie","13":"tag-keywordpisarka","14":"tag-keywordrodzina","15":"tag-keywordsyn","16":"tag-breaking-news","17":"tag-breakingnews","18":"tag-featured-news","19":"tag-featurednews","20":"tag-headlines","21":"tag-latest-news","22":"tag-latestnews","23":"tag-maintrue","24":"tag-naglowki","25":"tag-najwazniejsze-artykuly","26":"tag-news","27":"tag-pl","28":"tag-poland","29":"tag-polish","30":"tag-polska","31":"tag-polski","32":"tag-top-stories","33":"tag-topstories","34":"tag-wiadomosci"},"share_on_mastodon":{"url":"https:\/\/pubeurope.com\/@pl\/115860666306017014","error":""},"_links":{"self":[{"href":"https:\/\/www.europesays.com\/pl\/wp-json\/wp\/v2\/posts\/194267","targetHints":{"allow":["GET"]}}],"collection":[{"href":"https:\/\/www.europesays.com\/pl\/wp-json\/wp\/v2\/posts"}],"about":[{"href":"https:\/\/www.europesays.com\/pl\/wp-json\/wp\/v2\/types\/post"}],"author":[{"embeddable":true,"href":"https:\/\/www.europesays.com\/pl\/wp-json\/wp\/v2\/users\/2"}],"replies":[{"embeddable":true,"href":"https:\/\/www.europesays.com\/pl\/wp-json\/wp\/v2\/comments?post=194267"}],"version-history":[{"count":0,"href":"https:\/\/www.europesays.com\/pl\/wp-json\/wp\/v2\/posts\/194267\/revisions"}],"wp:featuredmedia":[{"embeddable":true,"href":"https:\/\/www.europesays.com\/pl\/wp-json\/wp\/v2\/media\/194268"}],"wp:attachment":[{"href":"https:\/\/www.europesays.com\/pl\/wp-json\/wp\/v2\/media?parent=194267"}],"wp:term":[{"taxonomy":"category","embeddable":true,"href":"https:\/\/www.europesays.com\/pl\/wp-json\/wp\/v2\/categories?post=194267"},{"taxonomy":"post_tag","embeddable":true,"href":"https:\/\/www.europesays.com\/pl\/wp-json\/wp\/v2\/tags?post=194267"}],"curies":[{"name":"wp","href":"https:\/\/api.w.org\/{rel}","templated":true}]}}