{"id":194273,"date":"2026-01-08T17:32:09","date_gmt":"2026-01-08T17:32:09","guid":{"rendered":"https:\/\/www.europesays.com\/pl\/194273\/"},"modified":"2026-01-08T17:32:09","modified_gmt":"2026-01-08T17:32:09","slug":"trendy-2026-ten-garnitur-znow-bedzie-na-topie-tak-nosi-go-katarzyna-cichopek","status":"publish","type":"post","link":"https:\/\/www.europesays.com\/pl\/194273\/","title":{"rendered":"Trendy 2026. Ten garnitur zn\u00f3w b\u0119dzie na topie. Tak nosi go Katarzyna Cichopek"},"content":{"rendered":"<p>Spis tre\u015bci:<\/p>\n<ol style=\"counter-reset:list-counter\" class=\"typography ids-typeset-body ids-typeset-body--preset-large list ids-list ids-list--ordered ids-list--size-large ids-list--marker-decimalLeadingZero \">\n<li class=\"ids-list-item\">\n<p>Ten garnitur w 2026 zn\u00f3w b\u0119dzie na topie. Katarzyna Cichopek ju\u017c nosi<\/p>\n<\/li>\n<li class=\"ids-list-item\">\n<p>Uk\u0142on w stron\u0119 power dressingu<\/p>\n<\/li>\n<\/ol>\n<p class=\"typography ids-typeset-body ids-typeset-body--preset-large link paragraph ids-paragraph ids-paragraph--default\">Katarzyna Cichopek od dawna inspiruje swoimi modowymi wyborami. Chocia\u017c gwiazda najcz\u0119\u015bciej stawia na sukienki, to w jej szafie wa\u017cne miejsce zajmuj\u0105 r\u00f3wnie\u017c garnitury. Prezenterka halo tu polsat doskonale wie, \u017ce s\u0105 \u015bwietn\u0105 alternatyw\u0105 dla eleganckiej kreacji, a dodatki nadaj\u0105 im odpowiedniego charakteru &#8211; casualowego lub eleganckiego.<\/p>\n<p>Ten garnitur w 2026 zn\u00f3w b\u0119dzie na topie. Katarzyna Cichopek ju\u017c nosi<\/p>\n<p class=\"typography ids-typeset-body ids-typeset-body--preset-large link paragraph ids-paragraph ids-paragraph--default\">Cichopek do tej pory wybiera\u0142a modele w kolorze r\u00f3\u017cowym, czerwonym lub bia\u0142ym. Tym razem gwiazda postawi\u0142a na elegancj\u0119 w ka\u017cdym calu. Za\u0142o\u017cy\u0142a granatowy garnitur w subtelne pr\u0105\u017cki, kt\u00f3re nieco &#8222;prze\u0142ama\u0142y&#8221; zbyt formalny charakter.<\/p>\n<p class=\"typography ids-typeset-body ids-typeset-body--preset-large link paragraph ids-paragraph ids-paragraph--default\">Prezenterka wybra\u0142a te\u017c fason, kt\u00f3ry w 2026 roku b\u0119dzie na topie. Mowa o garniturze oversize sk\u0142adaj\u0105cym si\u0119 z marynarki z szerokimi ramionami i spodniami o lu\u017anym kroju.<\/p>\n<p class=\"typography ids-typeset-body ids-typeset-body--preset-large link paragraph ids-paragraph ids-paragraph--default\">W przypadku Cichopek, ca\u0142y look w ryzach trzyma dwurz\u0119dowa marynarka zapinana na z\u0142ote guziki. Ten drobny detal podkre\u015bla tali\u0119 i sprawia, \u017ce stylizacja jest bardzo kobieca. Gwiazda dobra\u0142a do niej z\u0142ot\u0105 bi\u017cuteri\u0119 (w oczy rzuca si\u0119 przede wszystkim masywna z\u0142ota bransoleta) i czarne buty. To gotowy przepis na udany look, niezale\u017cnie od sytuacji.<\/p>\n<p><img decoding=\"async\" class=\"ids-image-holder__img\" loading=\"lazy\" alt=\"Kobieta w granatowym garniturze w delikatne pr\u0105\u017cki stoi na tle dekoracyjnej czerwonej grafiki z napisem 2020. U\u015bmiechni\u0119ta, z ciemnymi w\u0142osami, pozuje w elegancki spos\u00f3b na jasnej pod\u0142odze.\" title=\"Katarzyna Cichopek w modnym garniturze\" width=\"1000\" height=\"1500\" src=\"https:\/\/www.europesays.com\/pl\/wp-content\/uploads\/2026\/01\/000M5X2ZTUUP26P1-C125-F4.webp.webp\"\/><\/p>\n<p>Katarzyna Cichopek w modnym garniturzeAKPAAKPA<\/p>\n<p>Uk\u0142on w stron\u0119 power dressingu<\/p>\n<p class=\"typography ids-typeset-body ids-typeset-body--preset-large link paragraph ids-paragraph ids-paragraph--default\">Styl ten pokocha\u0142y najwi\u0119ksze gwiazdy, w tym m.in. Hailey Bieber, Anja Rubik, Ashley Graham, czy Jenna Ortega. Trudno si\u0119 dziwi\u0107 &#8211; wsp\u00f3\u0142cze\u015bnie mo\u017cna z nim eksperymentowa\u0107 i stawia\u0107 na jego &#8222;lu\u017aniejsz\u0105&#8221; ods\u0142on\u0119.<\/p>\n<p class=\"typography ids-typeset-body ids-typeset-body--preset-large link paragraph ids-paragraph ids-paragraph--default\">Pocz\u0105tkowo wspomniany styl czerpa\u0142 inspiracje z bardziej konserwatywnych wp\u0142yw\u00f3w &#8211; nawi\u0105zywa\u0142 do m\u0119skiej garderoby. Dlatego kobiety nosi\u0142y w\u00f3wczas szyte na miar\u0119 garnitury, koszule, swetry z golfem, spodnie z wysokim stanem, marynarki czy sp\u00f3dnice do kolan.<\/p>\n<p class=\"typography ids-typeset-body ids-typeset-body--preset-large link paragraph ids-paragraph ids-paragraph--default\">Obecnie tego typu stylizacje maj\u0105 przede wszystkim pomaga\u0107 wyra\u017ca\u0107 pewno\u015b\u0107 siebie i profesjonalizm. Na topie s\u0105 zw\u0142aszcza lu\u017aniejsze fasony ubra\u0144, kt\u00f3re nie tylko subtelnie podkre\u015blaj\u0105 sylwetk\u0119, ale s\u0105 r\u00f3wnocze\u015bnie wygodne.<\/p>\n<p class=\"typography ids-typeset-body ids-typeset-body--preset-large link paragraph ids-paragraph ids-paragraph--default\">Zainspiruj si\u0119 mod\u0105, kt\u00f3ra \u0142\u0105czy wygod\u0119 z elegancj\u0105 i pozwala wyrazi\u0107 tw\u00f3j indywidualny styl. Przegl\u0105daj sezonowe must-have i sprawdzone pomys\u0142y na outfity, kt\u00f3re przyci\u0105gn\u0105 spojrzenia. Wi\u0119cej na\u00a0<a href=\"https:\/\/kobieta.interia.pl\/moda\" target=\"_blank\" rel=\"nofollow noopener\">kobieta.interia.pl\/moda<\/a><\/p>\n<p><a href=\"https:\/\/kobieta.interia.pl\/moda\" target=\"_blank\" rel=\"noreferrer nofollow noopener\"><img decoding=\"async\" class=\"ids-image-holder__img\" loading=\"lazy\" alt=\"Stylowa kobieta w modnym ubraniu, z zielon\u0105 czapk\u0105, okularami przeciws\u0142onecznymi, kolorow\u0105 kurtk\u0105 i jasnymi spodniami, siedzi wygodnie na czerwonym fotelu na tle przeszklonego tarasu.\" title=\"Stylowe inspiracje, kt\u00f3re odmieni\u0105 ka\u017cdy look\" width=\"851\" height=\"315\" src=\"https:\/\/www.europesays.com\/pl\/wp-content\/uploads\/2026\/01\/000LULK1S7OSXE5H-C323-F4.webp.webp\"\/><\/a><\/p>\n<p>Stylowe inspiracje, kt\u00f3re odmieni\u0105 ka\u017cdy lookCanva ProINTERIA.PL<\/p>\n<p>Jak dobra\u0107 idealn\u0105 czapk\u0119? Stylistka ma na to prosty patentPolsatPolsat<\/p>\n<p><a class=\"ids-undecorated-link source ids-page-info--source__link\" href=\"https:\/\/www.interia.pl\" rel=\"nofollow noopener\" target=\"_blank\"><img decoding=\"async\" class=\"ids-image-holder__img\" loading=\"lazy\" alt=\"\" title=\"\" height=\"24px\" src=\"https:\/\/www.europesays.com\/pl\/wp-content\/uploads\/2026\/01\/1767782590_880_0009A60QQ5I2TYF7-C202-F4.webp.webp\"\/><\/a><\/p>\n<p>Masz sugestie, uwagi albo widzisz b\u0142\u0105d? Napisz do nas<\/p>\n","protected":false},"excerpt":{"rendered":"Spis tre\u015bci: Ten garnitur w 2026 zn\u00f3w b\u0119dzie na topie. Katarzyna Cichopek ju\u017c nosi Uk\u0142on w stron\u0119 power&hellip;\n","protected":false},"author":2,"featured_media":165131,"comment_status":"","ping_status":"","sticky":false,"template":"","format":"standard","meta":{"footnotes":""},"categories":[22],"tags":[122,42,38,40,39,41,123],"class_list":{"0":"post-194273","1":"post","2":"type-post","3":"status-publish","4":"format-standard","5":"has-post-thumbnail","7":"category-rozrywka","8":"tag-entertainment","9":"tag-pl","10":"tag-poland","11":"tag-polish","12":"tag-polska","13":"tag-polski","14":"tag-rozrywka"},"share_on_mastodon":{"url":"https:\/\/pubeurope.com\/@pl\/115860677948860414","error":""},"_links":{"self":[{"href":"https:\/\/www.europesays.com\/pl\/wp-json\/wp\/v2\/posts\/194273","targetHints":{"allow":["GET"]}}],"collection":[{"href":"https:\/\/www.europesays.com\/pl\/wp-json\/wp\/v2\/posts"}],"about":[{"href":"https:\/\/www.europesays.com\/pl\/wp-json\/wp\/v2\/types\/post"}],"author":[{"embeddable":true,"href":"https:\/\/www.europesays.com\/pl\/wp-json\/wp\/v2\/users\/2"}],"replies":[{"embeddable":true,"href":"https:\/\/www.europesays.com\/pl\/wp-json\/wp\/v2\/comments?post=194273"}],"version-history":[{"count":0,"href":"https:\/\/www.europesays.com\/pl\/wp-json\/wp\/v2\/posts\/194273\/revisions"}],"wp:featuredmedia":[{"embeddable":true,"href":"https:\/\/www.europesays.com\/pl\/wp-json\/wp\/v2\/media\/165131"}],"wp:attachment":[{"href":"https:\/\/www.europesays.com\/pl\/wp-json\/wp\/v2\/media?parent=194273"}],"wp:term":[{"taxonomy":"category","embeddable":true,"href":"https:\/\/www.europesays.com\/pl\/wp-json\/wp\/v2\/categories?post=194273"},{"taxonomy":"post_tag","embeddable":true,"href":"https:\/\/www.europesays.com\/pl\/wp-json\/wp\/v2\/tags?post=194273"}],"curies":[{"name":"wp","href":"https:\/\/api.w.org\/{rel}","templated":true}]}}