{"id":194278,"date":"2026-01-08T17:35:07","date_gmt":"2026-01-08T17:35:07","guid":{"rendered":"https:\/\/www.europesays.com\/pl\/194278\/"},"modified":"2026-01-08T17:35:07","modified_gmt":"2026-01-08T17:35:07","slug":"usa-zajely-statek-z-tzw-floty-cieni-trump-moze-dostrzegl-ze-putin-go-kiwa","status":"publish","type":"post","link":"https:\/\/www.europesays.com\/pl\/194278\/","title":{"rendered":"USA zaj\u0119\u0142y statek z tzw. floty cieni. &#8222;Trump mo\u017ce dostrzeg\u0142, \u017ce Putin go kiwa&#8221;"},"content":{"rendered":"<p class=\"ods-c-paragraph \">Si\u0142y ameryka\u0144skie wesz\u0142y na pok\u0142ad tankowca <a href=\"https:\/\/wiadomosci.onet.pl\/swiat\/poscig-za-tankowcem-sily-usa-weszly-na-poklad-statku-z-flaga-rosji\/kzb36d9\" id=\"a31edddf-69ab-40af-a877-1bc58857d81b\" rel=\"nofollow noopener\" target=\"_blank\">Bella-1 powi\u0105zanego z Wenezuel\u0105<\/a>. Po\u015bcig si\u0142 ameryka\u0144skich za statkiem trwa\u0142 od dw\u00f3ch tygodni. 31 grudnia statek zmieni\u0142 nazw\u0119 z Bella-1 na Marinera i zosta\u0142 zarejestrowany jako rosyjska jednostka. Za\u0142oga tankowca namalowa\u0142a flag\u0119 Rosji na burcie i rozpocz\u0119\u0142a ucieczk\u0119 z rejonu Karaib\u00f3w na p\u00f3\u0142nocny Atlantyk.<\/p>\n<p>Dalszy ci\u0105g artyku\u0142u pod materia\u0142em wideo<\/p>\n<p> Dlaczego USA zaj\u0119\u0142y statek z floty cieni? <\/p>\n<p> Jakie s\u0105 powody zaj\u0119cia tankowca Bella-1? <\/p>\n<p> Co komentuje prof. Pacek na temat dzia\u0142a\u0144 Trumpa? <\/p>\n<p> Jakie znaczenie maj\u0105 statki z floty cieni dla Kremla? <\/p>\n<p class=\"ods-c-paragraph \">Wcze\u015bniej tankowiec p\u0142ywa\u0142 pod fa\u0142szyw\u0105 bander\u0105 Panamy i przypisywano go do tzw. rosyjskiej floty cieni, kt\u00f3r\u0105 Kreml wykorzystuje, aby omija\u0107 sankcje.<\/p>\n<p class=\"ods-c-paragraph \">\u2014 Zdecydowanie ten ruch jest wywieraniem presji na Rosj\u0119, bo dzi\u015b ka\u017cdy statek z tej floty cieni jest dla Kremla na wag\u0119 z\u0142ota, to s\u0105 konkretne pieni\u0105dze. A \u017ce 2\/3 tej floty ju\u017c zosta\u0142o wyeliminowane sankcjami, jakie\u015b 500 z 700-800 statk\u00f3w, to te, kt\u00f3re pozosta\u0142y, staj\u0105 si\u0119 tym cenniejsze \u2014 m\u00f3wi Onetowi<a href=\"https:\/\/wiadomosci.onet.pl\/tylko-w-onecie\/general-ostrzega-przed-rozmowa-donalda-trumpa-z-wladimirem-putinem-mowi-tez-o-polsce\/b5l8j1w\" id=\"d26bdaff-0848-45c8-8c14-8bc9d6dcc64b\" rel=\"nofollow noopener\" target=\"_blank\"> prof. Bogus\u0142aw Pacek, genera\u0142 dywizji w stanie spoczynku, dyrektor Muzeum Wojska Polskiego w Warszawie<\/a>. <\/p>\n<p class=\"ods-c-paragraph \">\u2014 Trump ma taki spos\u00f3b dzia\u0142ania, \u017ce ta presja jest jego nieod\u0142\u0105cznym elementem, podobnie jak nieprzewidywalno\u015b\u0107. Bo on cz\u0119sto bardzo mocno wistuje w stosunkach z innymi krajami, bywa, \u017ce s\u0105 to tylko deklaracje, z kt\u00f3rych si\u0119 potem wycofuje, ale niekiedy pokazuje, \u017ce potrafi te\u017c uk\u0105si\u0107 i to bole\u015bnie \u2014 wyja\u015bnia.<\/p>\n<p>&#8222;Ruch po Wenezueli. Pokaza\u0107, kto tu rz\u0105dzi&#8221;<\/p>\n<p class=\"ods-c-paragraph \">Prof. Pacek podkre\u015bla, \u017ce po <a href=\"https:\/\/wiadomosci.onet.pl\/swiat\/cala-prawda-o-wenezueli-nicolas-maduro-to-tylko-czesc-wiekszej-ukladanki\/rntvh0t\" id=\"3e079e0a-3811-4d76-a9cb-8d2623a9f899\" rel=\"nofollow noopener\" target=\"_blank\">uprowadzeniu wenezuelskiego dyktatora Nicolasa Maduro<\/a> zar\u00f3wno Rosja, jak Chiny, czyli kraje maj\u0105ce \u017cywotne interesy w zasobnej w rop\u0119 Wenezueli, zareagowa\u0142y wyj\u0105tkowo spokojnie. <\/p>\n<p class=\"ods-c-paragraph \">\u2014 By\u0107 mo\u017ce w Moskwie i Pekinie liczyli, \u017ce cho\u0107 Trump porwa\u0142 Maduro, to do nich ropa i tak b\u0119dzie p\u0142yn\u0105\u0107 i nic si\u0119 nie zmieni. A na to Trump im uderzy\u0142 w tankowiec z floty cieni. Tym najpewniej by\u0142 ten ruch, \u017ceby<a href=\"https:\/\/wiadomosci.onet.pl\/swiat\/witold-jurasz-oto-powody-poparcia-polskiej-prawicy-dla-ataku-usa-na-wenezuele\/2lgkhk8\" id=\"1657777b-2187-4fa2-a25b-8f5467c2290f\" rel=\"nofollow noopener\" target=\"_blank\"> pokaza\u0107 tak Rosji, jak Chinom, kto tu rz\u0105dzi<\/a> \u2014 m\u00f3wi gen. Pacek. <\/p>\n<p class=\"ods-c-paragraph \">\u2014 I cho\u0107 strata jednego czy dw\u00f3ch statk\u00f3w \u017cadnego kraju nie zrujnuje, to jednak, o ile nast\u0105pi ci\u0105g dalszy i kolejne statki-widma b\u0119d\u0105 zajmowane, to oba kraje, czyli Chiny i Rosja ju\u017c mog\u0105 to wyra\u017anie odczu\u0107 \u2014 wskazuje. <\/p>\n<p class=\"ods-c-paragraph \">\u2014 Nic nie pomo\u017ce statkom z floty cieni, ani przetankowywanie, ani zmiana bandery, kiedy flota USA si\u0119 powa\u017cnie za nie we\u017amie \u2014 przekonuje.<\/p>\n<p>&#8222;Trump dostrzeg\u0142, \u017ce Putin go kiwa&#8221;<\/p>\n<p class=\"ods-c-paragraph \">\u2014 Wreszcie, ruch Stan\u00f3w z zaj\u0119ciem statku mo\u017ce by\u0107 sygna\u0142em, \u017ce Trump w ko\u0144cu dostrzeg\u0142, i\u017c <a href=\"https:\/\/wiadomosci.onet.pl\/swiat\/donald-trump-tlumaczy-sie-dlaczego-uwierzyl-wladimirowi-putinowi\/xn1k2b1\" id=\"4c005ff9-8671-4fe3-8933-34124824cacd\" rel=\"nofollow noopener\" target=\"_blank\">Putin go kiwa. I to kiwanie prowadzi do realizacji cel\u00f3w wy\u0142\u0105cznie Kremla<\/a>, \u017ce Ameryka nie b\u0119dzie z tego mia\u0142a nic, a Trump zostanie na lodzie \u2014 m\u00f3wi gen. Pacek. <\/p>\n<p class=\"ods-c-paragraph \">\u2014 Bo nie wida\u0107 na horyzoncie ani jakich\u015b lukratywnych biznes\u00f3w dla USA, dla Steva Witkoffa czy Jareda Kushnera, czym mia\u0142y zaowocowa\u0107 dobre stosunki z Kremlem, ani nie wida\u0107 innych korzy\u015bci dla Ameryki. Putin za\u015b robi swoje, dosta\u0142 czas i mo\u017ce si\u0119 spokojnie zbroi\u0107. Mo\u017ce wi\u0119c Trump w ko\u0144cu si\u0119 zorientowa\u0142, w ko\u0144cu dane wywiadowcze ma najlepsze na \u015bwiecie, \u017ce <a href=\"https:\/\/wiadomosci.onet.pl\/swiat\/trump-stracil-cierpliwosc-i-przejrzal-na-oczy-rosja-stoi-na-drodze-do-pokoju\/35fbq54\" id=\"b7b85e95-ec9c-424a-9cab-18e6663e24ed\" rel=\"nofollow noopener\" target=\"_blank\">zapewnienia Putina s\u0105 funta k\u0142ak\u00f3w warte<\/a>. I mo\u017ce ten ruch z flot\u0105 cieni to pierwszy krok na drodze dociskania Rosji. Oby \u2014 podsumowuje gen. Pacek.<\/p>\n","protected":false},"excerpt":{"rendered":"Si\u0142y ameryka\u0144skie wesz\u0142y na pok\u0142ad tankowca Bella-1 powi\u0105zanego z Wenezuel\u0105. Po\u015bcig si\u0142 ameryka\u0144skich za statkiem trwa\u0142 od dw\u00f3ch&hellip;\n","protected":false},"author":2,"featured_media":194279,"comment_status":"","ping_status":"","sticky":false,"template":"","format":"standard","meta":{"footnotes":""},"categories":[14],"tags":[31841,32,33,44,8110,27,34,35,28,31,48,25,3157,46,40,41,87,47,80,29,30,341,71,3008,26,408,82,83,84],"class_list":{"0":"post-194278","1":"post","2":"type-post","3":"status-publish","4":"format-standard","5":"has-post-thumbnail","7":"category-swiat","8":"tag-boguslaw_pacek","9":"tag-breaking-news","10":"tag-breakingnews","11":"tag-donald_trump","12":"tag-flota_cieni","13":"tag-headlines","14":"tag-latest-news","15":"tag-latestnews","16":"tag-naglowki","17":"tag-najwazniejsze-artykuly","18":"tag-nat_styl","19":"tag-news","20":"tag-nicolas_maduro","21":"tag-omp","22":"tag-polish","23":"tag-polski","24":"tag-rosja","25":"tag-screening_general","26":"tag-swiat","27":"tag-top-stories","28":"tag-topstories","29":"tag-tylko_w_onecie","30":"tag-usa","31":"tag-wenezuela","32":"tag-wiadomosci","33":"tag-wladimir_putin","34":"tag-world","35":"tag-world-news","36":"tag-worldnews"},"share_on_mastodon":{"url":"https:\/\/pubeurope.com\/@pl\/115860689759260319","error":""},"_links":{"self":[{"href":"https:\/\/www.europesays.com\/pl\/wp-json\/wp\/v2\/posts\/194278","targetHints":{"allow":["GET"]}}],"collection":[{"href":"https:\/\/www.europesays.com\/pl\/wp-json\/wp\/v2\/posts"}],"about":[{"href":"https:\/\/www.europesays.com\/pl\/wp-json\/wp\/v2\/types\/post"}],"author":[{"embeddable":true,"href":"https:\/\/www.europesays.com\/pl\/wp-json\/wp\/v2\/users\/2"}],"replies":[{"embeddable":true,"href":"https:\/\/www.europesays.com\/pl\/wp-json\/wp\/v2\/comments?post=194278"}],"version-history":[{"count":0,"href":"https:\/\/www.europesays.com\/pl\/wp-json\/wp\/v2\/posts\/194278\/revisions"}],"wp:featuredmedia":[{"embeddable":true,"href":"https:\/\/www.europesays.com\/pl\/wp-json\/wp\/v2\/media\/194279"}],"wp:attachment":[{"href":"https:\/\/www.europesays.com\/pl\/wp-json\/wp\/v2\/media?parent=194278"}],"wp:term":[{"taxonomy":"category","embeddable":true,"href":"https:\/\/www.europesays.com\/pl\/wp-json\/wp\/v2\/categories?post=194278"},{"taxonomy":"post_tag","embeddable":true,"href":"https:\/\/www.europesays.com\/pl\/wp-json\/wp\/v2\/tags?post=194278"}],"curies":[{"name":"wp","href":"https:\/\/api.w.org\/{rel}","templated":true}]}}