{"id":194284,"date":"2026-01-08T17:39:08","date_gmt":"2026-01-08T17:39:08","guid":{"rendered":"https:\/\/www.europesays.com\/pl\/194284\/"},"modified":"2026-01-08T17:39:08","modified_gmt":"2026-01-08T17:39:08","slug":"zaneta-rosinska-juz-nie-jest-pogodynka-dzien-dobry-tvn-kuba-wojewodzki-reaguje-2","status":"publish","type":"post","link":"https:\/\/www.europesays.com\/pl\/194284\/","title":{"rendered":"\u017baneta Rosi\u0144ska ju\u017c nie jest pogodynk\u0105 &#8222;Dzie\u0144 dobry TVN&#8221;. Kuba Wojew\u00f3dzki reaguje"},"content":{"rendered":"<p class=\"ods-c-paragraph \">Coraz wi\u0119cej zmian w<a href=\"https:\/\/plejada.pl\/temat\/dzien-dobry-tvn-program-tv\/jr9g323\" id=\"6e5c842a-75b4-4546-9132-6a9208be6fcc\" rel=\"nofollow noopener\" target=\"_blank\"> &#8222;Dzie\u0144 dobry TVN&#8221;<\/a>. W ostatnim czasie media obieg\u0142a wiadomo\u015b\u0107, \u017ce Ola Kot, po 15 latach pracy w Eska TV, przechodzi do programu. <a href=\"https:\/\/plejada.pl\/newsy\/ola-kot-odeszla-z-eska-tv-bedzie-pracowac-w-dzien-dobry-tvn\/7f4ks4x\" id=\"721ba4c2-7f71-430a-945b-ee76013ec2fb\" rel=\"nofollow noopener\" target=\"_blank\">Dziennikarka nie kry\u0142a emocji,<\/a> \u017cegnaj\u0105c si\u0119 z dotychczasow\u0105 redakcj\u0105: &#8222;To by\u0142a najtrudniejsza decyzja, z jak\u0105 przysz\u0142o mi si\u0119 zmierzy\u0107! Wyla\u0142am morze \u0142ez. Nie jest \u0142atwo opu\u015bci\u0107 miejsce, w kt\u00f3rym pracowa\u0142o si\u0119 prawie 15 lat! Montuj\u0105c, t\u0119 rolk\u0119 sp\u0142aka\u0142am si\u0119 na maksa! Koniec pewnej ery!&#8221; \u2014 napisa\u0142a w poruszaj\u0105cym wpisie.<\/p>\n<p>Dalszy ci\u0105g artyku\u0142u pod materia\u0142em wideo<\/p>\n<p> Kto do\u0142\u0105cza do zespo\u0142u Dzie\u0144 dobry TVN? <\/p>\n<p> Co Kuba Wojew\u00f3dzki powiedzia\u0142 o \u017banecie Rosi\u0144skiej? <\/p>\n<p> Kiedy \u017baneta Rosi\u0144ska zadebiutowa\u0142a w Dzie\u0144 dobry TVN? <\/p>\n<p> Z jakiego uniwersytetu pochodzi \u017baneta Rosi\u0144ska? <\/p>\n<p>  \u017baneta Rosi\u0144ska \u2014 nowe wyzwanie w roli reporterki. Kuba Wojew\u00f3dzki zareagowa\u0142<\/p>\n<p class=\"ods-c-paragraph \">To nie koniec zmian. Na oficjalnym Instagramie programu \u015bniadaniowego pojawi\u0142 si\u0119 komunikat: &#8222;Mi\u0142o nam poinformowa\u0107, \u017ce ju\u017c wkr\u00f3tce nasz\u0105 redakcyjn\u0105 kole\u017cank\u0119 \u017banet\u0119 Rosi\u0144sk\u0105 b\u0119dziemy ogl\u0105da\u0107 w nowej roli \u2014 jako reporterk\u0119 Dzie\u0144 Dobry TVN! Nowe wyzwania, nowe historie i ta sama energia. Trzymamy kciuki i czekamy na pierwsze materia\u0142y!&#8221; \u2014 czytamy w komunikacie.<\/p>\n<p class=\"ods-c-paragraph \"><a href=\"https:\/\/plejada.pl\/temat\/zaneta-rosinska\/t6c8bkb\" id=\"8a80ffb8-421b-465e-958e-fc5d8d43cb19\" rel=\"nofollow noopener\" target=\"_blank\">\u017baneta Rosi\u0144ska <\/a>jest absolwentk\u0105 dziennikarstwa i zarz\u0105dzania na Uniwersytecie im. Adama Mickiewicza w Poznaniu. Karier\u0119 rozpoczyna\u0142a w Wielkopolskiej Telewizji Kablowej WTK, gdzie prowadzi\u0142a wywiady kulturalno-rozrywkowe i prezentowa\u0142a prognozy pogody. W 2013 r. pojawi\u0142a si\u0119 w trzeciej edycji &#8222;Top Model&#8221; w TVN, bior\u0105c udzia\u0142 w castingu do programu. Od 2017 r. zwi\u0105zana by\u0142a z TVP3 Pozna\u0144, gdzie prowadzi\u0142a przegl\u0105d prasy i rozmowy z go\u015b\u0107mi. W &#8222;Dzie\u0144 dobry TVN&#8221; zadebiutowa\u0142a w sierpniu 2022 r. jako pogodynka.<\/p>\n<p class=\"ods-c-paragraph \">W kuluarach pojawiaj\u0105 si\u0119 tak\u017ce informacje dotycz\u0105ce \u017cycia prywatnego nowej dziennikarki. Wed\u0142ug nieoficjalnych doniesie\u0144 \u017baneta Rosi\u0144ska jest partnerk\u0105 <a href=\"https:\/\/plejada.pl\/temat\/kuba-wojewodzki-dziennikarz-jakub-wojewodzki\/x310yht\" id=\"1e77c6ff-314d-4b27-85c1-81b5fb9a8885\" rel=\"nofollow noopener\" target=\"_blank\">Kuby Wojew\u00f3dzkiego. <\/a>Sam prezenter w swoim talk-show zasugerowa\u0142 niedawno, \u017ce jest ju\u017c po \u015blubie, prezentuj\u0105c obr\u0105czk\u0119. Plotki wskazuj\u0105, \u017ce jego wybrank\u0105 jest w\u0142a\u015bnie reporterka, z kt\u00f3r\u0105 by\u0142 widywany publicznie \u2014 w ostatnim czasie &#8222;ma\u0142\u017ce\u0144stwo&#8221; mia\u0142o m.in. wybra\u0107 si\u0119 w podr\u00f3\u017c do Meksyku. Para, pomimo \u017ce dot\u0105d nie skomentowa\u0142a doniesie\u0144 i nie potwierdzi\u0142a oficjalnie informacji o \u015blubie, pisze o sobie w mediach spo\u0142eczno\u015bciowych &#8222;m\u0105\u017c&#8221; i &#8222;\u017cona&#8221;, a tak\u017ce komentuje wzajemnie wa\u017cne informacje z \u017cycia.<\/p>\n<p class=\"ods-c-paragraph \">Nie inaczej jest w tym przypadku. Po oficjalnym opublikowaniu postu o awansie do roli reporterki \u017banety Rosi\u0144skiej informacj\u0119 t\u0119 powieli\u0142 jej &#8222;m\u0105\u017c&#8221; Kuba Wojew\u00f3dzki.<\/p>\n<p><img decoding=\"async\" src=\"https:\/\/www.europesays.com\/pl\/wp-content\/uploads\/2026\/01\/txEk9lBaHR0cHM6Ly9vY2RuLmV1L3B1bHNjbXMvTURBXy8xMzAwMTliNTgwZWM2OTYxNWUzY2JkMDVlZWQ3YTc3My5wbmeRlQLNA.jpeg\" height=\"529\" width=\"940\" alt=\"Kuba Wojew\u00f3dzki - relacja na Instagramie\" loading=\"lazy\" class=\"ods-c-image__img ods-c-image__img--vertical\"\/><\/p>\n<p>Kuba Wojew\u00f3dzki &#8211; relacja na Instagramieinstagram.com\/kuba_wojewodzki_official\/ \/ Instagram<\/p>\n<p class=\"ods-c-paragraph \">Dzi\u0119kujemy, \u017ce przeczyta\u0142a\u015b\/e\u015b nasz artyku\u0142 do ko\u0144ca. W serwisie Plejada.pl ka\u017cdego dnia piszemy o najwa\u017cniejszych wydarzeniach show-biznesowych. B\u0105d\u017a na bie\u017c\u0105co! <a rel=\"nofollow noopener\" href=\"https:\/\/news.google.com\/publications\/CAAiEF0PeAlb7W1llpV_mwV2rL4qFAgKIhBdD3gJW-1tZZaVf5sFdqy-?hl=pl&amp;gl=PL&amp;ceid=PL%3Apl\" id=\"dded87c9-2009-4650-8122-60fb7c0beb7d\" target=\"_blank\">Obserwuj<\/a> Plejad\u0119 w Wiadomo\u015bciach Google. Odwied\u017a nas tak\u017ce na <a rel=\"nofollow noopener\" href=\"https:\/\/www.facebook.com\/plejadapl\" id=\"c3f462be-4b2e-4d28-bd8e-20ac3ac2938f\" target=\"_blank\">Facebooku<\/a>, <a rel=\"nofollow noopener\" href=\"https:\/\/www.instagram.com\/plejadapl\/\" id=\"9f3565f0-9599-4df5-83a0-f9cf0db1c221\" target=\"_blank\">Instagramie<\/a>, <a rel=\"nofollow noopener\" href=\"https:\/\/www.youtube.com\/c\/plejada\" id=\"5841c9fd-ad00-4ce9-9181-c29b710968f4\" target=\"_blank\">YouTubie<\/a> oraz <a rel=\"nofollow noopener\" href=\"https:\/\/www.tiktok.com\/@plejada_pl\" id=\"c4aaf239-7fc3-4369-8a46-b22937c32570\" target=\"_blank\">TikToku<\/a>.<\/p>\n<p class=\"ods-c-paragraph \">Chcesz podzieli\u0107 si\u0119 ciekawym newsem lub zaproponowa\u0107 temat? Skontaktuj si\u0119 z nami, pisz\u0105c maila na adres: plejada@redakcjaonet.pl.<\/p>\n<p><script async src=\"\/\/www.instagram.com\/embed.js\"><\/script><script async src=\"\/\/www.tiktok.com\/embed.js\"><\/script><\/p>\n","protected":false},"excerpt":{"rendered":"Coraz wi\u0119cej zmian w &#8222;Dzie\u0144 dobry TVN&#8221;. W ostatnim czasie media obieg\u0142a wiadomo\u015b\u0107, \u017ce Ola Kot, po 15&hellip;\n","protected":false},"author":2,"featured_media":194285,"comment_status":"","ping_status":"","sticky":false,"template":"","format":"standard","meta":{"footnotes":""},"categories":[22],"tags":[2954,122,623,48,125,46,42,38,40,39,41,123,47,32457],"class_list":{"0":"post-194284","1":"post","2":"type-post","3":"status-publish","4":"format-standard","5":"has-post-thumbnail","7":"category-rozrywka","8":"tag-dzien_dobry_tvn","9":"tag-entertainment","10":"tag-kuba_wojewodzki","11":"tag-nat_styl","12":"tag-newsy","13":"tag-omp","14":"tag-pl","15":"tag-poland","16":"tag-polish","17":"tag-polska","18":"tag-polski","19":"tag-rozrywka","20":"tag-screening_general","21":"tag-zaneta_rosinska"},"share_on_mastodon":{"url":"https:\/\/pubeurope.com\/@pl\/115860705495467202","error":""},"_links":{"self":[{"href":"https:\/\/www.europesays.com\/pl\/wp-json\/wp\/v2\/posts\/194284","targetHints":{"allow":["GET"]}}],"collection":[{"href":"https:\/\/www.europesays.com\/pl\/wp-json\/wp\/v2\/posts"}],"about":[{"href":"https:\/\/www.europesays.com\/pl\/wp-json\/wp\/v2\/types\/post"}],"author":[{"embeddable":true,"href":"https:\/\/www.europesays.com\/pl\/wp-json\/wp\/v2\/users\/2"}],"replies":[{"embeddable":true,"href":"https:\/\/www.europesays.com\/pl\/wp-json\/wp\/v2\/comments?post=194284"}],"version-history":[{"count":0,"href":"https:\/\/www.europesays.com\/pl\/wp-json\/wp\/v2\/posts\/194284\/revisions"}],"wp:featuredmedia":[{"embeddable":true,"href":"https:\/\/www.europesays.com\/pl\/wp-json\/wp\/v2\/media\/194285"}],"wp:attachment":[{"href":"https:\/\/www.europesays.com\/pl\/wp-json\/wp\/v2\/media?parent=194284"}],"wp:term":[{"taxonomy":"category","embeddable":true,"href":"https:\/\/www.europesays.com\/pl\/wp-json\/wp\/v2\/categories?post=194284"},{"taxonomy":"post_tag","embeddable":true,"href":"https:\/\/www.europesays.com\/pl\/wp-json\/wp\/v2\/tags?post=194284"}],"curies":[{"name":"wp","href":"https:\/\/api.w.org\/{rel}","templated":true}]}}