{"id":194289,"date":"2026-01-08T17:42:11","date_gmt":"2026-01-08T17:42:11","guid":{"rendered":"https:\/\/www.europesays.com\/pl\/194289\/"},"modified":"2026-01-08T17:42:11","modified_gmt":"2026-01-08T17:42:11","slug":"wazne-slowa-sikorskiego-w-paryzu-przechodzimy-do-realizacji-wiadomosci-z-kraju-i-ze-swiata-dziennik-pl","status":"publish","type":"post","link":"https:\/\/www.europesays.com\/pl\/194289\/","title":{"rendered":"Wa\u017cne s\u0142owa Sikorskiego w Pary\u017cu: Przechodzimy do realizacji &#8211; Wiadomo\u015bci z kraju i ze \u015bwiata &#8211; Dziennik.pl"},"content":{"rendered":"<ol>\n<li><a href=\"https:\/\/news.google.com\/rss\/articles\/CBMivwFBVV95cUxORWlyYWRtX1d4ZERzX2tyclBzSlp1alZza1RzVFp3dmtCbDRGcnFqYTdQaUdnS09KVVZlZ05JbEMyaDBOVXNCNUNfaXFVRmJaLXA4Q0dUbnVtVnVCR0ZMcm56WFNNc0hCWm81czRXTUlUY0dnOElSLTFub3FEVndoVGJ2eVlBZUFHdDJEdEZVQktoOVNlQ3AyUXBEWHJ2NUxRSkNnWDdVNDFlM0ZxR0hRcTFaejdlVVJmdXdwcHNjVQ?oc=5\" target=\"_blank\" rel=\"nofollow noopener\">Wa\u017cne s\u0142owa Sikorskiego w Pary\u017cu: Przechodzimy do realizacji<\/a>&nbsp;&nbsp;Wiadomo\u015bci z kraju i ze \u015bwiata &#8211; Dziennik.pl<\/li>\n<li><a href=\"https:\/\/news.google.com\/rss\/articles\/CBMinwFBVV95cUxPbl80ZHBwMlA0NEFwOGU1eHd2TldCd0hzQ09yLUhoZDJzNmp1Mm40S0ZaRlB3OFZ4d3JJcGtsYWNxMUdZZFZ1WWlZcHdzXzFlVC1NQll3cGhVWVlGbG9mRVVRaUZ1RkVSY1lzWFJSQ05aQ1lWdmFJV2ktOGxWRFhPcWJYVXlDUEwzU2Q3MEhFREpZLVlRQ2IyX05BUXpvOHM?oc=5\" target=\"_blank\" rel=\"nofollow noopener\">Wa\u017cne rozmowy w Pary\u017cu. &#8222;Przechodzimy do realizacji traktatu&#8221;<\/a>&nbsp;&nbsp;Onet Wiadomo\u015bci<\/li>\n<li><a href=\"https:\/\/news.google.com\/rss\/articles\/CBMi5gFBVV95cUxQSkpPajRxQmkwOG5ib0FKZmdYNzRqOW9McUcxMkVKYVlzVzhuTWptSUxGb3R4UkxhLTM2YmU3elN2ODl5MkgwbHl1eHBwN29oSUlOSmRxOXNxUVNobmJxMkN6V3FJMTlXel9YTUo0Z21iNXJscENvd2lhcVl5OW1CV0F5OTFUVXRQdmdzNHpUcE5yM0lHdTJxaVdCZUtkXzBNSWRlVG5zNmNWdTV0Qzh0dVJLUUhfQllrTmljT0wzMmpPVTB2bzQtWE9DbUstTjEzUTJpV0ZWcDNKb25oQnVXaUVxSHZhQdIB5gFBVV95cUxNOF9YUE9vRnRab0l2NUhFR0dvMUdUOGUyWUc5OTlsRFJzTnVsQl9VdWdOMk9FMnlDM3NaUVRRcEFRVnhpLU5pU3NsQVBkMUxEYW5fQ3NqRzZaeGM4MXdJQXBTRzh3UjFKb19sVWFhSmVLcXBBNGJPQ254YTZjRXlJN3FjbEwzVzNBOUlqbTR6RkJZczA0U216WVRfRXlvazY0Q0R5NFJraFRYdEpQR3BYUU5GeW8xUkFqRS1WS3lkMmtJZzBydEJUM0ZyQ3JNeVNnNVNPZlIwWEpyVnU2UldIVXV0aDJadw?oc=5\" target=\"_blank\" rel=\"nofollow noopener\">Tr\u00f3jk\u0105t Weimarski. Sikorski o niemieckich \u017co\u0142nierzach<\/a>&nbsp;&nbsp;DW<\/li>\n<li><a href=\"https:\/\/news.google.com\/rss\/articles\/CBMivwFBVV95cUxPM1ZmT2IxU3Rpbnk1VUo1Mmo3SnFlUms5RS0yZ0E5RG5sQ05ob1Q4NTN1QkkzZHRHLWQ0LXRaM3dNc2VodklLRERpa0RUd0U5Q2tqc1RnVUNuMlo1R1JQWEdORUlib3ViRVlTcVhWOWUzeWxFVjRuTkdFWDhVQ3JzZ1ZJc2wxaEdCWW9Ud2cyeWF5Q0d6U3A2YXk4THBlNEZtWldZNTkxZERUYWlLakxCZnNJUlNMLXVvNzNiS0xyZw?oc=5\" target=\"_blank\" rel=\"nofollow noopener\">&#8222;Finansuje machin\u0119 wojenn\u0105 Putina&#8221;. Sikorski o ropie p\u0142yn\u0105cej do Indii<\/a>&nbsp;&nbsp;Money.pl<\/li>\n<li><a href=\"https:\/\/news.google.com\/rss\/articles\/CBMirwFBVV95cUxPdXpGUFduajdhOUItMTMxLVkyRkpQUHZvS21oY3h0bWxDaUtJeE5YSWtITS1CVm43c0JGYkQzSWFiQnhZSVVvckRhSVFRYU5XYXVqWmg4Vks0ZWpqa1VIcm0zUlNrblZZWnRFUG1VMzVxQmJuLW94cUNYSmRSXzB5N3d4QmNlTllQVFo4d1JvQ1JyY3lFdnNLcmoydDEyMjc3eWtJY2tBYmotckFzUjZN?oc=5\" target=\"_blank\" rel=\"nofollow noopener\">Spotkanie ministr\u00f3w spraw zagranicznych pa\u0144stw Tr\u00f3jk\u0105ta Weimarskiego i Indii<\/a>&nbsp;&nbsp;Gov.pl<\/li>\n<\/ol>\n","protected":false},"excerpt":{"rendered":"Wa\u017cne s\u0142owa Sikorskiego w Pary\u017cu: Przechodzimy do realizacji&nbsp;&nbsp;Wiadomo\u015bci z kraju i ze \u015bwiata &#8211; Dziennik.pl Wa\u017cne rozmowy w&hellip;\n","protected":false},"author":2,"featured_media":194290,"comment_status":"","ping_status":"","sticky":false,"template":"","format":"standard","meta":{"footnotes":""},"categories":[14],"tags":[32,33,27,34,35,28,31,25,40,41,80,29,30,26,82,83,84],"class_list":{"0":"post-194289","1":"post","2":"type-post","3":"status-publish","4":"format-standard","5":"has-post-thumbnail","7":"category-swiat","8":"tag-breaking-news","9":"tag-breakingnews","10":"tag-headlines","11":"tag-latest-news","12":"tag-latestnews","13":"tag-naglowki","14":"tag-najwazniejsze-artykuly","15":"tag-news","16":"tag-polish","17":"tag-polski","18":"tag-swiat","19":"tag-top-stories","20":"tag-topstories","21":"tag-wiadomosci","22":"tag-world","23":"tag-world-news","24":"tag-worldnews"},"share_on_mastodon":{"url":"https:\/\/pubeurope.com\/@pl\/115860717283148254","error":""},"_links":{"self":[{"href":"https:\/\/www.europesays.com\/pl\/wp-json\/wp\/v2\/posts\/194289","targetHints":{"allow":["GET"]}}],"collection":[{"href":"https:\/\/www.europesays.com\/pl\/wp-json\/wp\/v2\/posts"}],"about":[{"href":"https:\/\/www.europesays.com\/pl\/wp-json\/wp\/v2\/types\/post"}],"author":[{"embeddable":true,"href":"https:\/\/www.europesays.com\/pl\/wp-json\/wp\/v2\/users\/2"}],"replies":[{"embeddable":true,"href":"https:\/\/www.europesays.com\/pl\/wp-json\/wp\/v2\/comments?post=194289"}],"version-history":[{"count":0,"href":"https:\/\/www.europesays.com\/pl\/wp-json\/wp\/v2\/posts\/194289\/revisions"}],"wp:featuredmedia":[{"embeddable":true,"href":"https:\/\/www.europesays.com\/pl\/wp-json\/wp\/v2\/media\/194290"}],"wp:attachment":[{"href":"https:\/\/www.europesays.com\/pl\/wp-json\/wp\/v2\/media?parent=194289"}],"wp:term":[{"taxonomy":"category","embeddable":true,"href":"https:\/\/www.europesays.com\/pl\/wp-json\/wp\/v2\/categories?post=194289"},{"taxonomy":"post_tag","embeddable":true,"href":"https:\/\/www.europesays.com\/pl\/wp-json\/wp\/v2\/tags?post=194289"}],"curies":[{"name":"wp","href":"https:\/\/api.w.org\/{rel}","templated":true}]}}