{"id":194311,"date":"2026-01-08T17:53:09","date_gmt":"2026-01-08T17:53:09","guid":{"rendered":"https:\/\/www.europesays.com\/pl\/194311\/"},"modified":"2026-01-08T17:53:09","modified_gmt":"2026-01-08T17:53:09","slug":"kontrowersyjna-reklama-z-tomaszem-karolakiem-zniknela-z-sieci-tyle-razy-zostala-wyemitowana","status":"publish","type":"post","link":"https:\/\/www.europesays.com\/pl\/194311\/","title":{"rendered":"Kontrowersyjna reklama z Tomaszem Karolakiem znikn\u0119\u0142a z sieci. Tyle razy zosta\u0142a wyemitowana"},"content":{"rendered":"<p class=\"Paragraph_desktopParagraph__U31Gm\">W okresie bo\u017conarodzeniowym ogromne kontrowersje wywo\u0142a\u0142a reklama piwa z udzia\u0142em Tomasza Karolaka. W spocie aktor przebrany za \u015bwi\u0119tego Miko\u0142aja popija\u0142 nap\u00f3j alkoholowy, a w tle mo\u017cna by\u0142o dostrzec choink\u0119 zbudowan\u0105 z butelek. <a href=\"https:\/\/plejada.pl\/newsy\/magdalena-biejat-nie-wytrzymala-po-reklamie-z-tomaszem-karolakiem-sa-granice\/wk8l25q\" id=\"169d2eab-9bf9-476d-819e-be713f44813c\" rel=\"nofollow noopener\" target=\"_blank\">Wiele gwiazd i polityk\u00f3w krytykowa\u0142o kampani\u0119<\/a>, a\u017c w ko\u0144cu g\u0142os zabra\u0142a przewodnicz\u0105ca KRRiT.<\/p>\n<p class=\"Paragraph_desktopParagraph__U31Gm\">&#8222;Nie ma zgody KRRiT na obraz\u0119 warto\u015bci, za\u015b dobro spo\u0142eczne podlega ochronie. Niew\u0105tpliwie pokazanie postaci \u015bw. Miko\u0142aja w negatywnym kontek\u015bcie narusza przytoczon\u0105 ustawow\u0105 norm\u0119. Jest to epatowanie brakiem szacunku, dobrego wychowania, ale i zak\u0142\u00f3canie atmosfery \u015awi\u0105t&#8221; \u2014 powiedzia\u0142a dr Agnieszka Glapiak.<\/p>\n<ul class=\"OchatFollowUps_wrapper__1ry7X\">\n<li class=\"OchatFollowUps_item__Dhyly OchatFollowUps_itemDesktop__R6aBv\">Ile razy wyemitowano reklam\u0119 Tomasza Karolaka?<\/li>\n<li class=\"OchatFollowUps_item__Dhyly OchatFollowUps_itemDesktop__R6aBv\">Dlaczego KRRiT wstrzyma\u0142a emisj\u0119 reklamy?<\/li>\n<li class=\"OchatFollowUps_item__Dhyly OchatFollowUps_itemDesktop__R6aBv\">Co studio produkcyjne powiedzia\u0142o o kontrowersyjnej reklamie?<\/li>\n<li class=\"OchatFollowUps_item__Dhyly OchatFollowUps_itemDesktop__R6aBv\">Gdzie by\u0142a emitowana kontrowersyjna reklama?<\/li>\n<\/ul>\n<p>Kontrowersyjna reklama z Tomaszem Karolakiem znikn\u0119\u0142a z sieci <\/p>\n<p class=\"Paragraph_desktopParagraph__U31Gm\">Z tego powodu KRRiT zaapelowa\u0142a do stacji telewizyjnych o zdj\u0119cie spotu z anteny. Teraz Wirtualne Media podaj\u0105, \u017ce reklama zosta\u0142a wyemitowana \u0142\u0105cznie 15 tys. 587 razy od 4 do 31 grudnia 2025 r., powo\u0142uj\u0105c si\u0119 na dane Nielsena. Pojawia\u0142a si\u0119 m.in. w TVP, TVN, Polsacie, Zoom TV, Stopklatce, AXN Spin, Biznes24, Comedy Central czy Filmbox.<\/p>\n<p class=\"Paragraph_desktopParagraph__U31Gm\">Kontrowersyjna kampania zosta\u0142a r\u00f3wnie\u017c usuni\u0119ta z kana\u0142u marki na YouTube i nie jest dost\u0119pna w mediach spo\u0142eczno\u015bciowych firmy.<\/p>\n<p class=\"Paragraph_desktopParagraph__U31Gm\">Jeszcze w ubieg\u0142ym biuro prasowe firmy Van Pur odnios\u0142o si\u0119 do decyzji KRRiT oraz afery w sieci. &#8222;Spot reklamowy pozytywnie przeszed\u0142 standardowy proces kolaudacji w stacjach TV przed dopuszczeniem do emisji, nie budz\u0105c zastrze\u017ce\u0144 natury etycznej lub prawnej&#8221; \u2014 przekaza\u0142o wspomnianemu portalowi.<\/p>\n<blockquote>\n<p class=\"Paragraph_desktopParagraph__U31Gm\">Telewizyjne spoty by\u0142y emitowane wy\u0142\u0105cznie w pa\u015bmie wieczornym, nieprzeznaczonym dla widz\u00f3w ma\u0142oletnich. W reklamie \u015bwiadomie wykorzystano konwencj\u0119 postaci w stylu &#8222;bad Santa&#8221;, kt\u00f3rej znaczenie i forma s\u0105 czytelne dla doros\u0142ych odbiorc\u00f3w<\/p>\n<\/blockquote>\n<p class=\"Paragraph_desktopParagraph__U31Gm\">&#8222;Szanujemy odczucia i opinie ka\u017cdego odbiorcy. Nasz\u0105 intencj\u0105 nie by\u0142o wywo\u0142anie dyskomfortu lub innych negatywnych uczu\u0107 u cz\u0119\u015bci odbiorc\u00f3w reklamy. Ka\u017cda taka reakcja jest dla nas wa\u017cnym sygna\u0142em i traktujemy j\u0105 z nale\u017cyt\u0105 uwag\u0105&#8221; \u2014 czytamy.<\/p>\n<p><img decoding=\"async\" class=\"Image_image__0tuHp Image_autoHeight__f2n87 \" height=\"528\" width=\"940\" src=\"https:\/\/www.europesays.com\/pl\/wp-content\/uploads\/2026\/01\/0qAk9kpTURBXy8wYjU4OTgxMjU1MTE2NjZiZGYwOTNmZGRhMTRmMWY1Zi5qcGeSlQLNA6wAwsOVAgDNAkvCw94AA6EwAaExAaEzw.jpeg\" alt=\"Tomasz Karolak\" loading=\"lazy\" \/>facebook.com\/ilonalepkowska \/ MW Media<\/p>\n<p>Tomasz Karolak<\/p>\n<p class=\"Paragraph_desktopParagraph__U31Gm\">Dzi\u0119kujemy, \u017ce przeczyta\u0142a\u015b\/e\u015b nasz artyku\u0142 do ko\u0144ca. W serwisie Plejada.pl ka\u017cdego dnia piszemy o najwa\u017cniejszych wydarzeniach show-biznesowych. B\u0105d\u017a na bie\u017c\u0105co! <a rel=\"nofollow noopener\" href=\"https:\/\/profile.google.com\/cp\/Cg0vZy8xMWJ6X19wdHBx\" id=\"11991b98-a423-4b64-8377-af6f1dcb1a81\" target=\"_blank\">Obserwuj<\/a> Plejad\u0119 w Google. Odwied\u017a nas tak\u017ce na <a rel=\"nofollow noopener\" href=\"https:\/\/www.facebook.com\/plejadapl\" id=\"cf24108e-ac98-40b6-8723-d22331486a1b\" target=\"_blank\">Facebooku<\/a>, <a rel=\"nofollow noopener\" href=\"https:\/\/www.instagram.com\/plejadapl\/\" id=\"76f5ff12-f196-436e-9c2e-bea8b5af91d2\" target=\"_blank\">Instagramie<\/a>, <a rel=\"nofollow noopener\" href=\"https:\/\/www.youtube.com\/c\/plejada\" id=\"b2a4a749-4ed8-4196-9b5c-aadc65500578\" target=\"_blank\">YouTubie<\/a> oraz <a rel=\"nofollow noopener\" href=\"https:\/\/www.tiktok.com\/@plejada_pl\" id=\"3e65e4ff-c20b-4c60-8d80-45dd4ccd0caa\" target=\"_blank\">TikToku<\/a>.<\/p>\n<p class=\"Paragraph_desktopParagraph__U31Gm\">Chcesz podzieli\u0107 si\u0119 ciekawym newsem lub zaproponowa\u0107 temat? Skontaktuj si\u0119 z nami, pisz\u0105c maila na adres: <a href=\"https:\/\/www.onet.pl\/styl-zycia\/plejada\/kontrowersyjna-reklama-z-tomaszem-karolakiem-zniknela-z-sieci-tyle-razy-zostala\/mailto:plejada@redakcjaonet.pl\" id=\"13a36db2-aeab-4663-9b0a-6cc8c3dce0df\" rel=\"nofollow noopener\" target=\"_blank\">plejada@redakcjaon<\/a><a rel=\"nofollow noopener\" href=\"https:\/\/et.pl\/\" id=\"21cd081a-0154-4534-af5c-58eb65c4fa96\" target=\"_blank\">et.pl<\/a>.<\/p>\n<p><script async src=\"\/\/www.instagram.com\/embed.js\"><\/script><script async src=\"\/\/www.tiktok.com\/embed.js\"><\/script><\/p>\n","protected":false},"excerpt":{"rendered":"W okresie bo\u017conarodzeniowym ogromne kontrowersje wywo\u0142a\u0142a reklama piwa z udzia\u0142em Tomasza Karolaka. W spocie aktor przebrany za \u015bwi\u0119tego&hellip;\n","protected":false},"author":2,"featured_media":194312,"comment_status":"","ping_status":"","sticky":false,"template":"","format":"standard","meta":{"footnotes":""},"categories":[22],"tags":[122,67,53,52,68,51,55,42,38,40,39,41,123,47,196,3423,65,50],"class_list":{"0":"post-194311","1":"post","2":"type-post","3":"status-publish","4":"format-standard","5":"has-post-thumbnail","7":"category-rozrywka","8":"tag-entertainment","9":"tag-intextvideo_splayer","10":"tag-new_header","11":"tag-onet3","12":"tag-onet3d","13":"tag-onet3d_2i","14":"tag-phx","15":"tag-pl","16":"tag-poland","17":"tag-polish","18":"tag-polska","19":"tag-polski","20":"tag-rozrywka","21":"tag-screening_general","22":"tag-styl_zycia","23":"tag-tomasz_karolak_aktor","24":"tag-update_me","25":"tag-v2021"},"share_on_mastodon":{"url":"https:\/\/pubeurope.com\/@pl\/115860760494084532","error":""},"_links":{"self":[{"href":"https:\/\/www.europesays.com\/pl\/wp-json\/wp\/v2\/posts\/194311","targetHints":{"allow":["GET"]}}],"collection":[{"href":"https:\/\/www.europesays.com\/pl\/wp-json\/wp\/v2\/posts"}],"about":[{"href":"https:\/\/www.europesays.com\/pl\/wp-json\/wp\/v2\/types\/post"}],"author":[{"embeddable":true,"href":"https:\/\/www.europesays.com\/pl\/wp-json\/wp\/v2\/users\/2"}],"replies":[{"embeddable":true,"href":"https:\/\/www.europesays.com\/pl\/wp-json\/wp\/v2\/comments?post=194311"}],"version-history":[{"count":0,"href":"https:\/\/www.europesays.com\/pl\/wp-json\/wp\/v2\/posts\/194311\/revisions"}],"wp:featuredmedia":[{"embeddable":true,"href":"https:\/\/www.europesays.com\/pl\/wp-json\/wp\/v2\/media\/194312"}],"wp:attachment":[{"href":"https:\/\/www.europesays.com\/pl\/wp-json\/wp\/v2\/media?parent=194311"}],"wp:term":[{"taxonomy":"category","embeddable":true,"href":"https:\/\/www.europesays.com\/pl\/wp-json\/wp\/v2\/categories?post=194311"},{"taxonomy":"post_tag","embeddable":true,"href":"https:\/\/www.europesays.com\/pl\/wp-json\/wp\/v2\/tags?post=194311"}],"curies":[{"name":"wp","href":"https:\/\/api.w.org\/{rel}","templated":true}]}}