{"id":194316,"date":"2026-01-08T17:56:13","date_gmt":"2026-01-08T17:56:13","guid":{"rendered":"https:\/\/www.europesays.com\/pl\/194316\/"},"modified":"2026-01-08T17:56:13","modified_gmt":"2026-01-08T17:56:13","slug":"wlascicielka-spalonego-pubu-miala-uciec-z-pieniedzmi-sa-zeznania-swiadkow","status":"publish","type":"post","link":"https:\/\/www.europesays.com\/pl\/194316\/","title":{"rendered":"W\u0142a\u015bcicielka spalonego pubu mia\u0142a uciec z pieni\u0119dzmi. S\u0105 zeznania \u015bwiadk\u00f3w"},"content":{"rendered":"<p class=\"ods-c-paragraph \">\u015awiadkowie zdarzenia wskazuj\u0105, \u017ce w\u0142a\u015bcicielka w pocz\u0105tkowej fazie po\u017caru chwyci\u0142a za kas\u0119 fiskaln\u0105 i uciek\u0142a. Wcze\u015bniej jednak wskazywa\u0142a, \u017ce zosta\u0142a ranna i mia\u0142a &#8222;lekko poparzone rami\u0119&#8221;.<\/p>\n<p>Dalszy ci\u0105g artyku\u0142u pod materia\u0142em wideo<\/p>\n<p> Kiedy mia\u0142o miejsce wybuch po\u017caru? <\/p>\n<p> Kim s\u0105 w\u0142a\u015bciciele baru Le Constellation? <\/p>\n<p> Jakie zarzuty postawiono w\u0142a\u015bcicielom baru? <\/p>\n<p> Czy w\u0142a\u015bcicielka dozna\u0142a jakichkolwiek obra\u017ce\u0144? <\/p>\n<p class=\"ods-c-paragraph \">Wed\u0142ug ustale\u0144 portalu, do tej pory \u017caden szpital ani lekarz nie wykaza\u0142 za\u015bwiadczenia o obra\u017ceniach. S\u0142owa kobiety nie s\u0105 zatem podparte \u017cadnymi dowodami.<\/p>\n<p>Po\u017car w Crans-Montana. Kamery nagra\u0142y, co zrobi\u0142a w\u0142a\u015bcicielka<\/p>\n<p class=\"ods-c-paragraph \">W noc sylwestrow\u0105 w jednym z bar\u00f3w w ekskluzywnym kurorcie narciarskim Crans-Montana w szwajcarskim kantonie Valais dosz\u0142o do eksplozji i po\u017caru. Dramat rozegra\u0142 si\u0119 w piwnicy budynku, w kt\u00f3rej ok. 200 os\u00f3b \u015bwi\u0119towa\u0142o nadej\u015bcie nowego roku. Z doniesie\u0144 szwajcarskiego portalu Blick wynika, \u017ce eksplozj\u0119 i po\u017car wywo\u0142a\u0142y \u015brodki pirotechniczne, od kt\u00f3rych zapali\u0142 si\u0119 sufit.<\/p>\n<p class=\"ods-c-paragraph \">W\u0142a\u015bcicielami baru, w kt\u00f3rym rozegra\u0142 si\u0119 dramat, s\u0105 Francuzi, Jacques i Jessica Moretti. Para kupi\u0142a lokal o nazwie Le Constellation w 2015 r. W\u0142a\u015bcicielka mia\u0142a r\u00f3wnie\u017c ucierpie\u0107 w trakcie po\u017caru \u2014 twierdzi, \u017ce dozna\u0142a oparze\u0144 ramienia. Jej m\u0105\u017c nie zosta\u0142 ranny. Nie by\u0142o go bowiem w barze w trakcie tej feralnej nocy.<\/p>\n<p class=\"ods-c-paragraph \">Szwajcarska prokuratura postawi\u0142a w\u0142a\u015bcicielom baru, obywatelom Francji trzy zarzuty: nieumy\u015blnego spowodowania \u015bmierci, nieumy\u015blnego spowodowania obra\u017ce\u0144 cia\u0142a i nieumy\u015blnego wywo\u0142ania po\u017caru. W czasie trwania \u015bledztwa w\u0142a\u015bciciele ukryli si\u0119 \u2014 podaje Blick. Z sieci znikn\u0119\u0142y r\u00f3wnie\u017c opublikowane przez nich zdj\u0119cia baru. Dziennik dotar\u0142 jednak do kilku fotografii, kt\u00f3re wskazuj\u0105, \u017ce podczas remontu w 2015 r. schody prowadz\u0105ce z baru w piwnicy na parter zosta\u0142y zw\u0119\u017cone. Z kolei d\u017awi\u0119koszczelne panele sufitowe, kt\u00f3re jako pierwsze zaj\u0119\u0142y si\u0119 ogniem, mia\u0142y by\u0107 wykonane z \u0142atwopalnego tworzywa.<\/p>\n","protected":false},"excerpt":{"rendered":"\u015awiadkowie zdarzenia wskazuj\u0105, \u017ce w\u0142a\u015bcicielka w pocz\u0105tkowej fazie po\u017caru chwyci\u0142a za kas\u0119 fiskaln\u0105 i uciek\u0142a. Wcze\u015bniej jednak wskazywa\u0142a,&hellip;\n","protected":false},"author":2,"featured_media":194317,"comment_status":"","ping_status":"","sticky":false,"template":"","format":"standard","meta":{"footnotes":""},"categories":[14],"tags":[32,33,27,34,35,28,31,48,25,46,504,40,41,2148,1627,47,80,2238,29,30,26,82,83,84],"class_list":{"0":"post-194316","1":"post","2":"type-post","3":"status-publish","4":"format-standard","5":"has-post-thumbnail","7":"category-swiat","8":"tag-breaking-news","9":"tag-breakingnews","10":"tag-headlines","11":"tag-latest-news","12":"tag-latestnews","13":"tag-naglowki","14":"tag-najwazniejsze-artykuly","15":"tag-nat_styl","16":"tag-news","17":"tag-omp","18":"tag-pieniadze","19":"tag-polish","20":"tag-polski","21":"tag-pozar","22":"tag-prokuratura","23":"tag-screening_general","24":"tag-swiat","25":"tag-szwajcaria","26":"tag-top-stories","27":"tag-topstories","28":"tag-wiadomosci","29":"tag-world","30":"tag-world-news","31":"tag-worldnews"},"share_on_mastodon":{"url":"https:\/\/pubeurope.com\/@pl\/115860772353009772","error":""},"_links":{"self":[{"href":"https:\/\/www.europesays.com\/pl\/wp-json\/wp\/v2\/posts\/194316","targetHints":{"allow":["GET"]}}],"collection":[{"href":"https:\/\/www.europesays.com\/pl\/wp-json\/wp\/v2\/posts"}],"about":[{"href":"https:\/\/www.europesays.com\/pl\/wp-json\/wp\/v2\/types\/post"}],"author":[{"embeddable":true,"href":"https:\/\/www.europesays.com\/pl\/wp-json\/wp\/v2\/users\/2"}],"replies":[{"embeddable":true,"href":"https:\/\/www.europesays.com\/pl\/wp-json\/wp\/v2\/comments?post=194316"}],"version-history":[{"count":0,"href":"https:\/\/www.europesays.com\/pl\/wp-json\/wp\/v2\/posts\/194316\/revisions"}],"wp:featuredmedia":[{"embeddable":true,"href":"https:\/\/www.europesays.com\/pl\/wp-json\/wp\/v2\/media\/194317"}],"wp:attachment":[{"href":"https:\/\/www.europesays.com\/pl\/wp-json\/wp\/v2\/media?parent=194316"}],"wp:term":[{"taxonomy":"category","embeddable":true,"href":"https:\/\/www.europesays.com\/pl\/wp-json\/wp\/v2\/categories?post=194316"},{"taxonomy":"post_tag","embeddable":true,"href":"https:\/\/www.europesays.com\/pl\/wp-json\/wp\/v2\/tags?post=194316"}],"curies":[{"name":"wp","href":"https:\/\/api.w.org\/{rel}","templated":true}]}}